{"id":205978,"date":"2023-01-09T15:53:23","date_gmt":"2023-01-09T14:53:23","guid":{"rendered":"https:\/\/www.brundisium.net\/?p=205978"},"modified":"2023-01-25T16:02:42","modified_gmt":"2023-01-25T15:02:42","slug":"si-presenta-il-prefetto-la-iacona-motivata-ed-onorata-di-lavorare-in-un-territorio-ricco-di-storia-cultura-e-tradizioni","status":"publish","type":"post","link":"https:\/\/www.brundisium.net\/index.php\/si-presenta-il-prefetto-la-iacona-motivata-ed-onorata-di-lavorare-in-un-territorio-ricco-di-storia-cultura-e-tradizioni\/","title":{"rendered":"Insediato il Prefetto La Iacona: &#8220;motivata ed onorata di lavorare in un territorio ricco di storia, cultura e tradizioni&#8221;&#8221;"},"content":{"rendered":"<p><a href=\"https:\/\/www.brundisium.net\/brun\/wp-content\/uploads\/2023\/01\/la-iacona.jpg\"><img loading=\"lazy\" decoding=\"async\" class=\"alignleft size-medium wp-image-205979\" src=\"https:\/\/www.brundisium.net\/brun\/wp-content\/uploads\/2023\/01\/la-iacona-300x174.jpg\" alt=\"\" width=\"300\" height=\"174\" srcset=\"https:\/\/www.brundisium.net\/brun\/wp-content\/uploads\/2023\/01\/la-iacona-300x174.jpg 300w, https:\/\/www.brundisium.net\/brun\/wp-content\/uploads\/2023\/01\/la-iacona.jpg 350w\" sizes=\"auto, (max-width: 300px) 100vw, 300px\" \/><\/a>Si \u00e8 insediata presso questa sede, nella mattinata odierna, la dott.ssa Michela La Iacona, nominata lo scorso 21 dicembre Prefetto di Brindisi dal Consiglio dei Ministri.<\/p>\n<p>Come primi impegni istituzionali, il Prefetto ha incontrato i vertici territoriali delle Forze dell\u2019Ordine con i quali ha potuto confrontarsi sulle preminenti problematiche in materia di ordine e sicurezza pubblica che interessano il territorio brindisino.<br \/>\nSuccessivamente, si \u00e8 recata in visita al Sindaco di Brindisi Riccardo Rossi con il quale ha avuto modo di interloquire sulle principali tematiche che connotano il Capoluogo.<\/p>\n<p>Al centro del colloquio, inevitabili sono stati i riferimenti all\u2019attuale situazione economica e sociale, alla sicurezza urbana e a tutti i progetti di sviluppo, in particolare quelli che saranno finanziati con il PNRR.<\/p>\n<p>Il Prefetto ha tenuto a sottolineare il fondamentale ruolo degli amministratori locali che sono la prima interfaccia dei cittadini con le istituzioni, auspicando, pertanto, una proficua e leale sinergia, nell\u2019ottica di favorire ogni azione finalizzata alla crescita del territorio.<br \/>\nL\u2019incontro \u00e8 avvenuto in un clima di massima cordialit\u00e0 e piena disponibilit\u00e0 alla collaborazione nell\u2019interesse esclusivo della comunit\u00e0.<\/p>\n<p>Questo il messaggio che il nuovo Prefetto ha voluto affidare ad una nota stampa:<\/p>\n<p><em>Nell\u2019assumere le funzioni di Prefetto di Brindisi desidero rivolgere un cordiale indirizzo di saluto alla Comunit\u00e0, alle Rappresentanze parlamentari e agli Amministratori locali, alle Autorit\u00e0 civili, militari e religiose, alle Forze dell\u2019Ordine e alla Magistratura.<\/em><br \/>\n<em>Un particolare saluto anche alle Organizzazioni sindacali, alle Associazioni di volontariato, ai Rappresentanti della scuola, della sanit\u00e0 e agli Organi di informazione.<\/em><\/p>\n<p><em>Sono veramente onorata di poter lavorare in questo territorio cos\u00ec ricco di storia, cultura e tradizioni e all\u2019emozione per il delicato compito che mi appresto a svolgere unisco parimenti una forte motivazione, convinta che la mia missione sar\u00e0 esclusivamente quella di lavorare, senza risparmio alcuno di energie, per il perseguimento della legalit\u00e0 e della coesione sociale.<\/em><\/p>\n<p><em>La delicata congiuntura storica in cui viviamo ci impone una profonda riflessione sulle sfide che ci attendono e, di conseguenza, sulle priorit\u00e0 da realizzare.<\/em><\/p>\n<p><em>In questo contesto, il mio impegno sar\u00e0 rivolto anzitutto al contrasto del crimine, al fine di garantire l\u2019ordine e la sicurezza pubblica e ad una mirata azione di prevenzione per salvaguardare l\u2019economia legale da ogni odioso tentativo di infiltrazione da parte delle organizzazioni malavitose.<\/em><\/p>\n<p><em>Leale collaborazione e sinergia con gli interlocutori istituzionali del territorio costituiranno le direttrici fondamentali del mio agire e con passione civile sosterr\u00f2 le legittime istanze della collettivit\u00e0, nel solco di una consolidata vocazione protesa alla cura del bene comune.<\/em><\/p>\n<p><em>Responsabilit\u00e0 ed etica professionale sono i valori in cui credo fermamente, quali indispensabili vettori per contribuire a tenere alta l\u2019immagine avanzata dello Stato e difendere con forza i principi che hanno ispirato la nostra Costituzione.<\/em><\/p>\n<p>&nbsp;<\/p>\n<p>&nbsp;<\/p>\n","protected":false},"excerpt":{"rendered":"<p>Si \u00e8 insediata presso questa sede, nella mattinata odierna, la dott.ssa Michela La Iacona, nominata lo scorso 21 dicembre Prefetto di Brindisi dal Consiglio dei Ministri. Come primi impegni istituzionali, il Prefetto ha incontrato i vertici territoriali delle Forze dell\u2019Ordine con i quali ha potuto confrontarsi sulle preminenti problematiche in materia di ordine e sicurezza pubblica che interessano il territorio brindisino. Successivamente, si \u00e8 recata in visita al Sindaco di Brindisi Riccardo Rossi con il quale ha avuto modo di interloquire sulle principali tematiche che connotano il Capoluogo. Al centro del colloquio, inevitabili sono stati i riferimenti all\u2019attuale situazione economica e sociale, alla sicurezza urbana e a tutti i progetti di sviluppo, in particolare quelli che saranno finanziati con il PNRR. Il Prefetto ha tenuto a sottolineare il fondamentale ruolo degli amministratori locali che sono la prima interfaccia dei cittadini con le istituzioni, auspicando, pertanto, una proficua e leale sinergia, nell\u2019ottica di favorire ogni azione finalizzata alla crescita del territorio. L\u2019incontro \u00e8 avvenuto in un clima di massima cordialit\u00e0 e&#8230;<\/p>\n","protected":false},"author":2,"featured_media":205980,"comment_status":"open","ping_status":"closed","sticky":false,"template":"","format":"standard","meta":{"footnotes":""},"categories":[7],"tags":[],"class_list":["post-205978","post","type-post","status-publish","format-standard","has-post-thumbnail","hentry","category-news"],"_links":{"self":[{"href":"https:\/\/www.brundisium.net\/index.php\/wp-json\/wp\/v2\/posts\/205978","targetHints":{"allow":["GET"]}}],"collection":[{"href":"https:\/\/www.brundisium.net\/index.php\/wp-json\/wp\/v2\/posts"}],"about":[{"href":"https:\/\/www.brundisium.net\/index.php\/wp-json\/wp\/v2\/types\/post"}],"author":[{"embeddable":true,"href":"https:\/\/www.brundisium.net\/index.php\/wp-json\/wp\/v2\/users\/2"}],"replies":[{"embeddable":true,"href":"https:\/\/www.brundisium.net\/index.php\/wp-json\/wp\/v2\/comments?post=205978"}],"version-history":[{"count":3,"href":"https:\/\/www.brundisium.net\/index.php\/wp-json\/wp\/v2\/posts\/205978\/revisions"}],"predecessor-version":[{"id":206006,"href":"https:\/\/www.brundisium.net\/index.php\/wp-json\/wp\/v2\/posts\/205978\/revisions\/206006"}],"wp:featuredmedia":[{"embeddable":true,"href":"https:\/\/www.brundisium.net\/index.php\/wp-json\/wp\/v2\/media\/205980"}],"wp:attachment":[{"href":"https:\/\/www.brundisium.net\/index.php\/wp-json\/wp\/v2\/media?parent=205978"}],"wp:term":[{"taxonomy":"category","embeddable":true,"href":"https:\/\/www.brundisium.net\/index.php\/wp-json\/wp\/v2\/categories?post=205978"},{"taxonomy":"post_tag","embeddable":true,"href":"https:\/\/www.brundisium.net\/index.php\/wp-json\/wp\/v2\/tags?post=205978"}],"curies":[{"name":"wp","href":"https:\/\/api.w.org\/{rel}","templated":true}]}}