{"id":206262,"date":"2023-01-20T15:18:20","date_gmt":"2023-01-20T14:18:20","guid":{"rendered":"https:\/\/www.brundisium.net\/?p=206262"},"modified":"2023-01-20T15:18:20","modified_gmt":"2023-01-20T14:18:20","slug":"celebrato-il-155-anniversario-della-fondazione-del-corpo-della-polizia-locale-le-attivita-2022","status":"publish","type":"post","link":"https:\/\/www.brundisium.net\/index.php\/celebrato-il-155-anniversario-della-fondazione-del-corpo-della-polizia-locale-le-attivita-2022\/","title":{"rendered":"Celebrato il 155\u00b0 anniversario della fondazione del Corpo della Polizia Locale: le attivit\u00e0 2022"},"content":{"rendered":"<p class=\"western\" align=\"justify\">\n<p><span style=\"color: #000000;\"><span style=\"font-size: medium;\"><span lang=\"it-IT\">Oggi, 20 gennaio 2023, si \u00e8 svolta la cerimonia presso la Cattedrale per il 155\u00b0 anniversario della fondazione del Corpo della Polizia Locale in occasione dei festeggiamenti in onore di San Sebastiano. <\/span><\/span><\/span><\/p>\n<p class=\"western\" align=\"justify\"><span style=\"font-size: medium;\">Una ricorrenza che diventa spazio di riflessione ed analisi dell\u2019operato del corpo della Polizia Locale per l\u2019anno che si \u00e8 da poco concluso. Dopo la Santa Messa officiata dall\u2019Arcivescovo Monsignor Domenico Caliandro si sono succeduti il saluto del sindaco Riccardo Rossi e l\u2019intervento del comandante Antonio Orefice.<\/span><\/p>\n<p class=\"western\" align=\"justify\">\u201c<span style=\"font-size: small;\"><span style=\"font-size: medium;\">Ringrazio le donne e gli uomini della Polizia Locale che affiancano quotidianamente il compito dell\u2019amministrazione comunale a servizio della comunit\u00e0, per il rispetto della legalit\u00e0 e il supporto nelle emergenze che il nostro tempo ci porta ad affrontare \u2013 dichiara il sindaco Riccardo Rossi -. Guidati dal comandante Orefice gli agenti non si sono mai sottratti alle responsabilit\u00e0 e ai numerosi e nuovi compiti a cui sono chiamati, come quello dell\u2019istituzione del Nucleo di Polizia giudiziaria di Brindisi a supporto della Procura che ha subito prodotto risultati nel contrasto all\u2019abusivismo. Ringrazio il comandante per le nuove sfide con cui fa crescere i suoi collaboratori e per l\u2019attenzione continua alla formazione e alle moderne tecnologie a supporto della sicurezza\u201d.<\/span><\/span><\/p>\n<p class=\"western\" align=\"justify\"><a name=\"_GoBack\"><\/a>\u201c<span style=\"font-size: small;\"><span style=\"font-size: medium;\">I festeggiamenti in onore di San Sebastiano sono sempre un momento in cui fare un bilancio di un anno di intensa attivit\u00e0 di un settore importante e prioritario per il Comune come quello della Polizia Locale. \u00c8 il lavoro pi\u00f9 prossimo ai cittadini che ci permette di monitorare il territorio, di far rispettare le regole, di garantire la sicurezza della nostra comunit\u00e0 \u2013 racconta il vice sindaco e assessore con delega alla Polizia Locale Elena Tiziana Brigante -. Ogni anno proviamo a portare delle novit\u00e0 e ad investire pur nei limiti delle possibilit\u00e0 delle risorse comunali. Per l\u2019anno 2022 cito l\u2019installazione dei photored all\u2019incrocio dei semafori dove avvengono pi\u00f9 incidenti e l\u2019avviso pubblico per le nuove assunzioni e la formazione dopo anni di una graduatoria. Tutto questo \u00e8 possibile anche grazie al dialogo continuo con il comandante Orefice con cui collaboriamo in maniera proficua e stimolante\u201d.<\/span><\/span><\/p>\n<p class=\"western\" align=\"justify\">\u201c<span style=\"font-size: small;\"><span style=\"font-size: medium;\">Agenti professionalizzati, che operino con rispetto e gentilezza: \u00e8 questo il compito che ci siamo prefissati come Polizie Locali ed \u00e8 quello su cui lavoriamo ogni giorno \u2013 dichiara il comandante Antonio Orefice, presidente del Comitato provinciale di Brindisi, durante la celebrazione di San Sebastiano -. L\u2019attivit\u00e0 di collaborazione e formazione, con iniziative che partono dal basso e si sviluppano nelle maglie della Legge quadro n. 65 e della legge regionale n.37, sono quelle che, auspichiamo, possano favorire la crescita del personale che ogni giorno si relaziona con i cittadini\u201d. <\/span><\/span><\/p>\n<p class=\"western\" align=\"justify\"><span style=\"font-size: medium;\">In particolare, nel corso del 2022, per le violazioni al Codice della strada sono stati elevati oltre 31mila verbali e, solo attraverso i photored, ne sono stati emessi 5.335. Un dato significativo soprattutto alla luce del fatto che si riferisce al periodo da agosto a dicembre e che evidenzia la necessit\u00e0 di rigore a fronte dei rischi che possono derivare da queste violazioni. Gli incidenti stradali, infatti, nel corso dell\u2019anno sono stati ben 813, di cui 7 mortali. \u00c8 stato necessario rimuovere 51 auto e 22 sono le patenti ritirate. Le richieste giunte alla Sala operative sono state 8.865 e 89 i verbali elevati dal servizio Ecologia-Ambiente in zone videosorvegliate.<\/span><\/p>\n<p class=\"western\" align=\"justify\">\u201c<span style=\"font-size: small;\"><span style=\"font-size: medium;\">Ringrazio l\u2019Amministrazione comunale di Brindisi, in particolare nelle persone del sindaco Riccardo Rossi e dell\u2019assessore Elena Tiziana Brigante \u2013 prosegue il comandante Orefice -, che nonostante le insormontabili difficolt\u00e0 finanziarie e di organico, ha tracciato un percorso di scelte basate sulla legalit\u00e0, che costituisce la pre-condizione per costruire una citt\u00e0 pi\u00f9 solida sotto il profilo civile e sociale. Un ruolo fondamentale riveste, in quest\u2019ambito, la Polizia Locale, il cui potenziamento \u2013 come dimostra l\u2019esperienza di questi ultimi anni \u2013 costituisce un vero e proprio investimento\u201d.<\/span><\/span><\/p>\n<p class=\"western\" align=\"justify\"><span style=\"font-size: medium;\">Un\u2019importante attivit\u00e0, infatti, \u00e8 stata svolta anche dal Nucleo di Polizia giudiziaria che ha sequestrato 15 alloggi occupati abusivamente ed effettuato 134 accertamenti su abitazioni comunali e di Arca Nord Salento, e 45 informative di reato. Il Nucleo Commerciale ed Annonario ha rilevato un totale di 610 violazioni amministrative che hanno portato all\u2019emissione di sanzioni per 220mila euro. <\/span><\/p>\n<p class=\"western\" align=\"justify\">\u201c<span style=\"font-size: small;\"><span style=\"font-size: medium;\">Dai vertici del governo nazionale arrivano numerose dichiarazioni inerenti la riforma della Polizia Locale: sostanzialmente una presa d\u2019atto di quanto gi\u00e0 viene espletato quotidianamente sul territorio. Ci sono, per\u00f2, segnali discordanti su come questo debba avvenire, come attribuire maggiori poteri all\u2019organo politico locale a discapito di una disciplina che, riteniamo, dovrebbe avere invece un\u2019impronta e linee guida univoche e uniformi su tutto il territorio nazionale.<\/span><\/span><\/p>\n<p class=\"western\" align=\"justify\"><span style=\"font-size: medium;\">Anche i vari disegni di legge in discussione in Parlamento evidenziano come la riforma del Titolo V della Costituzione abbia serie e concrete difficolt\u00e0 applicative, soprattutto in quest\u2019ambito. In una dialettica polarizzata tra chi auspica maggiore autonomia degli enti locali e chi vuole uno Stato centrale pi\u00f9 forte, il risultato \u00e8 un reale immobilismo che mette in difficolt\u00e0 chi opera quotidianamente.<\/span><\/p>\n<p class=\"western\" align=\"justify\"><span style=\"font-size: medium;\">Basterebbe assicurare, intanto, il potenziamento degli organici, semplicemente attenendosi a quanto le norme vigenti e, aggiungo, il buon senso richiedono: \u00e8 veramente improbo garantire i servizi che ogni giorno ci vengono richiesti con circa il 40% del personale di cui dovremmo disporre.<\/span><\/p>\n<p class=\"western\" align=\"justify\"><span style=\"font-size: medium;\">Restiamo in attesa che si concretizzino in atti normativi queste idee, esigenze e desiderata, non solo a favore della categoria, ma anche dei cittadini destinatari delle ricadute di tali aspetti organizzativi\u201d, conclude il comandante Orefice.<\/span><\/p>\n<p align=\"justify\">\n<p align=\"justify\"><a href=\"https:\/\/www.brundisium.net\/brun\/wp-content\/uploads\/2023\/01\/Sintesi-attivita-2022.pdf\">LA SINTESI DELLE ATTIVITA&#8217; NELL&#8217;ANNO 2022<\/a><\/p>\n","protected":false},"excerpt":{"rendered":"<p>Oggi, 20 gennaio 2023, si \u00e8 svolta la cerimonia presso la Cattedrale per il 155\u00b0 anniversario della fondazione del Corpo della Polizia Locale in occasione dei festeggiamenti in onore di San Sebastiano. Una ricorrenza che diventa spazio di riflessione ed analisi dell\u2019operato del corpo della Polizia Locale per l\u2019anno che si \u00e8 da poco concluso. Dopo la Santa Messa officiata dall\u2019Arcivescovo Monsignor Domenico Caliandro si sono succeduti il saluto del sindaco Riccardo Rossi e l\u2019intervento del comandante Antonio Orefice. \u201cRingrazio le donne e gli uomini della Polizia Locale che affiancano quotidianamente il compito dell\u2019amministrazione comunale a servizio della comunit\u00e0, per il rispetto della legalit\u00e0 e il supporto nelle emergenze che il nostro tempo ci porta ad affrontare \u2013 dichiara il sindaco Riccardo Rossi -. Guidati dal comandante Orefice gli agenti non si sono mai sottratti alle responsabilit\u00e0 e ai numerosi e nuovi compiti a cui sono chiamati, come quello dell\u2019istituzione del Nucleo di Polizia giudiziaria di Brindisi a supporto della Procura che ha subito prodotto risultati nel contrasto all\u2019abusivismo. Ringrazio&#8230;<\/p>\n","protected":false},"author":2,"featured_media":206269,"comment_status":"open","ping_status":"closed","sticky":false,"template":"","format":"standard","meta":{"footnotes":""},"categories":[7],"tags":[],"class_list":["post-206262","post","type-post","status-publish","format-standard","has-post-thumbnail","hentry","category-news"],"_links":{"self":[{"href":"https:\/\/www.brundisium.net\/index.php\/wp-json\/wp\/v2\/posts\/206262","targetHints":{"allow":["GET"]}}],"collection":[{"href":"https:\/\/www.brundisium.net\/index.php\/wp-json\/wp\/v2\/posts"}],"about":[{"href":"https:\/\/www.brundisium.net\/index.php\/wp-json\/wp\/v2\/types\/post"}],"author":[{"embeddable":true,"href":"https:\/\/www.brundisium.net\/index.php\/wp-json\/wp\/v2\/users\/2"}],"replies":[{"embeddable":true,"href":"https:\/\/www.brundisium.net\/index.php\/wp-json\/wp\/v2\/comments?post=206262"}],"version-history":[{"count":1,"href":"https:\/\/www.brundisium.net\/index.php\/wp-json\/wp\/v2\/posts\/206262\/revisions"}],"predecessor-version":[{"id":206277,"href":"https:\/\/www.brundisium.net\/index.php\/wp-json\/wp\/v2\/posts\/206262\/revisions\/206277"}],"wp:featuredmedia":[{"embeddable":true,"href":"https:\/\/www.brundisium.net\/index.php\/wp-json\/wp\/v2\/media\/206269"}],"wp:attachment":[{"href":"https:\/\/www.brundisium.net\/index.php\/wp-json\/wp\/v2\/media?parent=206262"}],"wp:term":[{"taxonomy":"category","embeddable":true,"href":"https:\/\/www.brundisium.net\/index.php\/wp-json\/wp\/v2\/categories?post=206262"},{"taxonomy":"post_tag","embeddable":true,"href":"https:\/\/www.brundisium.net\/index.php\/wp-json\/wp\/v2\/tags?post=206262"}],"curies":[{"name":"wp","href":"https:\/\/api.w.org\/{rel}","templated":true}]}}