{"id":206298,"date":"2023-01-21T12:25:15","date_gmt":"2023-01-21T11:25:15","guid":{"rendered":"https:\/\/www.brundisium.net\/?p=206298"},"modified":"2023-01-21T17:28:17","modified_gmt":"2023-01-21T16:28:17","slug":"i-progressisti-per-brindisi-aderiscono-al-pd-e-sostengono-la-mozione-schlein","status":"publish","type":"post","link":"https:\/\/www.brundisium.net\/index.php\/i-progressisti-per-brindisi-aderiscono-al-pd-e-sostengono-la-mozione-schlein\/","title":{"rendered":"I Progressisti per Brindisi aderiscono al PD e sostengono la mozione Schlein"},"content":{"rendered":"<p>Come avevamo gi\u00e0 scritto siamo interessati alla fase costituente del nuovo Partito Democratico con il convincimento che solo un impegno diretto possa essere determinante d\u2019utile per un ritorno ad un\u2019identit\u00e0 smarrita nel trasformismo di gruppi di potere E false questioni organizzative, Dietro le quali si nascondeva il tentativo di preservare il proprio privilegio a scapito degli ideali.<br \/>\nAbbiamo, come progressisti per brindisi, affrontato discusso le tematiche delle quattro mozioni proposte rispettivamente da Stefano Bonaccini, Paola de Micheli, Gianni Cuperlo ed Elly Schlein. E pure nelle personali diverse sensibilit\u00e0, dopo un\u2019analisi comparata delle stesse abbiamo deciso convintamente e concordemente di appoggiare la proposta della candidata Elly Schlein.<br \/>\nCome Progressisti per Brindisi aderiamo ad un programma che mette al centro della discussione temi semplici ma dove agire legati ad argomenti secondari E certe volte fastidiosamente spinosi come le disuguaglianze, la giustizia ambientale, Il lavoro.<br \/>\nLa politica, ed in particolare il PD, avrebbero dovuto anticipare le grandi trasformazioni che sconvolgono la societ\u00e0 anzich\u00e9 farsene travolgere restando ai margini della realt\u00e0 e dalla vita delle persone.<br \/>\nOggi, invece, \u00e8 indispensabile una discussione con le persone, nelle periferia, nei circoli, oggi vuoti, emarginando quel ceto politico che nella migliore delle ipotesi si \u00e8 imborghesito e che ha portato il PD a registrare, il 25 settembre scorso, una sconfitta epocale.<br \/>\nServe un PD, invece, capace di interloquire con i corpi intermedi con l\u2019autorevolezza dei suoi valori di sinistra, oggi purtroppo sbiaditi.<br \/>\nDeve rimettere al centro del proprio agire la lotta al precariato, che spesso genera infortuni sul lavoro, a volte anche mortali.<br \/>\nDeve affrontare senza tentennamenti il tema della transizione ecologica la cui mancata attuazione sta aggravando ancor di pi\u00f9 le disuguaglianze.<br \/>\nSe il PD deve ritornare a rivalutare i valori fondativi della sinistra la lotta alle ingiustizie diventa fondamentale ripartire dal basso per cambiare un modo di produrre e di vivere che produce disuguaglianze insopportabili ed ingiuste perch\u00e9 altrimenti \u201csinistra\u201d diventa una parola vuota.<br \/>\nE siamo convinti che bisogna ripartire dai giovani che oggi lamentano sempre meno fiducia nella politica in genere, traditi da partiti, e che non vedono l\u2019Italia il posto giusto per il proprio futuro. Per riconquistare la loro fiducia bisogna garantire loro l\u2019accesso alla scuola, alla cultura, l\u2019accesso al mondo del lavoro.<br \/>\nQuesti sono i temi, le sfide, che ci appassionano; perci\u00f2 abbiamo pensato che il progetto proposto da Elly Schlein sia quello che meglio focalizza le questioni per la rinascita di un partito che non abbia il timore di essere di sinistra, parola dentro la quale non c\u2019\u00e8 partigianeria ma uomini, donne, idee.<br \/>\nCi iscriveremo al Partito Democratico per partecipare all\u2019individuazione dei due candidati che parteciperanno alle primarie il 26 febbraio.<br \/>\nLo faremo on-line. Lo faremo entro il 31 gennaio come prescritto dal regolamento.<br \/>\nEd invitiamo a fare lo stesso chi, come tanti, \u00e8 ancora incerto sul futuro del PD e sulla sua capacit\u00e0 di cambiare rotta; che sono facendolo insieme possiamo riuscirci.<\/p>\n<p>&nbsp;<\/p>\n<p>Coordinamento Progressisti per Brindisi<\/p>\n","protected":false},"excerpt":{"rendered":"<p>Come avevamo gi\u00e0 scritto siamo interessati alla fase costituente del nuovo Partito Democratico con il convincimento che solo un impegno diretto possa essere determinante d\u2019utile per un ritorno ad un\u2019identit\u00e0 smarrita nel trasformismo di gruppi di potere E false questioni organizzative, Dietro le quali si nascondeva il tentativo di preservare il proprio privilegio a scapito degli ideali. Abbiamo, come progressisti per brindisi, affrontato discusso le tematiche delle quattro mozioni proposte rispettivamente da Stefano Bonaccini, Paola de Micheli, Gianni Cuperlo ed Elly Schlein. E pure nelle personali diverse sensibilit\u00e0, dopo un\u2019analisi comparata delle stesse abbiamo deciso convintamente e concordemente di appoggiare la proposta della candidata Elly Schlein. Come Progressisti per Brindisi aderiamo ad un programma che mette al centro della discussione temi semplici ma dove agire legati ad argomenti secondari E certe volte fastidiosamente spinosi come le disuguaglianze, la giustizia ambientale, Il lavoro. La politica, ed in particolare il PD, avrebbero dovuto anticipare le grandi trasformazioni che sconvolgono la societ\u00e0 anzich\u00e9 farsene travolgere restando ai margini della realt\u00e0 e dalla vita&#8230;<\/p>\n","protected":false},"author":2,"featured_media":203151,"comment_status":"open","ping_status":"closed","sticky":false,"template":"","format":"standard","meta":{"footnotes":""},"categories":[7],"tags":[],"class_list":["post-206298","post","type-post","status-publish","format-standard","has-post-thumbnail","hentry","category-news"],"_links":{"self":[{"href":"https:\/\/www.brundisium.net\/index.php\/wp-json\/wp\/v2\/posts\/206298","targetHints":{"allow":["GET"]}}],"collection":[{"href":"https:\/\/www.brundisium.net\/index.php\/wp-json\/wp\/v2\/posts"}],"about":[{"href":"https:\/\/www.brundisium.net\/index.php\/wp-json\/wp\/v2\/types\/post"}],"author":[{"embeddable":true,"href":"https:\/\/www.brundisium.net\/index.php\/wp-json\/wp\/v2\/users\/2"}],"replies":[{"embeddable":true,"href":"https:\/\/www.brundisium.net\/index.php\/wp-json\/wp\/v2\/comments?post=206298"}],"version-history":[{"count":1,"href":"https:\/\/www.brundisium.net\/index.php\/wp-json\/wp\/v2\/posts\/206298\/revisions"}],"predecessor-version":[{"id":206300,"href":"https:\/\/www.brundisium.net\/index.php\/wp-json\/wp\/v2\/posts\/206298\/revisions\/206300"}],"wp:featuredmedia":[{"embeddable":true,"href":"https:\/\/www.brundisium.net\/index.php\/wp-json\/wp\/v2\/media\/203151"}],"wp:attachment":[{"href":"https:\/\/www.brundisium.net\/index.php\/wp-json\/wp\/v2\/media?parent=206298"}],"wp:term":[{"taxonomy":"category","embeddable":true,"href":"https:\/\/www.brundisium.net\/index.php\/wp-json\/wp\/v2\/categories?post=206298"},{"taxonomy":"post_tag","embeddable":true,"href":"https:\/\/www.brundisium.net\/index.php\/wp-json\/wp\/v2\/tags?post=206298"}],"curies":[{"name":"wp","href":"https:\/\/api.w.org\/{rel}","templated":true}]}}