{"id":206403,"date":"2023-01-25T12:09:17","date_gmt":"2023-01-25T11:09:17","guid":{"rendered":"https:\/\/www.brundisium.net\/?p=206403"},"modified":"2023-01-26T12:19:15","modified_gmt":"2023-01-26T11:19:15","slug":"ammesso-a-finanziamento-il-progetto-per-la-rimozione-delle-barriere-della-biblioteca-comunale-di-francavilla-fontana","status":"publish","type":"post","link":"https:\/\/www.brundisium.net\/index.php\/ammesso-a-finanziamento-il-progetto-per-la-rimozione-delle-barriere-della-biblioteca-comunale-di-francavilla-fontana\/","title":{"rendered":"Ammesso a finanziamento il progetto per la rimozione delle barriere della Biblioteca Comunale di Francavilla Fontana"},"content":{"rendered":"<p>Una biblioteca inclusiva, capace di cogliere le sfide del contemporaneo e di rigenerare spazi finora inutilizzati. \u00c8 questo, in sintesi, il cuore del progetto da 360 mila euro per la Biblioteca Cal\u00f2 che nei giorni scorsi il Ministero della Cultura ha ammesso a finanziamento con fondi del PNRR.<\/p>\n<p>\u201cLa Biblioteca Comunale \u2013 spiega il Sindaco Antonello Denuzzo \u2013 \u00e8 al centro della vita culturale e sociale di tante ragazze e ragazzi che qui trascorrono i pomeriggi per studiare, ma anche per incontrarsi e socializzare. Grazie a questo progetto potranno farlo tutti, accedendo al patrimonio culturale pubblico e a spazi che sino a questo momento sono inaccessibili, a cominciare dal terrazzo che ospiter\u00e0 un magnifico giardino pensile. L\u2019attenzione per la disabilit\u00e0, con la redazione del PEBA, porta benefici per l\u2019intera cittadinanza che pu\u00f2 vedere valorizzati e rifunzionalizzati dei beni che, oltre ad essere patrimonio collettivo, diventano spazio di inclusione.\u201d<\/p>\n<p>Il giardino pensile sul tetto della struttura \u00e8 l\u2019immagine di copertina del progetto candidato lo scorso agosto al bando della Direzione Generale dei Musei per la rimozione delle barriere fisiche, cognitive e sensoriali. Proprio questo luogo, al momento inaccessibile a tutta l\u2019utenza, potr\u00e0 accogliere piccoli e grandi lettori alla ricerca di un angolo di verde nel cuore di Francavilla Fontana con una vista privilegiata sul centro storico della Citt\u00e0.<\/p>\n<p>Perch\u00e9 tutto questo possa avvenire \u00e8 importante apportare una serie di aggiustamenti all\u2019attuale configurazione della biblioteca. Nasce da qui l\u2019esigenza di realizzare un ascensore, abbassare le maniglie delle porte e adeguare la cartellonistica interna.<\/p>\n<p>Non solo barriere fisiche, ma anche innovazione digitale. Il processo di inclusione non pu\u00f2 prescindere dall\u2019utilizzo delle nuove tecnologie. Grazie ad un rinnovato sito internet saranno predisposte nuove sezioni con contenuti dedicati che renderanno pi\u00f9 agevole l\u2019accesso al patrimonio culturale pubblico.<\/p>\n<p>\u201cNon si tratta \u2013 conclude l\u2019Assessore Sergio Tatarano \u2013 solo dell&#8217;ennesimo finanziamento ottenuto da questa Amministrazione, ma di un progetto rivoluzionario di valorizzazione di una parte finora inutilizzata di un bene simbolico della Citt\u00e0 che diventer\u00e0 fruibile per tutta la comunit\u00e0. \u00c8 un progetto che ha visto il coinvolgimento di professionisti e di persone con svariate forme di disabilit\u00e0 in grado di aiutarci a dare una nuova vita a un bene che rester\u00e0 patrimonio della Francavilla del futuro.\u201d<\/p>\n<p>La progettualit\u00e0 \u00e8 il frutto di un lavoro partecipato che ha coinvolto direttamente la cittadinanza e le associazioni del territorio che hanno aderito all\u2019avviso pubblico promosso dall\u2019Amministrazione Comunale nel giugno scorso.<\/p>\n<p>L\u2019obiettivo di lungo periodo \u00e8 la costruzione di una rete capace di coinvolgere le realt\u00e0 che operano sul territorio, come nel caso dell\u2019UICI (Unione Italiana dei Ciechi e degli Ipovedenti), e gli organi istituzionali come il Garante e la Consulta per i diritti delle persone con disabilit\u00e0 istituiti dal Comune di Francavilla Fontana.<\/p>\n<p>Comune di Francavilla Fontana<\/p>\n","protected":false},"excerpt":{"rendered":"<p>Una biblioteca inclusiva, capace di cogliere le sfide del contemporaneo e di rigenerare spazi finora inutilizzati. \u00c8 questo, in sintesi, il cuore del progetto da 360 mila euro per la Biblioteca Cal\u00f2 che nei giorni scorsi il Ministero della Cultura ha ammesso a finanziamento con fondi del PNRR. \u201cLa Biblioteca Comunale \u2013 spiega il Sindaco Antonello Denuzzo \u2013 \u00e8 al centro della vita culturale e sociale di tante ragazze e ragazzi che qui trascorrono i pomeriggi per studiare, ma anche per incontrarsi e socializzare. Grazie a questo progetto potranno farlo tutti, accedendo al patrimonio culturale pubblico e a spazi che sino a questo momento sono inaccessibili, a cominciare dal terrazzo che ospiter\u00e0 un magnifico giardino pensile. L\u2019attenzione per la disabilit\u00e0, con la redazione del PEBA, porta benefici per l\u2019intera cittadinanza che pu\u00f2 vedere valorizzati e rifunzionalizzati dei beni che, oltre ad essere patrimonio collettivo, diventano spazio di inclusione.\u201d Il giardino pensile sul tetto della struttura \u00e8 l\u2019immagine di copertina del progetto candidato lo scorso agosto al bando della Direzione Generale&#8230;<\/p>\n","protected":false},"author":2,"featured_media":206408,"comment_status":"open","ping_status":"closed","sticky":false,"template":"","format":"standard","meta":{"footnotes":""},"categories":[7],"tags":[],"class_list":["post-206403","post","type-post","status-publish","format-standard","has-post-thumbnail","hentry","category-news"],"_links":{"self":[{"href":"https:\/\/www.brundisium.net\/index.php\/wp-json\/wp\/v2\/posts\/206403","targetHints":{"allow":["GET"]}}],"collection":[{"href":"https:\/\/www.brundisium.net\/index.php\/wp-json\/wp\/v2\/posts"}],"about":[{"href":"https:\/\/www.brundisium.net\/index.php\/wp-json\/wp\/v2\/types\/post"}],"author":[{"embeddable":true,"href":"https:\/\/www.brundisium.net\/index.php\/wp-json\/wp\/v2\/users\/2"}],"replies":[{"embeddable":true,"href":"https:\/\/www.brundisium.net\/index.php\/wp-json\/wp\/v2\/comments?post=206403"}],"version-history":[{"count":1,"href":"https:\/\/www.brundisium.net\/index.php\/wp-json\/wp\/v2\/posts\/206403\/revisions"}],"predecessor-version":[{"id":206409,"href":"https:\/\/www.brundisium.net\/index.php\/wp-json\/wp\/v2\/posts\/206403\/revisions\/206409"}],"wp:featuredmedia":[{"embeddable":true,"href":"https:\/\/www.brundisium.net\/index.php\/wp-json\/wp\/v2\/media\/206408"}],"wp:attachment":[{"href":"https:\/\/www.brundisium.net\/index.php\/wp-json\/wp\/v2\/media?parent=206403"}],"wp:term":[{"taxonomy":"category","embeddable":true,"href":"https:\/\/www.brundisium.net\/index.php\/wp-json\/wp\/v2\/categories?post=206403"},{"taxonomy":"post_tag","embeddable":true,"href":"https:\/\/www.brundisium.net\/index.php\/wp-json\/wp\/v2\/tags?post=206403"}],"curies":[{"name":"wp","href":"https:\/\/api.w.org\/{rel}","templated":true}]}}