{"id":206794,"date":"2023-02-07T10:28:26","date_gmt":"2023-02-07T09:28:26","guid":{"rendered":"https:\/\/www.brundisium.net\/?p=206794"},"modified":"2023-02-07T15:40:31","modified_gmt":"2023-02-07T14:40:31","slug":"elezioni-oria-caroli-con-proto-e-un-serio-programma-il-centrodestra-punta-a-vincere","status":"publish","type":"post","link":"https:\/\/www.brundisium.net\/index.php\/elezioni-oria-caroli-con-proto-e-un-serio-programma-il-centrodestra-punta-a-vincere\/","title":{"rendered":"Elezioni Oria, Caroli: &#8220;con Proto e un serio programma il centrodestra punta a vincere&#8221;"},"content":{"rendered":"<p><em>Di seguito la dichiarazione del consigliere regionale e coordinatore provinciale fdi Brindisi, Luigi Caroli.<\/em><\/p>\n<p>&nbsp;<\/p>\n<p>\u201cSar\u00e0 Antonio Proto il candidato sindaco individuato dal centrodestra per vincere la sfida delle prossime Amministrative a Oria, che per la prima volta si svolgeranno con il sistema maggioritario, senza doppio turno, e con una sola lista per candidato sindaco. Questo perch\u00e9 la popolazione \u00e8 scesa sotto i 15mila abitanti.<\/p>\n<p>\u201cLa coalizione ha scelto di puntare sulla competenza amministrativa, Proto \u00e8 un consigliere comunale uscente di Fratelli d\u2019Italia, ma anche sul suo lato umano e sociale, Proto \u00e8 molto inserito nel tessuto sociale del territorio, \u00e8 un medico di base molto apprezzato dalla sua comunit\u00e0 della quale ora vuole prendersi cura anche come sindaco. Un professionista serio, cos\u00ec come \u00e8 serio il programma che il centrodestra con lui intende proporre ai cittadini per voltare pagina e ridare ad Oria una nuova storia. Quella che merita, come ha sottolineato, conoscendo Proto, il coordinatore regionale di FdI, il sottosegretario Marcello Gemmato.<\/p>\n<p>\u201cCon lo stesso spirito di unit\u00e0 Fratelli d\u2019Italia \u00e8 al lavoro per trovare candidati sindaci che a Brindisi, Carovigno e Francavilla possano rappresentare il centrodestra.\u201d<\/p>\n","protected":false},"excerpt":{"rendered":"<p>Di seguito la dichiarazione del consigliere regionale e coordinatore provinciale fdi Brindisi, Luigi Caroli. &nbsp; \u201cSar\u00e0 Antonio Proto il candidato sindaco individuato dal centrodestra per vincere la sfida delle prossime Amministrative a Oria, che per la prima volta si svolgeranno con il sistema maggioritario, senza doppio turno, e con una sola lista per candidato sindaco. Questo perch\u00e9 la popolazione \u00e8 scesa sotto i 15mila abitanti. \u201cLa coalizione ha scelto di puntare sulla competenza amministrativa, Proto \u00e8 un consigliere comunale uscente di Fratelli d\u2019Italia, ma anche sul suo lato umano e sociale, Proto \u00e8 molto inserito nel tessuto sociale del territorio, \u00e8 un medico di base molto apprezzato dalla sua comunit\u00e0 della quale ora vuole prendersi cura anche come sindaco. Un professionista serio, cos\u00ec come \u00e8 serio il programma che il centrodestra con lui intende proporre ai cittadini per voltare pagina e ridare ad Oria una nuova storia. Quella che merita, come ha sottolineato, conoscendo Proto, il coordinatore regionale di FdI, il sottosegretario Marcello Gemmato. \u201cCon lo stesso spirito di unit\u00e0&#8230;<\/p>\n","protected":false},"author":2,"featured_media":206801,"comment_status":"open","ping_status":"closed","sticky":false,"template":"","format":"standard","meta":{"footnotes":""},"categories":[7],"tags":[],"class_list":["post-206794","post","type-post","status-publish","format-standard","has-post-thumbnail","hentry","category-news"],"_links":{"self":[{"href":"https:\/\/www.brundisium.net\/index.php\/wp-json\/wp\/v2\/posts\/206794","targetHints":{"allow":["GET"]}}],"collection":[{"href":"https:\/\/www.brundisium.net\/index.php\/wp-json\/wp\/v2\/posts"}],"about":[{"href":"https:\/\/www.brundisium.net\/index.php\/wp-json\/wp\/v2\/types\/post"}],"author":[{"embeddable":true,"href":"https:\/\/www.brundisium.net\/index.php\/wp-json\/wp\/v2\/users\/2"}],"replies":[{"embeddable":true,"href":"https:\/\/www.brundisium.net\/index.php\/wp-json\/wp\/v2\/comments?post=206794"}],"version-history":[{"count":1,"href":"https:\/\/www.brundisium.net\/index.php\/wp-json\/wp\/v2\/posts\/206794\/revisions"}],"predecessor-version":[{"id":206804,"href":"https:\/\/www.brundisium.net\/index.php\/wp-json\/wp\/v2\/posts\/206794\/revisions\/206804"}],"wp:featuredmedia":[{"embeddable":true,"href":"https:\/\/www.brundisium.net\/index.php\/wp-json\/wp\/v2\/media\/206801"}],"wp:attachment":[{"href":"https:\/\/www.brundisium.net\/index.php\/wp-json\/wp\/v2\/media?parent=206794"}],"wp:term":[{"taxonomy":"category","embeddable":true,"href":"https:\/\/www.brundisium.net\/index.php\/wp-json\/wp\/v2\/categories?post=206794"},{"taxonomy":"post_tag","embeddable":true,"href":"https:\/\/www.brundisium.net\/index.php\/wp-json\/wp\/v2\/tags?post=206794"}],"curies":[{"name":"wp","href":"https:\/\/api.w.org\/{rel}","templated":true}]}}