{"id":206827,"date":"2023-02-08T17:29:57","date_gmt":"2023-02-08T16:29:57","guid":{"rendered":"https:\/\/www.brundisium.net\/?p=206827"},"modified":"2023-02-16T14:52:50","modified_gmt":"2023-02-16T13:52:50","slug":"cerimonia-di-insediamento-del-nuovo-vescovo-tutti-i-divieti-di-sosta-e-transito-in-vigore-per-venerdi-10-febbraio","status":"publish","type":"post","link":"https:\/\/www.brundisium.net\/index.php\/cerimonia-di-insediamento-del-nuovo-vescovo-tutti-i-divieti-di-sosta-e-transito-in-vigore-per-venerdi-10-febbraio\/","title":{"rendered":"Cerimonia di insediamento del nuovo Vescovo: tutti i divieti di sosta e transito in vigore per Venerdi 10 Febbraio"},"content":{"rendered":"<p><a href=\"https:\/\/www.brundisium.net\/brun\/wp-content\/uploads\/2023\/02\/Insediamento-mons-intini.jpg\"><img loading=\"lazy\" decoding=\"async\" class=\"alignleft size-medium wp-image-206663\" src=\"https:\/\/www.brundisium.net\/brun\/wp-content\/uploads\/2023\/02\/Insediamento-mons-intini-209x300.jpg\" alt=\"\" width=\"209\" height=\"300\" srcset=\"https:\/\/www.brundisium.net\/brun\/wp-content\/uploads\/2023\/02\/Insediamento-mons-intini-209x300.jpg 209w, https:\/\/www.brundisium.net\/brun\/wp-content\/uploads\/2023\/02\/Insediamento-mons-intini-713x1024.jpg 713w, https:\/\/www.brundisium.net\/brun\/wp-content\/uploads\/2023\/02\/Insediamento-mons-intini-768x1104.jpg 768w, https:\/\/www.brundisium.net\/brun\/wp-content\/uploads\/2023\/02\/Insediamento-mons-intini.jpg 1002w\" sizes=\"auto, (max-width: 209px) 100vw, 209px\" \/><\/a>Venerd\u00ec 10 febbraio 2023, alle ore 18.00, una celebrazione eucaristica nella Basilica cattedrale di Brindisi segner\u00e0 l\u2019inizio del Ministero Pastorale di S.E. mons. Giovanni Intini, nuovo vescovo dell&#8217;Arcidiocesi di Brindisi-Ostuni.<\/p>\n<p>L\u2019accesso nella Basilica Cattedrale sar\u00e0 consentito sino all\u2019esaurimento posti.<\/p>\n<p>Sar\u00e0 possibile prendere parte alla celebrazione anche dalla Chiesa di S. Paolo Eremita (vico de Vavotici).<\/p>\n<p>La Celebrazione sar\u00e0 trasmessa su Teledehon (canale 19 del digitale terrestre).<\/p>\n<p>&nbsp;<\/p>\n<p><strong>DISPOSIZIONI VIABILIT\u00c0 IN CENTRO IN OCCASIONE DELLA CERIMONIA DI INSEDIAMENTO<\/strong><\/p>\n<p><a href=\"https:\/\/www.brundisium.net\/brun\/wp-content\/uploads\/2023\/02\/mappa_viabilita_10.02.23.jpeg\"><img loading=\"lazy\" decoding=\"async\" class=\"size-medium wp-image-206831 alignright\" src=\"https:\/\/www.brundisium.net\/brun\/wp-content\/uploads\/2023\/02\/mappa_viabilita_10.02.23-300x300.jpeg\" alt=\"\" width=\"300\" height=\"300\" srcset=\"https:\/\/www.brundisium.net\/brun\/wp-content\/uploads\/2023\/02\/mappa_viabilita_10.02.23-300x300.jpeg 300w, https:\/\/www.brundisium.net\/brun\/wp-content\/uploads\/2023\/02\/mappa_viabilita_10.02.23-1024x1024.jpeg 1024w, https:\/\/www.brundisium.net\/brun\/wp-content\/uploads\/2023\/02\/mappa_viabilita_10.02.23-150x150.jpeg 150w, https:\/\/www.brundisium.net\/brun\/wp-content\/uploads\/2023\/02\/mappa_viabilita_10.02.23-768x768.jpeg 768w, https:\/\/www.brundisium.net\/brun\/wp-content\/uploads\/2023\/02\/mappa_viabilita_10.02.23-1536x1536.jpeg 1536w, https:\/\/www.brundisium.net\/brun\/wp-content\/uploads\/2023\/02\/mappa_viabilita_10.02.23-600x600.jpeg 600w, https:\/\/www.brundisium.net\/brun\/wp-content\/uploads\/2023\/02\/mappa_viabilita_10.02.23-1500x1500.jpeg 1500w, https:\/\/www.brundisium.net\/brun\/wp-content\/uploads\/2023\/02\/mappa_viabilita_10.02.23-60x60.jpeg 60w, https:\/\/www.brundisium.net\/brun\/wp-content\/uploads\/2023\/02\/mappa_viabilita_10.02.23.jpeg 1600w\" sizes=\"auto, (max-width: 300px) 100vw, 300px\" \/><\/a>Per ragioni di sicurezza inerenti lo svolgimento della manifestazione di insediamento in Diocesi del nuovo Arcivescovo, che si terr\u00e0 il 10 febbraio 2023, sono stati disposti con ordinanza dirigenziale i seguenti provvedimenti relativi alla viabilit\u00e0 nel centro della citt\u00e0:<\/p>\n<p>\u25cf dalle ore 8 sino a cessate esigenze: il divieto di sosta a tutti i veicoli su entrambi i lati con rimozione degli stessi su via Tarantini, via De Leo, piazzale Lenio Flacco, scuola Salvemini (perimetro interno) e piazza Santa Teresa;<br \/>\n\u25cf dalle ore 15 sino a cessate esigenze: chiusura al transito di via Santi, via Palma, via Duomo (a partire dall\u2019intersezione con via Casimiro fino a vico Seminario), piazza Santa Teresa, via Santabarbara (dall\u2019intersezione con via G. M. Moricino fino a piazza Dante\/via Tarantini), eccetto gli autorizzati, anche in possesso di pass, diversamente abili, nonch\u00e9 i residenti delle medesime vie;<br \/>\n\u25cf dalle ore 15 sino a cessate esigenze: chiusura al transito anche ai residenti di piazza Duomo, via Duomo (dall\u2019intersezione con vico Seminario), via Tarantini (dall\u2019intersezione con vico De\u2019 Ranieri), vico De\u2019 Moricino, vico De\u2019 Dominicis, eccetto i diversamente abili e gli autorizzati in possesso di pass al solo scopo di raggiungere le aree di parcheggio riservate.<\/p>\n<p>Restano esclusi dal presente provvedimento i veicoli delle Forze dell\u2019Ordine, dei mezzi di Soccorso, dei diversamente abili e degli autorizzati muniti di apposito pass.<\/p>\n<p>&nbsp;<\/p>\n<p><strong>Curriculum vitae del nuovo Arcivescovo<\/strong><\/p>\n<p>Nato il: 28-12-1965<\/p>\n<p>Ordinato Presbitero il: 29-06-1990<\/p>\n<p>Consacrato Vescovo il: 22 febbraio 2017<\/p>\n<p>Nato il 28 dicembre 1965 a Gioia del Colle, in provincia di Bari, nella diocesi di Conversano-Monopoli. Conseguita la Maturit\u00e0 scientifica, \u00e8 entrato nel Pontificio Seminario Regionale Pio XI di Molfetta ove ha conseguito il Baccalaureato in Teologia. \u00c8 stato ordinato sacerdote il 29 giugno 1990, incardinandosi nella diocesi di Conversano-Monopoli. Dopo l\u2019ordinazione sacerdotale \u00e8 stato: Vicario parrocchiale della Basilica Cattedrale di Conversano e Padre Spirituale nel Seminario Minore (1990-1995), Animatore presso il Seminario Regionale di Molfetta (1995-1998), Rettore del Seminario Minore di Conversano (1998-2007), Parroco della Chiesa Matrice Maria SS.ma della Nativit\u00e0 in Noci (2007-2008), Padre Spirituale del Seminario Regionale di Molfetta (2008-2014). \u00c8 stato inoltre Docente di Religione Cattolica, Assistente Unitario diocesano di Azione Cattolica e Direttore del Centro Regionale Vocazioni. Dal 2014 \u00e8 stato Arciprete della Concattedrale Maria SS.ma della Madia di Monopoli e Vicario Zonale del Centro Storico, nonch\u00e9 Delegato Vescovile per la Formazione permanente del clero, dei sacerdoti giovani e dei diaconi permanenti. \u00c8 stato Membro del Consiglio Presbiterale e del Collegio dei Consultori. Eletto vescovo della Diocesi di Tricarico il 7 dicembre 2016. Ordinato vescovo il 22 febbraio 2017. Ingresso nella Diocesi di Tricarico il 18 marzo 2017.<\/p>\n<p>In data 9 dicembre 2022, il Santo Padre Papa Francesco lo ha nominato Arcivescovo di Brindisi-Ostuni.<\/p>\n<p>&nbsp;<\/p>\n<p><strong><a href=\"https:\/\/www.brundisium.net\/brun\/wp-content\/uploads\/2022\/12\/Giovanni-Intini-e1670601337725.jpg\"><img loading=\"lazy\" decoding=\"async\" class=\"size-medium wp-image-205381 alignright\" src=\"https:\/\/www.brundisium.net\/brun\/wp-content\/uploads\/2022\/12\/Giovanni-Intini-e1670601337725-300x176.jpg\" alt=\"\" width=\"300\" height=\"176\" srcset=\"https:\/\/www.brundisium.net\/brun\/wp-content\/uploads\/2022\/12\/Giovanni-Intini-e1670601337725-300x176.jpg 300w, https:\/\/www.brundisium.net\/brun\/wp-content\/uploads\/2022\/12\/Giovanni-Intini-e1670601337725.jpg 720w\" sizes=\"auto, (max-width: 300px) 100vw, 300px\" \/><\/a>Il messaggio alla nostra diocesi del nuovo Arcivescovo nel giorno della sua elezione<\/strong><br \/>\nCarissimi fratelli e sorelle della santa Chiesa di Dio, che \u00e8 in Brindisi-Ostuni, pace e benedizione da Dio Padre e dal Signore Ges\u00f9 Cristo, nello Spirito Santo!<\/p>\n<p>Col cuore inquieto per questa nuova chiamata del Signore, che mi \u00e8 giunta attraverso il discernimento del Santo Padre Francesco, a cui va la mia filiale riconoscenza, scrivo a voi come a un popolo di fratelli e sorelle, gi\u00e0 divenuti familiari.<\/p>\n<p>Desidero rivolgere il mio filiale saluto a Sua Eccellenza Reverendissima Mons. Domenico Caliandro, che ha guidato con paterna fermezza la diocesi, e adesso mi passa il testimone del servizio episcopale.<\/p>\n<p>Saluto con filiale ammirazione Sua Eccellenza Reverendissima Mons. Settimio Todisco, che continua a offrire la sua vita per il bene del popolo di Dio che ha servito con zelo apostolico; il mio pensiero fraterno va ai due vescovi figli di questa diocesi: Sua Eccellenza Mons. Giuseppe Satriano, Arcivescovo Metropolita di Bari-Bitonto e Sua Eccellenza Mons.Fabio Collaro, Vescovo di Cerignola- Ascoli Satriano.<\/p>\n<p>Con affetto di predilezione, porgo il mio saluto ai sacerdoti, primi collaboratori del vescovo nella missione pastorale, con loro saluto i religiosi e le religiose, i diaconi permanenti, i giovani seminaristi e tutti i fedeli laici, corresponsabili nella missione della chiesa. In questo tempo di cammino sinodale, emerge chiara una verit\u00e0 antica e sempre nuova, ma non sempre interiorizzata e cio\u00e8 che tutto il popolo di Dio \u00e8 soggetto attivo della missione della Chiesa.<\/p>\n<p>Il tempo che viviamo, caratterizzato da luci e ombre e da un chiaro cambiamento d\u2019epoca, non ammette uno stile di passiva conservazione dell\u2019esistente, perch\u00e9 questo alimenterebbe in noi credenti nostalgie da museo. Quello che viviamo \u00e8 un tempo che ci chiede il coraggio di osare nella creativit\u00e0 profetica del vangelo, per avviare un serio cambiamento di rotta nella vita personale, ecclesiale e sociale. Dall\u2019Eucarestia e dalla Parola di vita \u00e8 necessario attingere quella energia che deve portare ciascuno di noi, secondo la sua specifica vocazione, ad essere una missione. Pi\u00f9 che avere una missione da compiere, quasi come dovere, abbiamo bisogno di essere una missione con tutta la nostra vita, che non pu\u00f2 conoscere spazi privati, dedicati ai tanti fermenti di egoismo antievangelico, portatori sani di compromessi che ci consegnano a una testimonianza cristiana solo formale.<\/p>\n<p>Porgo il mio saluto alle autorit\u00e0 civili e militari del territorio diocesano, fin da ora manifesto la mia disponibilit\u00e0 a collaborare, pur nella distinzione dei propri ruoli, per far crescere il bene comune, come fondamento solido, in grado di orientare scelte ispirate alla dignit\u00e0 della persona, al giusto sostegno delle famiglie, a un lavoro dignitoso e onesto, alla tutela dell\u2019ambiente, come casa comune da custodire come dono di Dio.<\/p>\n<p>L\u2019approdo sulle rive della nostra diocesi di Brindisi-Ostuni significa per me, distacco dalla cara diocesi di Tricarico, cantiere familiare, in cui ho mosso i primi passi del mio servizio episcopale e che sempre avr\u00e0 un posto nel mio cuore.<\/p>\n<p>Carissimi fratelli e sorelle, vengo a voi con l\u2019unica pretesa di voler essere artigiano di comunione, secondo il vangelo, per continuare a credere fermamente che \u201cLui deve crescere; io, invece, diminuire.\u201d (Gv 3,30). Vi chiedo soltanto di pregare per me, come io da oggi far\u00f2 per voi, in attesa di poter incontrare i vostri volti, le vostre storie, le vostre ansie e le vostre gioie, e iniziare il cammino al vostro fianco, in compagnia del Cristo risorto e sono certo che anche a noi, come ai due discepoli di Emmaus, arder\u00e0 il cuore e avremo l\u2019entusiasmo per ripartire con passo spedito verso la missione che lo Spirito ci indica.<\/p>\n<p>La Vergine Maria, madre di Dio e della Chiesa, ci insegni a vivere il tempo nella operosa responsabilit\u00e0, nella creativa premura e della cura fraterna, i Santi patroni Leucio e Oronzo intercedano dal cielo per questo nuovo cammino di chiesa.<\/p>\n<p>Vi saluto con affetto fraterno e invoco su di voi la benedizione del Signore!<\/p>\n<p>Tricarico, 9 dicembre 2022<\/p>\n<p>+ Giovanni<\/p>\n<p>Arcivescovo eletto di Brindisi-Ostuni<\/p>\n<p><strong>Lo stemma e il motto episcopale del nuovo Arcivescovo<\/strong><br \/>\n<a href=\"https:\/\/www.brundisium.net\/brun\/wp-content\/uploads\/2023\/02\/mons-giovanni-intini-simbolo-araldico.jpg\"><img loading=\"lazy\" decoding=\"async\" class=\"alignleft size-medium wp-image-206667\" src=\"https:\/\/www.brundisium.net\/brun\/wp-content\/uploads\/2023\/02\/mons-giovanni-intini-simbolo-araldico-243x300.jpg\" alt=\"\" width=\"243\" height=\"300\" srcset=\"https:\/\/www.brundisium.net\/brun\/wp-content\/uploads\/2023\/02\/mons-giovanni-intini-simbolo-araldico-243x300.jpg 243w, https:\/\/www.brundisium.net\/brun\/wp-content\/uploads\/2023\/02\/mons-giovanni-intini-simbolo-araldico.jpg 550w\" sizes=\"auto, (max-width: 243px) 100vw, 243px\" \/><\/a>Lo stemma composto da mons. Giovanni Intini condensa in s\u00e9 molte accezioni e rimandi. Lo smalto scelto per il campo principale dello scudo \u00e8 d\u2019azzurro nella tonalit\u00e0 cobalto; \u00e8 il colore per eccellenza del cielo e dell\u2019infinito: \u00e8 anche un omaggio a Sua Santit\u00e0 papa Francesco che lo ha eletto e che lo usa nel suo blasone.<\/p>\n<p>Tre le figure scelte. Nella posizione pi\u00f9 nobile, cos\u00ec come previsto dalle leggi araldiche, la figura dell\u2019agnello attraversato dalla croce gigliata, verosimilmente richiama al legame con la chiesa locale che ha generato in Mons. Giovanni Intini la fede e la vocazione. Bellissime e molto evocative delle radici territoriali le figure scelte poste al di sopra dello scaglione. A sinistra brilla la \u201cstella del mattino\u201d argentea ad otto punte: secondo la tradizione araldica, \u00e8 il simbolo per eccellenza della devozione alla Beata Vergine Maria. A destra invece, sempre in argento, la conchiglia. \u00c8 il simbolo per eccellenza dei santi pellegrini. Impossibile non pensare al confessore della Carit\u00e0, san Rocco di Montpellier, cos\u00ec caro alla terra d\u2019origine di mons. Giovanni Intini essendo venerato e amatissimo compatrono di Noci.<\/p>\n<p>Infine il cartiglio dove \u00e8 inscritta la prima parte del versetto trentesimo, del capitolo terzo, del Vangelo di Giovanni: \u00abIllum oportet crescere\u00bb, \u201cEgli deve crescere\u201d, e la crescita nella relazione con Dio \u00e8 l\u2019augurio pi\u00f9 grande che tutta la comunit\u00e0 diocesana dedica al neo arcivescovo.<\/p>\n<p>&nbsp;<\/p>\n<p>&nbsp;<\/p>\n","protected":false},"excerpt":{"rendered":"<p>Venerd\u00ec 10 febbraio 2023, alle ore 18.00, una celebrazione eucaristica nella Basilica cattedrale di Brindisi segner\u00e0 l\u2019inizio del Ministero Pastorale di S.E. mons. Giovanni Intini, nuovo vescovo dell&#8217;Arcidiocesi di Brindisi-Ostuni. L\u2019accesso nella Basilica Cattedrale sar\u00e0 consentito sino all\u2019esaurimento posti. Sar\u00e0 possibile prendere parte alla celebrazione anche dalla Chiesa di S. Paolo Eremita (vico de Vavotici). La Celebrazione sar\u00e0 trasmessa su Teledehon (canale 19 del digitale terrestre). &nbsp; DISPOSIZIONI VIABILIT\u00c0 IN CENTRO IN OCCASIONE DELLA CERIMONIA DI INSEDIAMENTO Per ragioni di sicurezza inerenti lo svolgimento della manifestazione di insediamento in Diocesi del nuovo Arcivescovo, che si terr\u00e0 il 10 febbraio 2023, sono stati disposti con ordinanza dirigenziale i seguenti provvedimenti relativi alla viabilit\u00e0 nel centro della citt\u00e0: \u25cf dalle ore 8 sino a cessate esigenze: il divieto di sosta a tutti i veicoli su entrambi i lati con rimozione degli stessi su via Tarantini, via De Leo, piazzale Lenio Flacco, scuola Salvemini (perimetro interno) e piazza Santa Teresa; \u25cf dalle ore 15 sino a cessate esigenze: chiusura al transito di via&#8230;<\/p>\n","protected":false},"author":2,"featured_media":206831,"comment_status":"open","ping_status":"closed","sticky":false,"template":"","format":"standard","meta":{"footnotes":""},"categories":[7],"tags":[],"class_list":["post-206827","post","type-post","status-publish","format-standard","has-post-thumbnail","hentry","category-news"],"_links":{"self":[{"href":"https:\/\/www.brundisium.net\/index.php\/wp-json\/wp\/v2\/posts\/206827","targetHints":{"allow":["GET"]}}],"collection":[{"href":"https:\/\/www.brundisium.net\/index.php\/wp-json\/wp\/v2\/posts"}],"about":[{"href":"https:\/\/www.brundisium.net\/index.php\/wp-json\/wp\/v2\/types\/post"}],"author":[{"embeddable":true,"href":"https:\/\/www.brundisium.net\/index.php\/wp-json\/wp\/v2\/users\/2"}],"replies":[{"embeddable":true,"href":"https:\/\/www.brundisium.net\/index.php\/wp-json\/wp\/v2\/comments?post=206827"}],"version-history":[{"count":1,"href":"https:\/\/www.brundisium.net\/index.php\/wp-json\/wp\/v2\/posts\/206827\/revisions"}],"predecessor-version":[{"id":206832,"href":"https:\/\/www.brundisium.net\/index.php\/wp-json\/wp\/v2\/posts\/206827\/revisions\/206832"}],"wp:featuredmedia":[{"embeddable":true,"href":"https:\/\/www.brundisium.net\/index.php\/wp-json\/wp\/v2\/media\/206831"}],"wp:attachment":[{"href":"https:\/\/www.brundisium.net\/index.php\/wp-json\/wp\/v2\/media?parent=206827"}],"wp:term":[{"taxonomy":"category","embeddable":true,"href":"https:\/\/www.brundisium.net\/index.php\/wp-json\/wp\/v2\/categories?post=206827"},{"taxonomy":"post_tag","embeddable":true,"href":"https:\/\/www.brundisium.net\/index.php\/wp-json\/wp\/v2\/tags?post=206827"}],"curies":[{"name":"wp","href":"https:\/\/api.w.org\/{rel}","templated":true}]}}