{"id":206851,"date":"2023-02-10T15:54:15","date_gmt":"2023-02-10T14:54:15","guid":{"rendered":"https:\/\/www.brundisium.net\/?p=206851"},"modified":"2023-02-10T15:54:15","modified_gmt":"2023-02-10T14:54:15","slug":"crisi-dema-e-dar-rossi-incontra-mise-prioritario-salvaguardare-tutti-i-posti-di-lavoro","status":"publish","type":"post","link":"https:\/\/www.brundisium.net\/index.php\/crisi-dema-e-dar-rossi-incontra-mise-prioritario-salvaguardare-tutti-i-posti-di-lavoro\/","title":{"rendered":"Crisi Dema e Dar, Rossi incontra MiSE: &#8220;prioritario salvaguardare tutti i posti di lavoro&#8221;"},"content":{"rendered":"<p>\u201cHo partecipato al vertice in videoconferenza convocato dal Ministero dello Sviluppo economico in merito al gruppo Dema e alla vertenza che riguarda anche i lavoratori di Brindisi di Dema e Dar. Ho rappresentato che siamo ormai fuori tempo massimo quindi \u00e8 urgente fare chiarezza. Vogliamo conoscere i piani industriali del gruppo di societ\u00e0 che deve tenere insieme tutte le realt\u00e0 produttive che insistono su Brindisi. <\/p>\n<p>Durante l\u2019incontro abbiamo appreso che ci sono due manifestazioni d\u2019interesse da parte di altre aziende che vorrebbero rilevare le societ\u00e0, e anche a riguardo vorremmo conoscere le intenzioni di Dema, se intende proseguire, dismettere o aderire alla vendita. In quest\u2019ultimo caso vogliamo conoscere i conseguenti piani industriali delle nuove aziende acquirenti per assicurarci che il destino delle realt\u00e0 produttive di Brindisi sia un tema prioritario per la salvaguardia di tutti i posti di lavoro\u201d, racconta il sindaco Riccardo Rossi.<\/p>\n","protected":false},"excerpt":{"rendered":"<p>\u201cHo partecipato al vertice in videoconferenza convocato dal Ministero dello Sviluppo economico in merito al gruppo Dema e alla vertenza che riguarda anche i lavoratori di Brindisi di Dema e Dar. Ho rappresentato che siamo ormai fuori tempo massimo quindi \u00e8 urgente fare chiarezza. Vogliamo conoscere i piani industriali del gruppo di societ\u00e0 che deve tenere insieme tutte le realt\u00e0 produttive che insistono su Brindisi. Durante l\u2019incontro abbiamo appreso che ci sono due manifestazioni d\u2019interesse da parte di altre aziende che vorrebbero rilevare le societ\u00e0, e anche a riguardo vorremmo conoscere le intenzioni di Dema, se intende proseguire, dismettere o aderire alla vendita. In quest\u2019ultimo caso vogliamo conoscere i conseguenti piani industriali delle nuove aziende acquirenti per assicurarci che il destino delle realt\u00e0 produttive di Brindisi sia un tema prioritario per la salvaguardia di tutti i posti di lavoro\u201d, racconta il sindaco Riccardo Rossi.<\/p>\n","protected":false},"author":2,"featured_media":206854,"comment_status":"open","ping_status":"closed","sticky":false,"template":"","format":"standard","meta":{"footnotes":""},"categories":[7],"tags":[],"class_list":["post-206851","post","type-post","status-publish","format-standard","has-post-thumbnail","hentry","category-news"],"_links":{"self":[{"href":"https:\/\/www.brundisium.net\/index.php\/wp-json\/wp\/v2\/posts\/206851","targetHints":{"allow":["GET"]}}],"collection":[{"href":"https:\/\/www.brundisium.net\/index.php\/wp-json\/wp\/v2\/posts"}],"about":[{"href":"https:\/\/www.brundisium.net\/index.php\/wp-json\/wp\/v2\/types\/post"}],"author":[{"embeddable":true,"href":"https:\/\/www.brundisium.net\/index.php\/wp-json\/wp\/v2\/users\/2"}],"replies":[{"embeddable":true,"href":"https:\/\/www.brundisium.net\/index.php\/wp-json\/wp\/v2\/comments?post=206851"}],"version-history":[{"count":1,"href":"https:\/\/www.brundisium.net\/index.php\/wp-json\/wp\/v2\/posts\/206851\/revisions"}],"predecessor-version":[{"id":206855,"href":"https:\/\/www.brundisium.net\/index.php\/wp-json\/wp\/v2\/posts\/206851\/revisions\/206855"}],"wp:featuredmedia":[{"embeddable":true,"href":"https:\/\/www.brundisium.net\/index.php\/wp-json\/wp\/v2\/media\/206854"}],"wp:attachment":[{"href":"https:\/\/www.brundisium.net\/index.php\/wp-json\/wp\/v2\/media?parent=206851"}],"wp:term":[{"taxonomy":"category","embeddable":true,"href":"https:\/\/www.brundisium.net\/index.php\/wp-json\/wp\/v2\/categories?post=206851"},{"taxonomy":"post_tag","embeddable":true,"href":"https:\/\/www.brundisium.net\/index.php\/wp-json\/wp\/v2\/tags?post=206851"}],"curies":[{"name":"wp","href":"https:\/\/api.w.org\/{rel}","templated":true}]}}