{"id":206918,"date":"2023-02-18T22:34:37","date_gmt":"2023-02-18T21:34:37","guid":{"rendered":"https:\/\/www.brundisium.net\/?p=206918"},"modified":"2023-02-18T22:34:37","modified_gmt":"2023-02-18T21:34:37","slug":"il-pd-di-brindisi-dopo-il-congresso-pronti-ad-essere-parte-attiva-per-un-campo-largo-che-includa-tutte-forze-progressiste","status":"publish","type":"post","link":"https:\/\/www.brundisium.net\/index.php\/il-pd-di-brindisi-dopo-il-congresso-pronti-ad-essere-parte-attiva-per-un-campo-largo-che-includa-tutte-forze-progressiste\/","title":{"rendered":"Il PD di Brindisi dopo il congresso: &#8220;pronti ad essere parte attiva per un campo largo che includa tutte forze progressiste&#8221;"},"content":{"rendered":"<p><a href=\"https:\/\/www.brundisium.net\/brun\/wp-content\/uploads\/2023\/02\/primarie-pd.jpeg\"><img loading=\"lazy\" decoding=\"async\" class=\"alignleft size-medium wp-image-206958\" src=\"https:\/\/www.brundisium.net\/brun\/wp-content\/uploads\/2023\/02\/primarie-pd-210x300.jpeg\" alt=\"\" width=\"210\" height=\"300\" srcset=\"https:\/\/www.brundisium.net\/brun\/wp-content\/uploads\/2023\/02\/primarie-pd-210x300.jpeg 210w, https:\/\/www.brundisium.net\/brun\/wp-content\/uploads\/2023\/02\/primarie-pd.jpeg 716w\" sizes=\"auto, (max-width: 210px) 100vw, 210px\" \/><\/a>Il Circolo del Partito Democratico di Brindisi ha svolto, la scorsa settimana, il proprio congresso che ha evidenziato una buona partecipazione da parte degli iscritti i quali, anche a fronte di due diversi appuntamenti tenuti in fase organizzativa, hanno avuto modo di confrontarsi su temi e prospettive che riguardano il futuro del partito nel capoluogo.<\/p>\n<p>Lo spirito unitario, nella forma e nella sostanza, ha caratterizzato ogni decisione che, partendo dal rispetto delle diverse posizioni e sensibilit\u00e0, ha portato ad affrontare ogni tema con la medesima e comune volont\u00e0 di fare il bene della citt\u00e0. Con lo stesso spirito \u00e8 stato possibile comporre gli organismi direttivi; anche in questo caso le decisioni sono state unitarie e condivise. Gi\u00e0 nella giornata del 16 febbraio, infatti, si \u00e8 svolta la prima riunione del Direttivo di circolo nella sua nuova composizione.<\/p>\n<p>\u00c8 stato affrontato il tema del congresso nazionale in relazione all\u2019importanza della partecipazione alle Primarie del prossimo 26 febbraio, che a Brindisi si terranno presso l\u2019auditorium del Polo BiblioMuseale in viale Commenda, per la scelta del segretario o della segretaria nazionale con protagonisti Stefano Bonaccini ed Elly Schlein, come concreto momento di apertura democratica alla cittadinanza. Al centro della riunione anche le ormai prossime elezioni amministrative a Brindisi: i membri del Direttivo hanno condiviso la necessit\u00e0 di avviare un confronto approfondito sulle tematiche che dovranno essere al centro dell\u2019appuntamento elettorale e, al contempo, quella di avviare le trattative per allargare il tavolo del centrosinistra a tutte le forze che si riconoscono nei valori e nel campo progressista. Quest\u2019ultimo punto, in particolare, partendo dai temi, dai programmi e dalla visione di citt\u00e0 caratterizzer\u00e0 prioritariamente l\u2019attivit\u00e0 politica amministrativa del circolo Pd di Brindisi.<\/p>\n<p>Per questo la proposta di lavorare ad un campo largo che includa tutte forze progressiste fatta dal coordinatore provinciale del Movimento 5 stelle Salvatore Giuliano \u00e8 fortemente sostenuta anche dal Partito Democratico di Brindisi. Siamo in piena sintonia con la necessit\u00e0 di aprire un confronto per condividere proposte programmatiche che abbiano al centro l\u2019interesse generale della comunit\u00e0 brindisina e che ripercorrano temi centrali come la sostenibilit\u00e0 in ogni campo ambientale, industriale, economico. Allargare il perimetro della coalizione a tutte le forze progressiste presenti nello scenario politico e amministrativo cittadino \u00e8 un dovere morale ed \u00e8 un segnale di responsabilit\u00e0 e maturit\u00e0 politica che tutta la nostra comunit\u00e0 si aspetta.<\/p>\n<p>Il Partito Democratico di Brindisi \u00e8 pronto a farsi parte attiva per favorire un percorso condiviso che coinvolga tutto il campo progressista dai civici, a Brindisi Bene Comune al Movimento 5 Stelle e in generale aperto a tutte le forze sane della citt\u00e0. Sar\u00e0 fondamentale lo sforzo comune che tutte le forze in campo devono fare per individuare la sintesi e, quindi, una piattaforma programmatica per dare a Brindisi una prospettiva chiara e, soprattutto, continuare a garantire stabilit\u00e0 e continuit\u00e0 per portare a compimento la trasformazione della citt\u00e0 con la definizione di tutta la progettualit\u00e0 elaborata.<\/p>\n<p>&nbsp;<\/p>\n<p><em><strong>COMUNICATO STAMPA<\/strong><\/em><br \/>\n<em><strong>Circolo Partito Democratico Brindisi \u201cD. Sassoli\u201d<\/strong><\/em><\/p>\n","protected":false},"excerpt":{"rendered":"<p>Il Circolo del Partito Democratico di Brindisi ha svolto, la scorsa settimana, il proprio congresso che ha evidenziato una buona partecipazione da parte degli iscritti i quali, anche a fronte di due diversi appuntamenti tenuti in fase organizzativa, hanno avuto modo di confrontarsi su temi e prospettive che riguardano il futuro del partito nel capoluogo. Lo spirito unitario, nella forma e nella sostanza, ha caratterizzato ogni decisione che, partendo dal rispetto delle diverse posizioni e sensibilit\u00e0, ha portato ad affrontare ogni tema con la medesima e comune volont\u00e0 di fare il bene della citt\u00e0. Con lo stesso spirito \u00e8 stato possibile comporre gli organismi direttivi; anche in questo caso le decisioni sono state unitarie e condivise. Gi\u00e0 nella giornata del 16 febbraio, infatti, si \u00e8 svolta la prima riunione del Direttivo di circolo nella sua nuova composizione. \u00c8 stato affrontato il tema del congresso nazionale in relazione all\u2019importanza della partecipazione alle Primarie del prossimo 26 febbraio, che a Brindisi si terranno presso l\u2019auditorium del Polo BiblioMuseale in viale Commenda, per&#8230;<\/p>\n","protected":false},"author":2,"featured_media":206959,"comment_status":"open","ping_status":"closed","sticky":false,"template":"","format":"standard","meta":{"footnotes":""},"categories":[7],"tags":[],"class_list":["post-206918","post","type-post","status-publish","format-standard","has-post-thumbnail","hentry","category-news"],"_links":{"self":[{"href":"https:\/\/www.brundisium.net\/index.php\/wp-json\/wp\/v2\/posts\/206918","targetHints":{"allow":["GET"]}}],"collection":[{"href":"https:\/\/www.brundisium.net\/index.php\/wp-json\/wp\/v2\/posts"}],"about":[{"href":"https:\/\/www.brundisium.net\/index.php\/wp-json\/wp\/v2\/types\/post"}],"author":[{"embeddable":true,"href":"https:\/\/www.brundisium.net\/index.php\/wp-json\/wp\/v2\/users\/2"}],"replies":[{"embeddable":true,"href":"https:\/\/www.brundisium.net\/index.php\/wp-json\/wp\/v2\/comments?post=206918"}],"version-history":[{"count":2,"href":"https:\/\/www.brundisium.net\/index.php\/wp-json\/wp\/v2\/posts\/206918\/revisions"}],"predecessor-version":[{"id":206960,"href":"https:\/\/www.brundisium.net\/index.php\/wp-json\/wp\/v2\/posts\/206918\/revisions\/206960"}],"wp:featuredmedia":[{"embeddable":true,"href":"https:\/\/www.brundisium.net\/index.php\/wp-json\/wp\/v2\/media\/206959"}],"wp:attachment":[{"href":"https:\/\/www.brundisium.net\/index.php\/wp-json\/wp\/v2\/media?parent=206918"}],"wp:term":[{"taxonomy":"category","embeddable":true,"href":"https:\/\/www.brundisium.net\/index.php\/wp-json\/wp\/v2\/categories?post=206918"},{"taxonomy":"post_tag","embeddable":true,"href":"https:\/\/www.brundisium.net\/index.php\/wp-json\/wp\/v2\/tags?post=206918"}],"curies":[{"name":"wp","href":"https:\/\/api.w.org\/{rel}","templated":true}]}}