{"id":207061,"date":"2023-02-27T21:33:12","date_gmt":"2023-02-27T20:33:12","guid":{"rendered":"https:\/\/www.brundisium.net\/?p=207061"},"modified":"2023-02-28T09:35:45","modified_gmt":"2023-02-28T08:35:45","slug":"primarie-pd-bruno-adesso-tutti-insieme-al-fianco-di-elly-schlein-per-realizzare-il-progetto-voluto-dal-popolo-democratico","status":"publish","type":"post","link":"https:\/\/www.brundisium.net\/index.php\/primarie-pd-bruno-adesso-tutti-insieme-al-fianco-di-elly-schlein-per-realizzare-il-progetto-voluto-dal-popolo-democratico\/","title":{"rendered":"Primarie PD, Bruno: &#8220;Adesso tutti insieme al fianco di Elly Schlein per realizzare il progetto voluto dal popolo democratico&#8221;"},"content":{"rendered":"<p>In queste elezioni primarie ho sostenuto la candidatura di Stefano Bonaccini a segretario nazionale del PD.<\/p>\n<p>L\u2019ho fatto perch\u00e9 \u00e8 una persona per bene, onesta, determinata oltre che uno dei pi\u00f9 capaci amministratori del nostro Paese.<\/p>\n<p>Ma ha vinto Elly Schlein e con lei inizia per il PD una storia nuova.<\/p>\n<p>Da oggi le divisioni di ieri devono quindi essere messe da parte e insieme dobbiamo rimboccarci le maniche perch\u00e9 Elly Schlein sia messa in condizione di realizzare il suo progetto, quello voluto dal popolo del PD, che ha espresso cos\u00ec la sua scelta.<\/p>\n<p>Elly Schlein rappresenta una richiesta di novit\u00e0, di cambiamento, di rinnovamento, che il PD non deve ostacolare ma anzi deve aiutare, se vogliamo sperare in una rinascita.<\/p>\n<p>Il popolo del PD ha lanciato un segnale chiaro.<\/p>\n<p>Elly Schlein, rappresenta con la sua vita e la sua storia, quel messaggio.<\/p>\n<p>E noi dobbiamo ascoltarlo.<\/p>\n<p>E\u2019 un messaggio che parla di lotta al precariato, di lotta ai cambiamenti climatici, di diritti, di tutele, di contrasto a ogni forma di discriminazione, di femminismo.<\/p>\n<p>E\u2019 una rivoluzione. O meglio pu\u00f2 essere una rivoluzione.<\/p>\n<p>Dipender\u00e0 da lei, dalla storia che lei vorr\u00e0 scrivere. Ma dipender\u00e0 anche da noi e dalla nostra capacit\u00e0 di adeguarci al cambiamento in corso.<\/p>\n<p>Se sapremo interpretarlo nulla sar\u00e0 impossibile.<\/p>\n<p>E tutto potr\u00e0 cambiare.<\/p>\n<p>&nbsp;<\/p>\n<p>&nbsp;<\/p>\n<p><em><strong>Nota del consigliere Maurizio Bruno (PD)<\/strong><\/em><\/p>\n","protected":false},"excerpt":{"rendered":"<p>In queste elezioni primarie ho sostenuto la candidatura di Stefano Bonaccini a segretario nazionale del PD. L\u2019ho fatto perch\u00e9 \u00e8 una persona per bene, onesta, determinata oltre che uno dei pi\u00f9 capaci amministratori del nostro Paese. Ma ha vinto Elly Schlein e con lei inizia per il PD una storia nuova. Da oggi le divisioni di ieri devono quindi essere messe da parte e insieme dobbiamo rimboccarci le maniche perch\u00e9 Elly Schlein sia messa in condizione di realizzare il suo progetto, quello voluto dal popolo del PD, che ha espresso cos\u00ec la sua scelta. Elly Schlein rappresenta una richiesta di novit\u00e0, di cambiamento, di rinnovamento, che il PD non deve ostacolare ma anzi deve aiutare, se vogliamo sperare in una rinascita. Il popolo del PD ha lanciato un segnale chiaro. Elly Schlein, rappresenta con la sua vita e la sua storia, quel messaggio. E noi dobbiamo ascoltarlo. E\u2019 un messaggio che parla di lotta al precariato, di lotta ai cambiamenti climatici, di diritti, di tutele, di contrasto a ogni forma&#8230;<\/p>\n","protected":false},"author":2,"featured_media":194038,"comment_status":"open","ping_status":"closed","sticky":false,"template":"","format":"standard","meta":{"footnotes":""},"categories":[7],"tags":[],"class_list":["post-207061","post","type-post","status-publish","format-standard","has-post-thumbnail","hentry","category-news"],"_links":{"self":[{"href":"https:\/\/www.brundisium.net\/index.php\/wp-json\/wp\/v2\/posts\/207061","targetHints":{"allow":["GET"]}}],"collection":[{"href":"https:\/\/www.brundisium.net\/index.php\/wp-json\/wp\/v2\/posts"}],"about":[{"href":"https:\/\/www.brundisium.net\/index.php\/wp-json\/wp\/v2\/types\/post"}],"author":[{"embeddable":true,"href":"https:\/\/www.brundisium.net\/index.php\/wp-json\/wp\/v2\/users\/2"}],"replies":[{"embeddable":true,"href":"https:\/\/www.brundisium.net\/index.php\/wp-json\/wp\/v2\/comments?post=207061"}],"version-history":[{"count":1,"href":"https:\/\/www.brundisium.net\/index.php\/wp-json\/wp\/v2\/posts\/207061\/revisions"}],"predecessor-version":[{"id":207062,"href":"https:\/\/www.brundisium.net\/index.php\/wp-json\/wp\/v2\/posts\/207061\/revisions\/207062"}],"wp:featuredmedia":[{"embeddable":true,"href":"https:\/\/www.brundisium.net\/index.php\/wp-json\/wp\/v2\/media\/194038"}],"wp:attachment":[{"href":"https:\/\/www.brundisium.net\/index.php\/wp-json\/wp\/v2\/media?parent=207061"}],"wp:term":[{"taxonomy":"category","embeddable":true,"href":"https:\/\/www.brundisium.net\/index.php\/wp-json\/wp\/v2\/categories?post=207061"},{"taxonomy":"post_tag","embeddable":true,"href":"https:\/\/www.brundisium.net\/index.php\/wp-json\/wp\/v2\/tags?post=207061"}],"curies":[{"name":"wp","href":"https:\/\/api.w.org\/{rel}","templated":true}]}}