{"id":207147,"date":"2023-03-08T12:18:10","date_gmt":"2023-03-08T11:18:10","guid":{"rendered":"https:\/\/www.brundisium.net\/?p=207147"},"modified":"2023-03-19T18:57:58","modified_gmt":"2023-03-19T17:57:58","slug":"venerdi-10-marzo-si-presenta-il-rapporto-giovani-2022-la-condizione-giovanile-in-italia","status":"publish","type":"post","link":"https:\/\/www.brundisium.net\/index.php\/venerdi-10-marzo-si-presenta-il-rapporto-giovani-2022-la-condizione-giovanile-in-italia\/","title":{"rendered":"Venerd\u00ec 10 Marzo si presenta il Rapporto Giovani 2022: &#8220;La condizione giovanile in Italia&#8221;"},"content":{"rendered":"<p class=\"Normale tm7\"><em><span class=\"tm9\">La realt\u00e0 giovani \u00e8 al cuore di tutta la societ\u00e0 e, alla luce dei fatti di cronaca che hanno interessato la cittadinanza brindisina, il Progetto Policoro dell\u2019Arcidiocesi di Brindisi-Ostuni ha interpellato il professore Alessandro Rosina per discutere insieme della questione giovanile post-pandemica. L\u2019evento avr\u00e0 luogo presso il Teatro don Bosco in Via Appia 193A, il 10 marzo 2023 alle ore 16 e sar\u00e0 moderato dal giornalista brindisino Gianmarco Di Napoli.<\/span><\/em><\/p>\n<p class=\"Normale tm7\"><span class=\"tm8\">\u201cA problemi sociali si risponde con reti comunitarie\u201d. Facendo proprie le parole di Papa Francesco, il Progetto Policoro dell\u2019Arcidiocesi di Brindisi-Ostuni e l\u2019Ufficio diocesano per i Problemi Sociali e del Lavoro, entrambi sotto la guida di don Mimmo Roma (tutor del Progetto e delegato arcivescovile per i problemi sociali), propongono \u2013 venerd\u00ec 10 marzo 2023 \u2013 un incontro con il professor Alessandro Rosina, Ordinario di Demografia e Statistica sociale presso l\u2019Universit\u00e0 Cattolica del Sacro Cuore nonch\u00e9 coordinatore dell\u2019Osservatorio Giovani dell\u2019Istituto Giuseppe Toniolo &#8211; ente fondatore dell\u2019Universit\u00e0 Cattolica del Sacro Cuore, che con il sostegno della Fondazione Cariplo redige il Rapporto Giovani. L\u2019incontro si terr\u00e0 presso il Teatro dei Salesiani di Brindisi, in Via Appia 193A, luogo la cui identit\u00e0 rispecchia l\u2019intento di sensibilizzazione pedagogica dell\u2019evento.<\/span><\/p>\n<p class=\"Normale tm7\"><span class=\"tm8\">A moderare la discussione, il giornalista brindisino Gianmarco Di Napoli, il quale pi\u00f9 volte ha gi\u00e0 trattato e analizzato la problematica su testate giornalistiche ed emittenti televisive locali.<\/span><\/p>\n<p class=\"Normale tm7\"><span class=\"tm8\">La volont\u00e0 \u00e8 quella di confrontare i dati nazionali \u2013 oggetto del Rapporto Giovani che, periodicamente, fotografa la situazione giovanile nel nostro Paese \u2013 con quelli locali, raccolti dalle animatrici di comunit\u00e0 del Progetto da dicembre a marzo negli Istituti Superiori di Secondo Grado della provincia. Sottoponendo dati statistici qualitativi e quantitativi all\u2019attenzione delle autorit\u00e0, dei rappresentanti delle agenzie educative locali, degli insegnanti, degli educatori e degli stessi studenti, col fine di avviare un comune processo educativo capace di arginare la deriva sociale di cui Brindisi e provincia sono state oggetto negli ultimi mesi.<\/span><\/p>\n<p class=\"Normale tm7\"><span class=\"tm8\">L\u2019evento \u00e8 gratuito ed aperto al pubblico.<\/span><\/p>\n<p class=\"Normale tm7\"><strong><span class=\"tm6\">\u00a0<\/span><\/strong><\/p>\n<p class=\"Normale tm7\"><strong><u><span class=\"tm6\">INFO<\/span><\/u><\/strong><\/p>\n<p class=\"Normale tm7\"><strong><span class=\"tm6\">OSSERVATORIO GIOVANI <\/span><\/strong><span class=\"tm8\">&#8211; <a href=\"https:\/\/www.rapportogiovani.it\/rapporto-giovani-2022\/\">https:\/\/www.rapportogiovani.it\/rapporto-giovani-2022\/<\/a><\/span><\/p>\n<p class=\"Normale tm7\"><strong><span class=\"tm6\">ANTENNA SUD (TG 14.02.23)<\/span><\/strong><span class=\"tm8\"> &#8211;<a href=\"https:\/\/www.youtube.com\/watch?v=LxrKb3zwRnQ\"> https:\/\/www.youtube.com\/watch?v=LxrKb3zwRnQ<\/a><\/span><\/p>\n<p class=\"Normale tm7\"><strong><em><span class=\"tm10\">Condizione Giovanile: si parte dell\u2019ascolto<\/span><\/em><span class=\"tm6\"> (il7 MAGAZINE)<\/span><\/strong><span class=\"tm8\"> &#8211; <a href=\"https:\/\/bit.ly\/3mgW0is\">https:\/\/bit.ly\/3mgW0is<\/a><\/span><\/p>\n<p class=\"Normale tm11\"><strong><span class=\"tm6\">Articoli di Roma, Salerno, Cucci a p. 4 (Osservatore Romano 03.03.2023)<\/span><\/strong><span class=\"tm8\"> &#8211; <a href=\"https:\/\/www.osservatoreromano.va\/it\/news\/2023-03\/quo-052\/servono-parole-e-azioni.html\">https:\/\/www.osservatoreromano.va\/it\/news\/2023-03\/quo-052\/servono-parole-e-azioni.html<\/a><\/span><\/p>\n","protected":false},"excerpt":{"rendered":"<p>La realt\u00e0 giovani \u00e8 al cuore di tutta la societ\u00e0 e, alla luce dei fatti di cronaca che hanno interessato la cittadinanza brindisina, il Progetto Policoro dell\u2019Arcidiocesi di Brindisi-Ostuni ha interpellato il professore Alessandro Rosina per discutere insieme della questione giovanile post-pandemica. L\u2019evento avr\u00e0 luogo presso il Teatro don Bosco in Via Appia 193A, il 10 marzo 2023 alle ore 16 e sar\u00e0 moderato dal giornalista brindisino Gianmarco Di Napoli. \u201cA problemi sociali si risponde con reti comunitarie\u201d. Facendo proprie le parole di Papa Francesco, il Progetto Policoro dell\u2019Arcidiocesi di Brindisi-Ostuni e l\u2019Ufficio diocesano per i Problemi Sociali e del Lavoro, entrambi sotto la guida di don Mimmo Roma (tutor del Progetto e delegato arcivescovile per i problemi sociali), propongono \u2013 venerd\u00ec 10 marzo 2023 \u2013 un incontro con il professor Alessandro Rosina, Ordinario di Demografia e Statistica sociale presso l\u2019Universit\u00e0 Cattolica del Sacro Cuore nonch\u00e9 coordinatore dell\u2019Osservatorio Giovani dell\u2019Istituto Giuseppe Toniolo &#8211; ente fondatore dell\u2019Universit\u00e0 Cattolica del Sacro Cuore, che con il sostegno della Fondazione Cariplo redige il Rapporto&#8230;<\/p>\n","protected":false},"author":2,"featured_media":207148,"comment_status":"open","ping_status":"closed","sticky":false,"template":"","format":"standard","meta":{"footnotes":""},"categories":[7],"tags":[],"class_list":["post-207147","post","type-post","status-publish","format-standard","has-post-thumbnail","hentry","category-news"],"_links":{"self":[{"href":"https:\/\/www.brundisium.net\/index.php\/wp-json\/wp\/v2\/posts\/207147","targetHints":{"allow":["GET"]}}],"collection":[{"href":"https:\/\/www.brundisium.net\/index.php\/wp-json\/wp\/v2\/posts"}],"about":[{"href":"https:\/\/www.brundisium.net\/index.php\/wp-json\/wp\/v2\/types\/post"}],"author":[{"embeddable":true,"href":"https:\/\/www.brundisium.net\/index.php\/wp-json\/wp\/v2\/users\/2"}],"replies":[{"embeddable":true,"href":"https:\/\/www.brundisium.net\/index.php\/wp-json\/wp\/v2\/comments?post=207147"}],"version-history":[{"count":1,"href":"https:\/\/www.brundisium.net\/index.php\/wp-json\/wp\/v2\/posts\/207147\/revisions"}],"predecessor-version":[{"id":207149,"href":"https:\/\/www.brundisium.net\/index.php\/wp-json\/wp\/v2\/posts\/207147\/revisions\/207149"}],"wp:featuredmedia":[{"embeddable":true,"href":"https:\/\/www.brundisium.net\/index.php\/wp-json\/wp\/v2\/media\/207148"}],"wp:attachment":[{"href":"https:\/\/www.brundisium.net\/index.php\/wp-json\/wp\/v2\/media?parent=207147"}],"wp:term":[{"taxonomy":"category","embeddable":true,"href":"https:\/\/www.brundisium.net\/index.php\/wp-json\/wp\/v2\/categories?post=207147"},{"taxonomy":"post_tag","embeddable":true,"href":"https:\/\/www.brundisium.net\/index.php\/wp-json\/wp\/v2\/tags?post=207147"}],"curies":[{"name":"wp","href":"https:\/\/api.w.org\/{rel}","templated":true}]}}