{"id":207256,"date":"2023-03-08T16:40:48","date_gmt":"2023-03-08T15:40:48","guid":{"rendered":"https:\/\/www.brundisium.net\/?p=207256"},"modified":"2023-03-08T15:42:34","modified_gmt":"2023-03-08T14:42:34","slug":"domani-a-fasano-lanteprima-nazionale-di-ecco-tutto-qui-paolo-jannacci-canta-enzo","status":"publish","type":"post","link":"https:\/\/www.brundisium.net\/index.php\/domani-a-fasano-lanteprima-nazionale-di-ecco-tutto-qui-paolo-jannacci-canta-enzo\/","title":{"rendered":"Domani a Fasano l&#8217;anteprima nazionale di &#8220;Ecco tutto qui&#8221;: Paolo Jannacci canta Enzo"},"content":{"rendered":"<p>Sudestival: in scena a Fasano, per il Festival patrocinato dal Comune di Fasano, il concerto-racconto di Paolo Jannacci. <\/p>\n<p>Un appuntamento importante, il prossimo gioved\u00ec 9 marzo, al Cinema Teatro Kennedy di Fasano, per l\u2019anteprima nazionale del concerto di Paolo Jannacci, accompagnato dai racconti di Enzo Gentile, dal titolo \u00abEcco tutto qui\u00bb.<br \/>\nUn viaggio nella storia di Enzo Jannacci, attraverso le sue pi\u00f9 belle canzoni, interpretate dal figlio Paolo, intervallate dai racconti del giornalista Enzo Gentile, il quale legger\u00e0 alcuni brani del libro dedicato alla figura del cantautore milanese.<\/p>\n<p>\u00abEcco tutto qui,\u00bb dal titolo di una canzone contenuta in Foto Ricordo, album del 1979, \u00e8 la storia appassionata di una vita unica e irripetibile, dove l\u2019artista e l\u2019uomo Enzo Jannacci sono fotografati e raccontati da chi lo ha visto e conosciuto da vicino, sul lavoro, tra gli hobby, accompagnandone la carriera e le avventure di tutti i giorni. Diviso per decenni, dai primi coraggiosi esperimenti degli anni Cinquanta, fino al passo d\u2019addio del 2013, il testo ritrae Jannacci come testimone del suo tempo, un mosaico gioioso e tragico insieme, capace di dividersi tra musica e medicina, tra concerti, dischi e produzioni, tra teatro e televisione, pubblicit\u00e0, regie e arti marziali, cinema e cabaret, senza mai mancare il bersaglio: una traiettoria di umorismo, nonsense e amare riflessioni sui pi\u00f9 sfortunati, sui derelitti, sui dimenticati dalla societ\u00e0. Un mistero buffo, come lo avrebbe definito l\u2019amico e maestro di sempre, Dario Fo. <\/p>\n<p>\u00abSar\u00e0 una serata \u2013 dice l\u2019assessore alla Cultura Cinzia Caroli \u2013, che ricordo essere una prima nazionale, all&#8217;insegna del divertimento e dell\u2019emozione, ripercorrendo la vita artistica di Enzo Jannacci attraverso la voce di suo figlio Paolo. Saranno eseguiti i &#8220;cavalli di battaglia&#8221; di Enzo con l&#8217;obiettivo di coinvolgere il pubblico e divertire. Uno spettacolo fatto di musica e parole, il libro sar\u00e0 presentato grazie all&#8217;intervento del giornalista, scrittore e critico musicale Enzo Gentile, e sar\u00e0 proprio Gentile a guidarci in questo viaggio che \u00e8 poi un percorso di vita oltre che artistico. Per i ragazzi che hanno seguito il Sudestival \u2013 conclude l\u2019assessore \u2013 e che fanno parte della giuria, l&#8217;ingresso sar\u00e0 gratuito\u00bb.<\/p>\n<p>Lo spettacolo \u00e8 in programma alle 20:30 al Cinema Teatro Kennedy di Fasano con sipario alle ore 21:00.<br \/>\nPrevendita biglietti: dal sito Sudestival \u20ac 9,00; al botteghino del Kennedy il 9 marzo \u20ac 8,00.<\/p>\n<p>Ufficio Stampa<br \/>\nCitt\u00e0 di Fasano<\/p>\n","protected":false},"excerpt":{"rendered":"<p>Sudestival: in scena a Fasano, per il Festival patrocinato dal Comune di Fasano, il concerto-racconto di Paolo Jannacci. Un appuntamento importante, il prossimo gioved\u00ec 9 marzo, al Cinema Teatro Kennedy di Fasano, per l\u2019anteprima nazionale del concerto di Paolo Jannacci, accompagnato dai racconti di Enzo Gentile, dal titolo \u00abEcco tutto qui\u00bb. Un viaggio nella storia di Enzo Jannacci, attraverso le sue pi\u00f9 belle canzoni, interpretate dal figlio Paolo, intervallate dai racconti del giornalista Enzo Gentile, il quale legger\u00e0 alcuni brani del libro dedicato alla figura del cantautore milanese. \u00abEcco tutto qui,\u00bb dal titolo di una canzone contenuta in Foto Ricordo, album del 1979, \u00e8 la storia appassionata di una vita unica e irripetibile, dove l\u2019artista e l\u2019uomo Enzo Jannacci sono fotografati e raccontati da chi lo ha visto e conosciuto da vicino, sul lavoro, tra gli hobby, accompagnandone la carriera e le avventure di tutti i giorni. Diviso per decenni, dai primi coraggiosi esperimenti degli anni Cinquanta, fino al passo d\u2019addio del 2013, il testo ritrae Jannacci come testimone del&#8230;<\/p>\n","protected":false},"author":2,"featured_media":207257,"comment_status":"open","ping_status":"closed","sticky":false,"template":"","format":"standard","meta":{"footnotes":""},"categories":[7],"tags":[],"class_list":["post-207256","post","type-post","status-publish","format-standard","has-post-thumbnail","hentry","category-news"],"_links":{"self":[{"href":"https:\/\/www.brundisium.net\/index.php\/wp-json\/wp\/v2\/posts\/207256","targetHints":{"allow":["GET"]}}],"collection":[{"href":"https:\/\/www.brundisium.net\/index.php\/wp-json\/wp\/v2\/posts"}],"about":[{"href":"https:\/\/www.brundisium.net\/index.php\/wp-json\/wp\/v2\/types\/post"}],"author":[{"embeddable":true,"href":"https:\/\/www.brundisium.net\/index.php\/wp-json\/wp\/v2\/users\/2"}],"replies":[{"embeddable":true,"href":"https:\/\/www.brundisium.net\/index.php\/wp-json\/wp\/v2\/comments?post=207256"}],"version-history":[{"count":1,"href":"https:\/\/www.brundisium.net\/index.php\/wp-json\/wp\/v2\/posts\/207256\/revisions"}],"predecessor-version":[{"id":207258,"href":"https:\/\/www.brundisium.net\/index.php\/wp-json\/wp\/v2\/posts\/207256\/revisions\/207258"}],"wp:featuredmedia":[{"embeddable":true,"href":"https:\/\/www.brundisium.net\/index.php\/wp-json\/wp\/v2\/media\/207257"}],"wp:attachment":[{"href":"https:\/\/www.brundisium.net\/index.php\/wp-json\/wp\/v2\/media?parent=207256"}],"wp:term":[{"taxonomy":"category","embeddable":true,"href":"https:\/\/www.brundisium.net\/index.php\/wp-json\/wp\/v2\/categories?post=207256"},{"taxonomy":"post_tag","embeddable":true,"href":"https:\/\/www.brundisium.net\/index.php\/wp-json\/wp\/v2\/tags?post=207256"}],"curies":[{"name":"wp","href":"https:\/\/api.w.org\/{rel}","templated":true}]}}