{"id":207266,"date":"2023-03-09T17:12:23","date_gmt":"2023-03-09T16:12:23","guid":{"rendered":"https:\/\/www.brundisium.net\/?p=207266"},"modified":"2023-03-09T17:12:23","modified_gmt":"2023-03-09T16:12:23","slug":"ecco-i-due-televisori-per-i-ragazzi-di-eridano-dopo-di-noi-acquistati-con-il-ricavato-del-tuffo-di-capodanno","status":"publish","type":"post","link":"https:\/\/www.brundisium.net\/index.php\/ecco-i-due-televisori-per-i-ragazzi-di-eridano-dopo-di-noi-acquistati-con-il-ricavato-del-tuffo-di-capodanno\/","title":{"rendered":"Ecco i due televisori per i ragazzi di &#8220;Eridano Dopo di Noi&#8221; acquistati con il ricavato del Tuffo di Capodanno"},"content":{"rendered":"<p><a href=\"https:\/\/www.brundisium.net\/brun\/wp-content\/uploads\/2023\/03\/tv-eridano-tuffo-di-capodanno-1-scaled.jpg\"><img loading=\"lazy\" decoding=\"async\" class=\"alignleft size-medium wp-image-207271\" src=\"https:\/\/www.brundisium.net\/brun\/wp-content\/uploads\/2023\/03\/tv-eridano-tuffo-di-capodanno-1-300x200.jpg\" alt=\"\" width=\"300\" height=\"200\" srcset=\"https:\/\/www.brundisium.net\/brun\/wp-content\/uploads\/2023\/03\/tv-eridano-tuffo-di-capodanno-1-300x200.jpg 300w, https:\/\/www.brundisium.net\/brun\/wp-content\/uploads\/2023\/03\/tv-eridano-tuffo-di-capodanno-1-1024x683.jpg 1024w, https:\/\/www.brundisium.net\/brun\/wp-content\/uploads\/2023\/03\/tv-eridano-tuffo-di-capodanno-1-768x512.jpg 768w, https:\/\/www.brundisium.net\/brun\/wp-content\/uploads\/2023\/03\/tv-eridano-tuffo-di-capodanno-1-1536x1024.jpg 1536w, https:\/\/www.brundisium.net\/brun\/wp-content\/uploads\/2023\/03\/tv-eridano-tuffo-di-capodanno-1-2048x1365.jpg 2048w\" sizes=\"auto, (max-width: 300px) 100vw, 300px\" \/><\/a>Venerd\u00ec 13 gennaio avevamo preso l\u2019impegno di non calare il sipario sulla XIII edizione del Tuffo di Capodanno con la consegna dell\u2019assegno di ben 4.200,00 euro.<\/p>\n<p>L\u2019importante somma raccolta ha consentito oggi 9 marzo di regalare ai cben due televisori.<\/p>\n<p>Il primo, di 48 pollici, che \u00e8 andato a sostituire quello rotto al primo piano della comunit\u00e0, dove un gruppo di ragazzi porta avanti da qualche anno il progetto \u201cCasa mia\u201d, ossia un percorso riabilitativo finalizzato all\u2019autonomia abitativa che, auspichiamo, consentir\u00e0 loro di ridurre sempre pi\u00f9 gli standards assistenziali previsti dalla comunit\u00e0 e vivere, per quanto possibile, esperienze di vita quotidiana in totale autonomia per poter esprimere al meglio il loro desiderio di affermazione ed autodeterminazione.<\/p>\n<p>Il secondo ma non per importanza, di ben 86 pollici, invece \u00e8 stato collocato nella sala polivalente del Centro Diurno e consentir\u00e0 loro di fruire la tv in gruppi pi\u00f9 ampi e standards qualitativi pi\u00f9 elevati di quelli che il pc ed il videoproiettore hanno finora garantito.<\/p>\n<p>L\u2019invito agli Amici del Tuffo di Capodanno e la loro entusiastica partecipazione \u00e8 il segno tangibile che l\u2019interazione tra le nostre realt\u00e0 non si \u00e8 limitata ad una mera iniziativa di beneficenza ma ha rappresentato l\u2019avvio di una relazione che vuole proporre modelli di generativit\u00e0 sociale in grado di guardare non solo ai bisogni ma anche ai desideri delle persone. Perch\u00e8 ricordiamo che, indipendentemente dalla nostra condizione, siamo tutti innanzitutto persone&#8230; con i nostri diritti, la nostra dignit\u00e0 e, perch\u00e8 no, i nostri desideri.<\/p>\n<p>Questo ovviamente non sposta di un millimetro l\u2019enorme gratitudine nei loro confronti per l\u2019attenzione avuta e l\u2019impegno profuso.<\/p>\n<p>&nbsp;<\/p>\n<p>COMUNICATO STAMPA ERIDANO COOP. SOC. ONLUS<\/p>\n","protected":false},"excerpt":{"rendered":"<p>Venerd\u00ec 13 gennaio avevamo preso l\u2019impegno di non calare il sipario sulla XIII edizione del Tuffo di Capodanno con la consegna dell\u2019assegno di ben 4.200,00 euro. L\u2019importante somma raccolta ha consentito oggi 9 marzo di regalare ai cben due televisori. Il primo, di 48 pollici, che \u00e8 andato a sostituire quello rotto al primo piano della comunit\u00e0, dove un gruppo di ragazzi porta avanti da qualche anno il progetto \u201cCasa mia\u201d, ossia un percorso riabilitativo finalizzato all\u2019autonomia abitativa che, auspichiamo, consentir\u00e0 loro di ridurre sempre pi\u00f9 gli standards assistenziali previsti dalla comunit\u00e0 e vivere, per quanto possibile, esperienze di vita quotidiana in totale autonomia per poter esprimere al meglio il loro desiderio di affermazione ed autodeterminazione. Il secondo ma non per importanza, di ben 86 pollici, invece \u00e8 stato collocato nella sala polivalente del Centro Diurno e consentir\u00e0 loro di fruire la tv in gruppi pi\u00f9 ampi e standards qualitativi pi\u00f9 elevati di quelli che il pc ed il videoproiettore hanno finora garantito. L\u2019invito agli Amici del Tuffo di Capodanno&#8230;<\/p>\n","protected":false},"author":2,"featured_media":207272,"comment_status":"open","ping_status":"closed","sticky":false,"template":"","format":"standard","meta":{"footnotes":""},"categories":[7],"tags":[],"class_list":["post-207266","post","type-post","status-publish","format-standard","has-post-thumbnail","hentry","category-news"],"_links":{"self":[{"href":"https:\/\/www.brundisium.net\/index.php\/wp-json\/wp\/v2\/posts\/207266","targetHints":{"allow":["GET"]}}],"collection":[{"href":"https:\/\/www.brundisium.net\/index.php\/wp-json\/wp\/v2\/posts"}],"about":[{"href":"https:\/\/www.brundisium.net\/index.php\/wp-json\/wp\/v2\/types\/post"}],"author":[{"embeddable":true,"href":"https:\/\/www.brundisium.net\/index.php\/wp-json\/wp\/v2\/users\/2"}],"replies":[{"embeddable":true,"href":"https:\/\/www.brundisium.net\/index.php\/wp-json\/wp\/v2\/comments?post=207266"}],"version-history":[{"count":1,"href":"https:\/\/www.brundisium.net\/index.php\/wp-json\/wp\/v2\/posts\/207266\/revisions"}],"predecessor-version":[{"id":207273,"href":"https:\/\/www.brundisium.net\/index.php\/wp-json\/wp\/v2\/posts\/207266\/revisions\/207273"}],"wp:featuredmedia":[{"embeddable":true,"href":"https:\/\/www.brundisium.net\/index.php\/wp-json\/wp\/v2\/media\/207272"}],"wp:attachment":[{"href":"https:\/\/www.brundisium.net\/index.php\/wp-json\/wp\/v2\/media?parent=207266"}],"wp:term":[{"taxonomy":"category","embeddable":true,"href":"https:\/\/www.brundisium.net\/index.php\/wp-json\/wp\/v2\/categories?post=207266"},{"taxonomy":"post_tag","embeddable":true,"href":"https:\/\/www.brundisium.net\/index.php\/wp-json\/wp\/v2\/tags?post=207266"}],"curies":[{"name":"wp","href":"https:\/\/api.w.org\/{rel}","templated":true}]}}