{"id":207539,"date":"2023-04-05T14:30:18","date_gmt":"2023-04-05T12:30:18","guid":{"rendered":"https:\/\/www.brundisium.net\/?p=207539"},"modified":"2023-04-18T15:15:26","modified_gmt":"2023-04-18T13:15:26","slug":"il-presidente-di-torre-guaceto-rocky-malatesta-nominato-vicepresidente-di-federparchi","status":"publish","type":"post","link":"https:\/\/www.brundisium.net\/index.php\/il-presidente-di-torre-guaceto-rocky-malatesta-nominato-vicepresidente-di-federparchi\/","title":{"rendered":"Il presidente di Torre Guaceto, Rocky Malatesta, nominato vicepresidente di Federparchi"},"content":{"rendered":"<p>Il presidente di Torre Guaceto, Rocky Malatesta, entra nella Giunta esecutiva di Federparchi, Unione delle riserve italiane, con il ruolo di vicepresidente delegato alla rappresentanza delle Aree Marine Protette. \u201cMi impegner\u00f2 affinch\u00e9 il nostro mare sia sempre pi\u00f9 tutelato e gli enti gestori pi\u00f9 sostenuti\u201d ha dichiarato.<br \/>\nSi \u00e8 riunito oggi il primo Consiglio direttivo di Federparchi, dopo la recente elezione a presidente di Luca Santini, presidente del Parco nazionale delle Foreste Casentinesi.<\/p>\n<p>Gi\u00e0 in sede di insediamento, a gennaio, Malatesta era stato nominato consigliere, portando Torre Guaceto e la Puglia blu nella Federazione, oggi, l\u2019ingresso in Giunta insieme a Francesco Tarantini, presidente del Parco nazionale dell\u2019Alta Murgia.<\/p>\n<p>L\u2019Organo, composto da sei consiglieri, presidenti di aree protette, conta tre vicepresidenti ciascuno nominato in rappresentanza dei Parchi nazionali, Parchi regionali e delle Aree Marine Protette.<\/p>\n<p>Malatesta, in seno a Federparchi, sar\u00e0 quindi il portavoce del patrimonio blu italiano, in qualit\u00e0 anche di coordinatore della Consulta delle AMP.<\/p>\n<p>\u201cQuando ormai quasi due anni fa &#8211; ha sottolineato Malatesta -, fui scelto dalla Commissione prefettizia di Carovigno per presiedere il Consorzio della Riserva Naturale dello Stato e Area Marina Protetta di Torre Guaceto, oltre ad un grande moto d\u2019orgoglio, avvertii profondamente la responsabilit\u00e0 della quale ero stato investito. Ho s\u00f9bito messo le mie competenze al servizio di questo straordinario Parco pugliese e, insieme ai soci, (i Comuni di Brindisi e Carovigno e il WWF nazionale) al Consiglio di Amministrazione e all\u2019intero gruppo tecnico operativo, sono consapevole di aver raggiunto gi\u00e0 in poco tempo importanti risultati. Ora, oltre a prendermi cura di Torre Guaceto, mi occuper\u00f2 con grande impegno anche delle istanze delle AMP italiane, grazie alla fiducia accordatami dal presidente Santini, che ringrazio\u201d.<\/p>\n<p>\u201cIl mare sta soffrendo \u2013 ha proseguito Malatesta -, gli enti gestori devono fare continuamente i conti con gravi problematiche come la pesca di frodo, i controlli delle Autorit\u00e0 preposte mai sufficienti e le risorse finanziarie e umane sempre pi\u00f9 esigue. Da domani sar\u00f2 al servizio di tutti i colleghi presidenti e dei direttori delle riserve marine, e sono sicuro che uniti potremo migliorare lo stato di salute dell\u2019ecosistema blu italiano e renderlo pi\u00f9 sostenibile e vitale\u201d.<\/p>\n<p>\u201cFederparchi \u00e8 un pilastro fondamentale del panorama politico-strategico ambientale italiano, al quale aderiscono 23 parchi nazionali, 104 regionali e 15 riserve marine. Sar\u00e0 necessario rifondare molto presto anche il coordinamento Federparchi in Puglia, affinch\u00e9 la rete delle aree protette si metta al lavoro per fornire agli Organi competenti regionali e agli Enti locali un supporto tanto qualificato quanto urgente \u2013 ha chiuso Malatesta &#8211; e necessario per costruire insieme una nuova e pi\u00f9 luminosa pagina della tutela e della valorizzazione ambientale in Puglia\u201d.<\/p>\n<p>&nbsp;<\/p>\n<p><em><strong>COMUNICAZIONE CONSORZIO DI GESTIONE DI TORRE GUACETO<\/strong><\/em><\/p>\n","protected":false},"excerpt":{"rendered":"<p>Il presidente di Torre Guaceto, Rocky Malatesta, entra nella Giunta esecutiva di Federparchi, Unione delle riserve italiane, con il ruolo di vicepresidente delegato alla rappresentanza delle Aree Marine Protette. \u201cMi impegner\u00f2 affinch\u00e9 il nostro mare sia sempre pi\u00f9 tutelato e gli enti gestori pi\u00f9 sostenuti\u201d ha dichiarato. Si \u00e8 riunito oggi il primo Consiglio direttivo di Federparchi, dopo la recente elezione a presidente di Luca Santini, presidente del Parco nazionale delle Foreste Casentinesi. Gi\u00e0 in sede di insediamento, a gennaio, Malatesta era stato nominato consigliere, portando Torre Guaceto e la Puglia blu nella Federazione, oggi, l\u2019ingresso in Giunta insieme a Francesco Tarantini, presidente del Parco nazionale dell\u2019Alta Murgia. L\u2019Organo, composto da sei consiglieri, presidenti di aree protette, conta tre vicepresidenti ciascuno nominato in rappresentanza dei Parchi nazionali, Parchi regionali e delle Aree Marine Protette. Malatesta, in seno a Federparchi, sar\u00e0 quindi il portavoce del patrimonio blu italiano, in qualit\u00e0 anche di coordinatore della Consulta delle AMP. \u201cQuando ormai quasi due anni fa &#8211; ha sottolineato Malatesta -, fui scelto dalla&#8230;<\/p>\n","protected":false},"author":2,"featured_media":207542,"comment_status":"open","ping_status":"closed","sticky":false,"template":"","format":"standard","meta":{"footnotes":""},"categories":[7],"tags":[],"class_list":["post-207539","post","type-post","status-publish","format-standard","has-post-thumbnail","hentry","category-news"],"_links":{"self":[{"href":"https:\/\/www.brundisium.net\/index.php\/wp-json\/wp\/v2\/posts\/207539","targetHints":{"allow":["GET"]}}],"collection":[{"href":"https:\/\/www.brundisium.net\/index.php\/wp-json\/wp\/v2\/posts"}],"about":[{"href":"https:\/\/www.brundisium.net\/index.php\/wp-json\/wp\/v2\/types\/post"}],"author":[{"embeddable":true,"href":"https:\/\/www.brundisium.net\/index.php\/wp-json\/wp\/v2\/users\/2"}],"replies":[{"embeddable":true,"href":"https:\/\/www.brundisium.net\/index.php\/wp-json\/wp\/v2\/comments?post=207539"}],"version-history":[{"count":1,"href":"https:\/\/www.brundisium.net\/index.php\/wp-json\/wp\/v2\/posts\/207539\/revisions"}],"predecessor-version":[{"id":207544,"href":"https:\/\/www.brundisium.net\/index.php\/wp-json\/wp\/v2\/posts\/207539\/revisions\/207544"}],"wp:featuredmedia":[{"embeddable":true,"href":"https:\/\/www.brundisium.net\/index.php\/wp-json\/wp\/v2\/media\/207542"}],"wp:attachment":[{"href":"https:\/\/www.brundisium.net\/index.php\/wp-json\/wp\/v2\/media?parent=207539"}],"wp:term":[{"taxonomy":"category","embeddable":true,"href":"https:\/\/www.brundisium.net\/index.php\/wp-json\/wp\/v2\/categories?post=207539"},{"taxonomy":"post_tag","embeddable":true,"href":"https:\/\/www.brundisium.net\/index.php\/wp-json\/wp\/v2\/tags?post=207539"}],"curies":[{"name":"wp","href":"https:\/\/api.w.org\/{rel}","templated":true}]}}