{"id":20754,"date":"2014-08-27T16:10:19","date_gmt":"2014-08-27T14:10:19","guid":{"rendered":"http:\/\/www.brundisium.net\/brun\/?p=20754"},"modified":"2014-08-27T17:20:08","modified_gmt":"2014-08-27T15:20:08","slug":"italia-nostra-aderisce-alla-mellonata-di-fine-estate-per-santapollinare","status":"publish","type":"post","link":"https:\/\/www.brundisium.net\/index.php\/italia-nostra-aderisce-alla-mellonata-di-fine-estate-per-santapollinare\/","title":{"rendered":"Italia Nostra aderisce alla &#8220;Mellonata di fine estate&#8221; per Sant&#8217;Apollinare"},"content":{"rendered":"<p>La spiaggia di Sant&#8217;Apollinare \u00e8 uno dei luoghi della memoria della comunit\u00e0 brindisina: vi si conservano ricordi e affetti, evoca e promana emozioni, \u00e8 parte importante del porto di Brindisi e della nostra storia. Sant&#8217;Apollinare, da grande e splendido lido, punto di riferimento e luogo di socializzazione per migliaia di brindisini e turisti, negli ultimi decenni si \u00e8 gradualmente e inesorabilmente ridotto a una lingua di sabbia circondata dal cemento e dalle ciminiere e continuamente insidiata da progetti di banchinamento. Italia Nostra, nel fornire il proprio sostegno all&#8217;opera di sensibilizzazione del Movimento &#8220;No al carbone&#8221; nei confronti di questo sito cos\u00ec sensibile e vulnerabile, comunica la propria partecipazione alla &#8220;Mellonata di fine estate&#8221; che si terr\u00e0 sabato 30 agosto proprio sulla spiaggia di Sant&#8217;Apollinare a partire dalle ore 16,30. Riteniamo che la &#8220;mellonata&#8221; sia l&#8217;occasione per avviare un progetto socio-culturale che miri a consolidare la tutela di un luogo di grande importanza, non solo nell&#8217;ambito della tradizione e del costume locale, ma anche sul piano della valenza storica e archeologica attestata da rilevanti testimonianze, esistenti nelle sue adiacenze e documentate da diffusa e consolidata bibliografia. Saremo quindi presenti anche noi sabato 30 agosto a Sant\u2019Apollinare, con il nostro contributo di testimonianze e ricordi, per prendere parte a un evento che &#8211; ne siamo certi &#8211; si caratterizzer\u00e0 per la sentita e cordiale partecipazione dei nostri concittadini che hanno a cuore le sorti di Brindisi e del suo porto e che vogliono essere orgogliosi della storia e del futuro della loro citt\u00e0.<\/p>\n","protected":false},"excerpt":{"rendered":"<p>La spiaggia di Sant&#8217;Apollinare \u00e8 uno dei luoghi della memoria della comunit\u00e0 brindisina: vi si conservano ricordi e affetti, evoca e promana emozioni, \u00e8 parte importante del porto di Brindisi e della nostra storia. Sant&#8217;Apollinare, da grande e splendido lido, punto di riferimento e luogo di socializzazione per migliaia di brindisini e turisti, negli ultimi decenni si \u00e8 gradualmente e inesorabilmente ridotto a una lingua di sabbia circondata dal cemento e dalle ciminiere e continuamente insidiata da progetti di banchinamento. Italia Nostra, nel fornire il proprio sostegno all&#8217;opera di sensibilizzazione del Movimento &#8220;No al carbone&#8221; nei confronti di questo sito cos\u00ec sensibile e vulnerabile, comunica la propria partecipazione alla &#8220;Mellonata di fine estate&#8221; che si terr\u00e0 sabato 30 agosto proprio sulla spiaggia di Sant&#8217;Apollinare a partire dalle ore 16,30. Riteniamo che la &#8220;mellonata&#8221; sia l&#8217;occasione per avviare un progetto socio-culturale che miri a consolidare la tutela di un luogo di grande importanza, non solo nell&#8217;ambito della tradizione e del costume locale, ma anche sul piano della valenza storica e archeologica&#8230;<\/p>\n","protected":false},"author":2,"featured_media":20651,"comment_status":"open","ping_status":"open","sticky":false,"template":"","format":"standard","meta":{"footnotes":""},"categories":[7,389],"tags":[478,2527,1218],"class_list":["post-20754","post","type-post","status-publish","format-standard","has-post-thumbnail","hentry","category-news","category-territorio","tag-italia-nostra","tag-mellonata","tag-santapollinare"],"_links":{"self":[{"href":"https:\/\/www.brundisium.net\/index.php\/wp-json\/wp\/v2\/posts\/20754","targetHints":{"allow":["GET"]}}],"collection":[{"href":"https:\/\/www.brundisium.net\/index.php\/wp-json\/wp\/v2\/posts"}],"about":[{"href":"https:\/\/www.brundisium.net\/index.php\/wp-json\/wp\/v2\/types\/post"}],"author":[{"embeddable":true,"href":"https:\/\/www.brundisium.net\/index.php\/wp-json\/wp\/v2\/users\/2"}],"replies":[{"embeddable":true,"href":"https:\/\/www.brundisium.net\/index.php\/wp-json\/wp\/v2\/comments?post=20754"}],"version-history":[{"count":1,"href":"https:\/\/www.brundisium.net\/index.php\/wp-json\/wp\/v2\/posts\/20754\/revisions"}],"predecessor-version":[{"id":20758,"href":"https:\/\/www.brundisium.net\/index.php\/wp-json\/wp\/v2\/posts\/20754\/revisions\/20758"}],"wp:featuredmedia":[{"embeddable":true,"href":"https:\/\/www.brundisium.net\/index.php\/wp-json\/wp\/v2\/media\/20651"}],"wp:attachment":[{"href":"https:\/\/www.brundisium.net\/index.php\/wp-json\/wp\/v2\/media?parent=20754"}],"wp:term":[{"taxonomy":"category","embeddable":true,"href":"https:\/\/www.brundisium.net\/index.php\/wp-json\/wp\/v2\/categories?post=20754"},{"taxonomy":"post_tag","embeddable":true,"href":"https:\/\/www.brundisium.net\/index.php\/wp-json\/wp\/v2\/tags?post=20754"}],"curies":[{"name":"wp","href":"https:\/\/api.w.org\/{rel}","templated":true}]}}