{"id":207767,"date":"2023-04-23T23:43:13","date_gmt":"2023-04-23T21:43:13","guid":{"rendered":"https:\/\/www.brundisium.net\/?p=207767"},"modified":"2023-04-30T16:08:24","modified_gmt":"2023-04-30T14:08:24","slug":"aipd-brindisi-venerdi-28-aprile-non-uno-di-meno","status":"publish","type":"post","link":"https:\/\/www.brundisium.net\/index.php\/aipd-brindisi-venerdi-28-aprile-non-uno-di-meno\/","title":{"rendered":"AIPD Brindisi: venerd\u00ec 28 aprile &#8220;Non uno di meno&#8221;"},"content":{"rendered":"<p>E\u2019 in programma per venerd\u00ec 28 Aprile, a Brindisi, l\u2019incontro, organizzato da AIPD Brindisi, dedicato alla divulgazione dei dati della ricerca AIPD-Censis: \u201cLa presa in carico delle persone con sindrome di Down per il perseguimento del miglior stato di salute e la loro piena integrazione sociale\u201d.<br \/>\nL\u2019indagine \u00e8 stata condotta nell\u2019ambito del progetto AIPD \u201cNon uno di meno\u201d, finanziato dal Ministero del Lavoro ai sensi dell\u2019avviso 2\/2020 e dell\u2019art. 72 del decreto legislativo 3 luglio 2017, n. 117 e s.m.i., e i risultati (disponibili su questo sito) sono stati presentati lo scorso 9 novembre 2022 in un convegno svolto presso il CNEL a Roma.<br \/>\nAIPD Brindisi \u00e8 tra le sezioni AIPD che stanno partecipando al progetto con un lavoro finalizzato alla promozione del networking delle sedi locali AIPD con il territorio di appartenenza e l\u2019empowerment dei familiari delle persone con sindrome di Down.<br \/>\nL\u2019evento, organizzato in collaborazione con la Provincia di Brindisi, gli Ambiti Territoriali ed accreditato dall\u2019Ordine degli Assistenti Sociali, si terr\u00e0 presso il Salone di Rappresentanza della Provincia, in via De\u2019 Leo, 3 dalle ore 15.00 alle 19.00.<br \/>\nTra i relatori sar\u00e0 presente Luca Trapanese, pap\u00e0 adottivo di una bimba con la Sindrome di Down, nonch\u00e9 fondatore dell\u2019Associazione \u201cA ruota libera ONLUS\u201d, che offrir\u00e0 un contributo relativo ai risultati dell\u2019indagine.<br \/>\nUn importante momento di riflessione su ci\u00f2 che le istituzioni possono fare per superare le criticit\u00e0 relative al progetto di vita, la presa in carico e l\u2019inclusione sociale delle persone con la sindrome di Down.<br \/>\nL\u2019evento \u00e8 aperto a tutta la cittadinanza, le famiglie, le Istituzioni e gli Enti Pubblici e Privati.<\/p>\n","protected":false},"excerpt":{"rendered":"<p>E\u2019 in programma per venerd\u00ec 28 Aprile, a Brindisi, l\u2019incontro, organizzato da AIPD Brindisi, dedicato alla divulgazione dei dati della ricerca AIPD-Censis: \u201cLa presa in carico delle persone con sindrome di Down per il perseguimento del miglior stato di salute e la loro piena integrazione sociale\u201d. L\u2019indagine \u00e8 stata condotta nell\u2019ambito del progetto AIPD \u201cNon uno di meno\u201d, finanziato dal Ministero del Lavoro ai sensi dell\u2019avviso 2\/2020 e dell\u2019art. 72 del decreto legislativo 3 luglio 2017, n. 117 e s.m.i., e i risultati (disponibili su questo sito) sono stati presentati lo scorso 9 novembre 2022 in un convegno svolto presso il CNEL a Roma. AIPD Brindisi \u00e8 tra le sezioni AIPD che stanno partecipando al progetto con un lavoro finalizzato alla promozione del networking delle sedi locali AIPD con il territorio di appartenenza e l\u2019empowerment dei familiari delle persone con sindrome di Down. L\u2019evento, organizzato in collaborazione con la Provincia di Brindisi, gli Ambiti Territoriali ed accreditato dall\u2019Ordine degli Assistenti Sociali, si terr\u00e0 presso il Salone di Rappresentanza della Provincia,&#8230;<\/p>\n","protected":false},"author":2,"featured_media":207773,"comment_status":"open","ping_status":"closed","sticky":false,"template":"","format":"standard","meta":{"footnotes":""},"categories":[7],"tags":[],"class_list":["post-207767","post","type-post","status-publish","format-standard","has-post-thumbnail","hentry","category-news"],"_links":{"self":[{"href":"https:\/\/www.brundisium.net\/index.php\/wp-json\/wp\/v2\/posts\/207767","targetHints":{"allow":["GET"]}}],"collection":[{"href":"https:\/\/www.brundisium.net\/index.php\/wp-json\/wp\/v2\/posts"}],"about":[{"href":"https:\/\/www.brundisium.net\/index.php\/wp-json\/wp\/v2\/types\/post"}],"author":[{"embeddable":true,"href":"https:\/\/www.brundisium.net\/index.php\/wp-json\/wp\/v2\/users\/2"}],"replies":[{"embeddable":true,"href":"https:\/\/www.brundisium.net\/index.php\/wp-json\/wp\/v2\/comments?post=207767"}],"version-history":[{"count":1,"href":"https:\/\/www.brundisium.net\/index.php\/wp-json\/wp\/v2\/posts\/207767\/revisions"}],"predecessor-version":[{"id":207774,"href":"https:\/\/www.brundisium.net\/index.php\/wp-json\/wp\/v2\/posts\/207767\/revisions\/207774"}],"wp:featuredmedia":[{"embeddable":true,"href":"https:\/\/www.brundisium.net\/index.php\/wp-json\/wp\/v2\/media\/207773"}],"wp:attachment":[{"href":"https:\/\/www.brundisium.net\/index.php\/wp-json\/wp\/v2\/media?parent=207767"}],"wp:term":[{"taxonomy":"category","embeddable":true,"href":"https:\/\/www.brundisium.net\/index.php\/wp-json\/wp\/v2\/categories?post=207767"},{"taxonomy":"post_tag","embeddable":true,"href":"https:\/\/www.brundisium.net\/index.php\/wp-json\/wp\/v2\/tags?post=207767"}],"curies":[{"name":"wp","href":"https:\/\/api.w.org\/{rel}","templated":true}]}}