{"id":207963,"date":"2023-05-19T17:05:16","date_gmt":"2023-05-19T15:05:16","guid":{"rendered":"https:\/\/www.brundisium.net\/?p=207963"},"modified":"2023-05-28T10:01:25","modified_gmt":"2023-05-28T08:01:25","slug":"nel-2024-al-verdi-il-vincitore-del-premio-paganini-di-genova","status":"publish","type":"post","link":"https:\/\/www.brundisium.net\/index.php\/nel-2024-al-verdi-il-vincitore-del-premio-paganini-di-genova\/","title":{"rendered":"Nel 2024 al Verdi il vincitore del &#8220;Premio Paganini&#8221; di Genova"},"content":{"rendered":"<p>Sar\u00e0 il <strong>Nuovo Teatro Verdi<\/strong> di <strong>Brindisi<\/strong> a ospitare nel 2024 uno dei concerti da solista del vincitore del concorso internazionale di violino \u201c<strong>Premio Paganini<\/strong>\u201d, giunto alla LVII edizione, insieme alle pi\u00f9 importanti istituzioni culturali del mondo tra teatri, orchestre, accademie e festival, autentici \u201ctempli\u201d della musica come il <strong>Teatro alla Scala di Milano<\/strong>, il <strong>Regio di Torino<\/strong>, il <strong>San Carlo di Napoli<\/strong>, l\u2019<strong>Opera di Riga<\/strong>, la <strong>Dortmund Philharmonic Orchestra<\/strong> e la <strong>Nordwestdeutsche Philharmonie<\/strong>. \u00ab<em>Ho incontrato a New York il maestro Nazzareno Carusi, direttore artistico del Premio<\/em> &#8211; ha raccontato il presidente della <strong>Fondazione Nuovo Teatro Verdi<\/strong>, <strong>Stefano Miceli<\/strong> &#8211; <em>e con lui ho condiviso l\u2019idea di destinare a Brindisi uno dei concerti-premio dell\u2019edizione 2023<\/em>\u00bb. La manifestazione, con periodicit\u00e0 biennale, \u00e8 organizzata dal <strong>Comune di Genova e <\/strong>la fase eliminatoria del concorso \u00e8 in programma nello stesso capoluogo ligure, al <strong>Teatro Carlo Felice<\/strong>, <strong>dal 16 al 27 ottobre<\/strong>. La giuria internazionale, formata da sette componenti e presieduta da <strong>Salvatore Accardo<\/strong>, \u00e8 composta da violinisti e musicisti di chiara fama internazionale come <strong>Gyorgy Pauk<\/strong>, <strong>G\u00e9rard Poulet<\/strong>, il salentino <strong>Massimo Quarta<\/strong> e <strong>Bin Huang<\/strong>. Al vincitore del <strong>Premio<\/strong> sar\u00e0 offerta l\u2019opportunit\u00e0 di suonare il \u201c<strong>Cannone<\/strong>\u201d, il celebre violino di <strong>Paganini<\/strong> realizzato nel 1743 dal liutaio <strong>Giuseppe Guarneri <\/strong>\u201c<strong>del Ges\u00f9<\/strong>\u201d che il \u201c<strong>violinista del diavolo<\/strong>\u201d don\u00f2 alla citt\u00e0 di <strong>Genova<\/strong>, compatibilmente con le esigenze di tutela e di conservazione dello strumento.<\/p>\n<p>&nbsp;<\/p>\n<p>Il \u201c<strong>Premio Paganini<\/strong>\u201d \u00e8 stato istituito nel <strong>1954<\/strong> con il fine di realizzare una competizione violinistica a livello internazionale che permettesse di scoprire nuovi giovani talenti: da quel momento si \u00e8 rapidamente affermato come uno dei pi\u00f9 importanti concorsi di violino al mondo. Membro fondatore della\u00a0<strong>Federazione Mondiale di Musica Internazionale di Ginevra<\/strong>\u00a0dal 1957, il <strong>Premio<\/strong>, fin dalla sua fondazione, \u00e8 stato assegnato ad artisti celebri come\u00a0<strong>Salvatore Accardo<\/strong>, <strong>Gidon Kremer<\/strong>, <strong>Ilya Grubert<\/strong> e, pi\u00f9 di recente, <strong>Massimo Quarta<\/strong>, <strong>Giovanni Angeleri<\/strong>, <strong>Leonidas Kavakos<\/strong>, <strong>Ilya Gringolts<\/strong> e <strong>Sayaka Shoji<\/strong>, agendo come trampolino di lancio per le loro future carriere artistiche. Il concorso si ispira idealmente al principio del\u00a0<strong>\u201c<\/strong><em><strong>rinnovare conservando<\/strong><\/em>\u201d che da un lato mantiene integro il primato dell\u2019eccellenza artistica, dall\u2019altro ne innova strumenti, modalit\u00e0 e linguaggi al fine di coinvolgere il pi\u00f9 ampio pubblico, specie giovanile. Per l\u2019edizione del 2023 \u00e8 stato presentato anche il francobollo celebrativo a cura del <strong>Ministero dello Sviluppo Economico<\/strong>, con <strong>Poste Italiane<\/strong> e l\u2019<strong>Istituto Poligrafico e Zecca dello Stato<\/strong>.<\/p>\n<p>&nbsp;<\/p>\n<p>\u00ab<em>Il Premio Paganini deve arrivare al mondo<\/em> &#8211; ha detto il direttore artistico <strong>Nazzareno Carusi<\/strong> &#8211; <em>e avere l\u2019Italia stretta al suo fianco. Cos\u00ec, ho proposto ai responsabili dei teatri e delle istituzioni musicali nazionali di unirsi a noi in una sorta di catena musicale, offrendo un concerto a chi vincer\u00e0 il Premio del 2023. Tra questi c\u2019\u00e8 il Verdi della bellissima Brindisi, una scelta cui si \u00e8 giunti grazie al felice incontro con l\u2019amico Stefano Miceli che ringrazio di cuore. Ad oggi, sono pi\u00f9 di quaranta istituzioni, oltre alle partecipazioni straniere. La catena si apre col nome italiano e universale della Scala, che per la prima volta concede un invito nella sua stagione al vincitore di un concorso. La presenza dei nostri teatri sottolinea l\u2019appartenenza all\u2019Italia e l\u2019apertura al mondo che il Premio Paganini vuole e, con la sua storia settantennale, pu\u00f2 esprimere<\/em>\u00bb.<\/p>\n<p>&nbsp;<\/p>\n<p>Sono\u00a0<strong>117 le domande<\/strong>\u00a0presentate e\u00a0<strong>111 i giovani violinisti, tra 16 e 30 anni, designati a partecipare alle preselezioni<\/strong>, sei dei quali finalisti di concorsi internazionali membri della <strong>World Federation of International Music Competitions<\/strong> (<strong>Seoul<\/strong>, <strong>Zhuhai<\/strong>, <strong>Odessa<\/strong>, \u201c<strong>Michael Hill<\/strong>\u201d e \u201c<strong>Henryk Wieniawski<\/strong>\u201d) che accederanno di diritto alla fase eliminatoria del <strong>Premio<\/strong>. La partecipazione vede una lieve prevalenza femminile con <strong>60 ragazze<\/strong> a fronte di <strong>51 ragazzi<\/strong>, mentre rimane marcata la\u00a0<strong>vocazione internazionale del concorso<\/strong>: <strong>71 i concorrenti provenienti dall&#8217;Asia<\/strong>, <strong>29 dall\u2019Europa<\/strong>, tra cui quattro italiani e undici dal continente americano. <strong>Il pi\u00f9 giovane musicista \u00e8 un ragazzo ucraino di 16 anni<\/strong>.<\/p>\n<p>&nbsp;<\/p>\n<p>Il <strong>Premio<\/strong> \u00e8 annoverato fra le pi\u00f9 importanti competizioni violinistiche mondiali e rappresenta un omaggio della citt\u00e0 di <strong>Genova<\/strong> al violinista che vi ebbe i natali il <strong>27 ottobre 1782<\/strong>. Il vincitore del concorso arriver\u00e0 a <strong>Brindisi<\/strong> con l\u2019aura del predestinato. \u00ab<em>\u00c8 motivo di orgoglio<\/em> &#8211; ha continuato il presidente <strong>Stefano Miceli<\/strong> &#8211; <em>poter ospitare uno dei concerti del tour del Premio Paganini, al fianco dei pi\u00f9 prestigiosi palcoscenici del mondo, tra i quali la Scala di Milano. Ma lo \u00e8 anche per il talento del vincitore o della vincitrice del concorso violinistico, indirizzato verso un percorso artistico di alto profilo. Sar\u00e0 un\u2019occasione speciale per la nostra Orchestra, una serata memorabile, lo sar\u00e0 anche per il Teatro di cui vorremmo allargare sempre di pi\u00f9 gli orizzonti. Con uno dei concerti-premio del concorso, Brindisi entra a far parte di un sistema musicale di eccellenza. L\u2019adesione cos\u00ec partecipata e di pregio fa del Paganini il premio musicale d\u2019Italia<\/em>\u00bb.<\/p>\n","protected":false},"excerpt":{"rendered":"<p>Sar\u00e0 il Nuovo Teatro Verdi di Brindisi a ospitare nel 2024 uno dei concerti da solista del vincitore del concorso internazionale di violino \u201cPremio Paganini\u201d, giunto alla LVII edizione, insieme alle pi\u00f9 importanti istituzioni culturali del mondo tra teatri, orchestre, accademie e festival, autentici \u201ctempli\u201d della musica come il Teatro alla Scala di Milano, il Regio di Torino, il San Carlo di Napoli, l\u2019Opera di Riga, la Dortmund Philharmonic Orchestra e la Nordwestdeutsche Philharmonie. \u00abHo incontrato a New York il maestro Nazzareno Carusi, direttore artistico del Premio &#8211; ha raccontato il presidente della Fondazione Nuovo Teatro Verdi, Stefano Miceli &#8211; e con lui ho condiviso l\u2019idea di destinare a Brindisi uno dei concerti-premio dell\u2019edizione 2023\u00bb. La manifestazione, con periodicit\u00e0 biennale, \u00e8 organizzata dal Comune di Genova e la fase eliminatoria del concorso \u00e8 in programma nello stesso capoluogo ligure, al Teatro Carlo Felice, dal 16 al 27 ottobre. La giuria internazionale, formata da sette componenti e presieduta da Salvatore Accardo, \u00e8 composta da violinisti e musicisti di chiara fama internazionale&#8230;<\/p>\n","protected":false},"author":2,"featured_media":207964,"comment_status":"open","ping_status":"closed","sticky":false,"template":"","format":"standard","meta":{"footnotes":""},"categories":[112,198,162],"tags":[],"class_list":["post-207963","post","type-post","status-publish","format-standard","has-post-thumbnail","hentry","category-arte","category-cultura-2","category-teatro"],"_links":{"self":[{"href":"https:\/\/www.brundisium.net\/index.php\/wp-json\/wp\/v2\/posts\/207963","targetHints":{"allow":["GET"]}}],"collection":[{"href":"https:\/\/www.brundisium.net\/index.php\/wp-json\/wp\/v2\/posts"}],"about":[{"href":"https:\/\/www.brundisium.net\/index.php\/wp-json\/wp\/v2\/types\/post"}],"author":[{"embeddable":true,"href":"https:\/\/www.brundisium.net\/index.php\/wp-json\/wp\/v2\/users\/2"}],"replies":[{"embeddable":true,"href":"https:\/\/www.brundisium.net\/index.php\/wp-json\/wp\/v2\/comments?post=207963"}],"version-history":[{"count":1,"href":"https:\/\/www.brundisium.net\/index.php\/wp-json\/wp\/v2\/posts\/207963\/revisions"}],"predecessor-version":[{"id":207965,"href":"https:\/\/www.brundisium.net\/index.php\/wp-json\/wp\/v2\/posts\/207963\/revisions\/207965"}],"wp:featuredmedia":[{"embeddable":true,"href":"https:\/\/www.brundisium.net\/index.php\/wp-json\/wp\/v2\/media\/207964"}],"wp:attachment":[{"href":"https:\/\/www.brundisium.net\/index.php\/wp-json\/wp\/v2\/media?parent=207963"}],"wp:term":[{"taxonomy":"category","embeddable":true,"href":"https:\/\/www.brundisium.net\/index.php\/wp-json\/wp\/v2\/categories?post=207963"},{"taxonomy":"post_tag","embeddable":true,"href":"https:\/\/www.brundisium.net\/index.php\/wp-json\/wp\/v2\/tags?post=207963"}],"curies":[{"name":"wp","href":"https:\/\/api.w.org\/{rel}","templated":true}]}}