{"id":208093,"date":"2023-05-29T19:48:19","date_gmt":"2023-05-29T17:48:19","guid":{"rendered":"https:\/\/www.brundisium.net\/?p=208093"},"modified":"2023-05-29T19:48:19","modified_gmt":"2023-05-29T17:48:19","slug":"elezione-marchionna-le-reazioni-del-centrodestra","status":"publish","type":"post","link":"https:\/\/www.brundisium.net\/index.php\/elezione-marchionna-le-reazioni-del-centrodestra\/","title":{"rendered":"Elezione Marchionna: le reazioni del centrodestra"},"content":{"rendered":"<p>Fabiano Amati (Azione): &#8220;La vittoria di Pino Marchionna \u00e8 quella di un sincero riformista, attento all\u2019ambiente con SI ragionevoli alle infrastrutture per portare salute e prosperit\u00e0, contro i signori del No-a-tutto inquinante e misero, annidati nelle coalizioni avversarie e che tanto male hanno fatto alla citt\u00e0. E se non era un pregiudizio ma un punto di vista politico, si sappia ora che i brindisini lo hanno respinto. Con nettezza.<\/p>\n<p>&#8220;La vittoria di Pino Marchionna, inoltre, sostenuto da noi sin dai momenti turbolenti del difficile negoziato politico, \u00e8 una reazione dei brindisini a un\u2019idea coloniale, posta in essere da poteri estranei alla Citt\u00e0 per sperimentare vacue forme politiche, bocciate senza appello.<\/p>\n<p>&#8220;Ringrazio i partiti del centrodestra che con generosit\u00e0 e convinzione hanno sostenuto la candidatura di Pino Marchionna, interessati all\u2019idea di far del bene alla citt\u00e0 con i fatti e la concretezza: e in questo senso, senza togliere nulla agli altri, merita una speciale menzione Mauro D\u2019Attis.<\/p>\n<p>&#8220;Ringrazio tutti i candidati della coalizione e in particolare quelli di Azione-Italia Viva, nella speranza di poterli vedere amichevolmente compatti come in tutta la campagna elettorale, dandosi continuamente la mano e facendo il meglio che possono.<\/p>\n<p>&#8220;Vorrei salutare con rispetto il nostro avversario Roberto Fusco, perch\u00e9 chi si cimenta e mette in gioco per fare dell\u2019amministrazione pubblica una parentesi totale della propria vita, merita ammirazione e considerazione. E con lui ringrazio e saluto con amicizia, tutti i candidati della coalizione Fusco, in particolare quelli con cui nel PD ho condiviso in passato anni bellissimi di vita e pure pi\u00f9 di una polemica: sappiano che avranno sempre la mia amicizia e la mia mano, ricordandosi per\u00f2 che la politica non \u00e8 solo un\u2019estenuante organizzazione di congiure o di iniziative per sventarle, anche quando agli altri si assegna, con infondata supponenza, la parte della terza o quarta fila, dimenticando di comparare la loro professionalit\u00e0 e curriculum con le proprie.<\/p>\n<p>&#8220;E circa Pino Marchionna, buon lavoro; fai sentire la citt\u00e0 orgogliosa di te e di noi. Io star\u00f2 a tuo fianco per realizzare le cose che con parole impegnative ci siamo impegnati a fare.\u201d<\/p>\n<p>&nbsp;<\/p>\n<p>Andrea Caroppo (FI): &#8220;Pino Marchionna \u00e8 ufficialmente Sindaco di Brindisi! Una grande vittoria per Forza Italia, per il Centrodestra e per tutti i brindisini che hanno scelto di voltare pagina. Grazie a tutti i nostri candidati e soprattutto un immenso grazie al mio amico Mauro D\u2019Attis che questa vittoria l\u2019ha immaginata, costruita e voluta sin dall\u2019inizio. Brindisi \u00e8 bellissima e ora finalmente potr\u00e0 tornare a brillare\u201d.<\/p>\n<p>&nbsp;<\/p>\n<p>Gemmato (FdI): \u201cDopo Barletta il centrodestra conquista un altro capoluogo provinciale, quello di Brindisi. E\u2019 il segno evidente che il governo regionale comincia a perdere politicamente pezzi di territorio: i cittadini delle grandi citt\u00e0, quelle dove il voto di opinione conta di pi\u00f9 e i partiti si presentano in modo identitario, cominciano a dare lo sfratto al governo regionale che fallisce proprio nel suo primo esperimento pugliese.<\/p>\n<p>\u201cA Brindisi, infatti, il candidato sindaco imposto da Giuseppe Conte e sostenuto dal presidente Emiliano ha perso sia al primo sia al secondo turno a conferma che il centrodestra, se unito, convince ed \u00e8 in grado di sconfiggere l\u2019alleanza PD e Movimento 5 Stelle.<\/p>\n<p>\u201cInfine, in queste ore abbiamo ascoltato dichiarazioni di esponenti e colleghi parlamentari del PD compiacersi di una vittoria addirittura schiacciante sul centrodestra, non vorremmo rovinare la festa (che \u00e8 solo nella loro mente), ma ricordare loro che addirittura nella loro roccaforte barese, Altamura, il partito non ha neppure presentato la lista, mentre a Monopoli non \u00e8 andato oltre al 2,5% e che solo a Brindisi, in queste Amministrative, la loro lista ha superato le due cifre.<\/p>\n<p>\u201cNoi di Fratelli d\u2019Italia andiamo avanti su questa strada, convinti che il vento di cambiamento che da settembre soffia su tutta l\u2019Italia sta iniziando a soffiare anche sulla Puglia: dopo Barletta, Brindisi siamo convinti che ci sar\u00e0 una terza B\u2026 BARI!\u201d<\/p>\n<p>&nbsp;<\/p>\n<p>Luigi Caroli (Fratelli d\u2019Italia): \u201cBrindisi volta pagina ed \u00e8 una pagina di cambiamento non solo per la citt\u00e0, ma per la Puglia. La vittoria del nuovo sindaco Pino Marchionna \u00e8 la vittoria di un centrodestra che ha saputo mettere a parte dissidi e polemiche per marciare unito e dare ai brindisini un programma che possa rimettere in moto una citt\u00e0 fermato dai tanti NO ideologici e dannosi dell\u2019Amministrazione precedente.<\/p>\n<p>\u201cUn grazie e un augurio particolari voglio riservarlo a tutti i candidati di Fratelli d\u2019Italia che hanno portato a casa un risultato molto lusinghiero alla lista (10,1%) consentendo l\u2019elezione di 5 consiglieri comunali.<\/p>\n<p>\u201cOra subito al lavoro per dare a Brindisi il governo che si merita.\u201d<\/p>\n","protected":false},"excerpt":{"rendered":"<p>Fabiano Amati (Azione): &#8220;La vittoria di Pino Marchionna \u00e8 quella di un sincero riformista, attento all\u2019ambiente con SI ragionevoli alle infrastrutture per portare salute e prosperit\u00e0, contro i signori del No-a-tutto inquinante e misero, annidati nelle coalizioni avversarie e che tanto male hanno fatto alla citt\u00e0. E se non era un pregiudizio ma un punto di vista politico, si sappia ora che i brindisini lo hanno respinto. Con nettezza. &#8220;La vittoria di Pino Marchionna, inoltre, sostenuto da noi sin dai momenti turbolenti del difficile negoziato politico, \u00e8 una reazione dei brindisini a un\u2019idea coloniale, posta in essere da poteri estranei alla Citt\u00e0 per sperimentare vacue forme politiche, bocciate senza appello. &#8220;Ringrazio i partiti del centrodestra che con generosit\u00e0 e convinzione hanno sostenuto la candidatura di Pino Marchionna, interessati all\u2019idea di far del bene alla citt\u00e0 con i fatti e la concretezza: e in questo senso, senza togliere nulla agli altri, merita una speciale menzione Mauro D\u2019Attis. &#8220;Ringrazio tutti i candidati della coalizione e in particolare quelli di Azione-Italia Viva, nella&#8230;<\/p>\n","protected":false},"author":2,"featured_media":207604,"comment_status":"open","ping_status":"closed","sticky":false,"template":"","format":"standard","meta":{"footnotes":""},"categories":[7],"tags":[],"class_list":["post-208093","post","type-post","status-publish","format-standard","has-post-thumbnail","hentry","category-news"],"_links":{"self":[{"href":"https:\/\/www.brundisium.net\/index.php\/wp-json\/wp\/v2\/posts\/208093","targetHints":{"allow":["GET"]}}],"collection":[{"href":"https:\/\/www.brundisium.net\/index.php\/wp-json\/wp\/v2\/posts"}],"about":[{"href":"https:\/\/www.brundisium.net\/index.php\/wp-json\/wp\/v2\/types\/post"}],"author":[{"embeddable":true,"href":"https:\/\/www.brundisium.net\/index.php\/wp-json\/wp\/v2\/users\/2"}],"replies":[{"embeddable":true,"href":"https:\/\/www.brundisium.net\/index.php\/wp-json\/wp\/v2\/comments?post=208093"}],"version-history":[{"count":1,"href":"https:\/\/www.brundisium.net\/index.php\/wp-json\/wp\/v2\/posts\/208093\/revisions"}],"predecessor-version":[{"id":208095,"href":"https:\/\/www.brundisium.net\/index.php\/wp-json\/wp\/v2\/posts\/208093\/revisions\/208095"}],"wp:featuredmedia":[{"embeddable":true,"href":"https:\/\/www.brundisium.net\/index.php\/wp-json\/wp\/v2\/media\/207604"}],"wp:attachment":[{"href":"https:\/\/www.brundisium.net\/index.php\/wp-json\/wp\/v2\/media?parent=208093"}],"wp:term":[{"taxonomy":"category","embeddable":true,"href":"https:\/\/www.brundisium.net\/index.php\/wp-json\/wp\/v2\/categories?post=208093"},{"taxonomy":"post_tag","embeddable":true,"href":"https:\/\/www.brundisium.net\/index.php\/wp-json\/wp\/v2\/tags?post=208093"}],"curies":[{"name":"wp","href":"https:\/\/api.w.org\/{rel}","templated":true}]}}