{"id":210646,"date":"2023-08-01T13:44:15","date_gmt":"2023-08-01T11:44:15","guid":{"rendered":"https:\/\/www.brundisium.net\/?p=210646"},"modified":"2023-08-05T11:27:46","modified_gmt":"2023-08-05T09:27:46","slug":"concluso-il-progetto-la-musica-e-di-tutti-i-ringraziamenti-di-vincenzo-deluci","status":"publish","type":"post","link":"https:\/\/www.brundisium.net\/index.php\/concluso-il-progetto-la-musica-e-di-tutti-i-ringraziamenti-di-vincenzo-deluci\/","title":{"rendered":"Concluso il progetto \u201cLa Musica \u00e8 di Tutti\u201d: i ringraziamenti di Vincenzo Deluci"},"content":{"rendered":"<p>Nel mese di luglio si \u00e8 concluso \u201cLa Musica \u00e8 di Tutti\u201d, il progetto realizzato da AccordiAbili con i fondi ricevuti con il 5&#215;1000 e al co-finanziamento del Dipartimento per le politiche Giovanili della Presidenza del Consiglio dei Ministri, attraverso l\u2019avviso Giovani per il sociale<br \/>\n2018. Per l\u2019occasione il presidente Vincenzo Deluci ha voluto ringraziare cos\u00ec tutti coloro che hanno contribuito alla riuscita del progetto:<\/p>\n<p><em>\u201cLa fine di un progetto, per consuetudine, \u00e8 anche momento di bilanci. Voglio condividere con tutti voi ci\u00f2 che sento e ci\u00f2 che di questo percorso porter\u00f2 per sempre con me insieme alla felicit\u00e0 perch\u00e9 le attivit\u00e0 e il lavoro avviato con La Musica \u00e8 di Tutti, continueranno anche<\/em><br \/>\n<em>dopo il suo termine. Dopo un\u2019esperienza del genere, e non si tratta di retorica, posso usare solo il dizionario dei buoni sentimenti, delle emozioni migliori, della bellezza delle relazioni per trovare le parole per ringraziare chi ci ha supportato.<\/em><br \/>\n<em>I nostri partner Genteco e Comitato dei Genitori Fasano. Avete creduto fin da subito nell&#8217;importanza di questo progetto e siete sempre stati al nostro fianco durante la sua realizzazione, determinandone la sua riuscita.<\/em><\/p>\n<p><em>Le nostre Ragazze e i nostri Ragazzi. Sempre piene e pieni di entusiasmo, siete la nostra fonte di energia, ci sollecitate a migliorare e a garantire la continuit\u00e0 dei nostri corsi di musica che vantano formatori e formatrici di grande competenza. Sappiate che siamo gi\u00e0 alla ricerca di una nuova sede, visto che il diniego dell\u2019amministrazione comunale di Fasano ci priver\u00e0 dal nuovo anno del luogo in cui negli ultimi anni si sono svolti i nostri incontri.<\/em><\/p>\n<p><em>Le Famiglie. Cari genitori, siete preziosi! Non smetter\u00f2 mai di dirvi grazie per quello che fate ogni giorno per le vostre figlie e i vostri figli. Dal primo momento avete compreso il valore dei nostri progetti e anche per La Musica \u00e8 di Tutti ci avete sostenuto nonostante i mille problemi che hanno provato ad ostacolarci in questi anni. Ve ne siamo davvero grati!<\/em><\/p>\n<p><em>Il Comitato Feste Patronali di Fasano. L\u2019intesa con il presidente Ancona \u00e8 stata immediata e la collaborazione del Comitato \u00e8 stata determinante per la riuscita del Festival La Musica \u00e8 di tutti!<\/em><\/p>\n<p><em>Il Team e-Motion di AccordiAbili. Per l\u2019ennesima volta il valore assoluto dei professionisti che lo compongono ha prodotto risultati straordinari. Grazie a loro, abbiamo progettato e realizzato per Chiara e Pippo due nuovi strumenti musicali che finalmente permetteranno loro di coltivare la passione per la musica.<\/em><br \/>\n<em>Le volontarie e i volontari. Non li vedrete mai salire sul palco, esibirsi o andare in TV come me, ma tutte le sognatrici e i sognatori di Accordiabili che lavorano dietro le quinte, in quei momenti sono sempre al mio fianco. Oltre ad essere tantissimi, fate un lavoro immenso<\/em><br \/>\n<em>affinch\u00e9 ogni iniziativa o attivit\u00e0 della nostra Associazione venga fatta con professionalit\u00e0 cuore e passione.<\/em><br \/>\n<em>Le donatrici e i donatori del 5&#215;1000 ad AccordiAbili. Oramai per poter candidarsi a bandi ed avvisi importanti, \u00e8 necessario avere delle risorse economiche per co-finanziare i progetti presentati. AccordiAbili pu\u00f2 farlo soprattutto grazie ai fondi che riceve da chi sceglie di estinarle il proprio 5&#215;1000. Un grazie sincero ai tantissimi che chi ci hanno gi\u00e0 scelto, ma anche a chi nei prossimi giorni in cui si presentano le dichiarazioni dei redditi, continuer\u00e0 a farlo o per la prima volta inserir\u00e0 il nostro codice fiscale nel riquadro del 5&#215;1000.<br \/>\nInfine il Dipartimento per le Politiche Giovanili della Presidenza del Consiglio dei Ministri che oltre a co-finanziare il progetto con l\u2019avviso Giovani per il sociale 2018, attraverso i suoi referenti, ha collaborato con noi affinch\u00e9 il progetto La Musica \u00e8 di tutti venisse portato a termine al meglio!<br \/>\nGrazie a tutti!<br \/>\nVincenzo<\/em><\/p>\n","protected":false},"excerpt":{"rendered":"<p>Nel mese di luglio si \u00e8 concluso \u201cLa Musica \u00e8 di Tutti\u201d, il progetto realizzato da AccordiAbili con i fondi ricevuti con il 5&#215;1000 e al co-finanziamento del Dipartimento per le politiche Giovanili della Presidenza del Consiglio dei Ministri, attraverso l\u2019avviso Giovani per il sociale 2018. Per l\u2019occasione il presidente Vincenzo Deluci ha voluto ringraziare cos\u00ec tutti coloro che hanno contribuito alla riuscita del progetto: \u201cLa fine di un progetto, per consuetudine, \u00e8 anche momento di bilanci. Voglio condividere con tutti voi ci\u00f2 che sento e ci\u00f2 che di questo percorso porter\u00f2 per sempre con me insieme alla felicit\u00e0 perch\u00e9 le attivit\u00e0 e il lavoro avviato con La Musica \u00e8 di Tutti, continueranno anche dopo il suo termine. Dopo un\u2019esperienza del genere, e non si tratta di retorica, posso usare solo il dizionario dei buoni sentimenti, delle emozioni migliori, della bellezza delle relazioni per trovare le parole per ringraziare chi ci ha supportato. I nostri partner Genteco e Comitato dei Genitori Fasano. Avete creduto fin da subito nell&#8217;importanza di questo&#8230;<\/p>\n","protected":false},"author":2,"featured_media":210647,"comment_status":"open","ping_status":"closed","sticky":false,"template":"","format":"standard","meta":{"footnotes":""},"categories":[189,7],"tags":[],"class_list":["post-210646","post","type-post","status-publish","format-standard","has-post-thumbnail","hentry","category-musica-2","category-news"],"_links":{"self":[{"href":"https:\/\/www.brundisium.net\/index.php\/wp-json\/wp\/v2\/posts\/210646","targetHints":{"allow":["GET"]}}],"collection":[{"href":"https:\/\/www.brundisium.net\/index.php\/wp-json\/wp\/v2\/posts"}],"about":[{"href":"https:\/\/www.brundisium.net\/index.php\/wp-json\/wp\/v2\/types\/post"}],"author":[{"embeddable":true,"href":"https:\/\/www.brundisium.net\/index.php\/wp-json\/wp\/v2\/users\/2"}],"replies":[{"embeddable":true,"href":"https:\/\/www.brundisium.net\/index.php\/wp-json\/wp\/v2\/comments?post=210646"}],"version-history":[{"count":1,"href":"https:\/\/www.brundisium.net\/index.php\/wp-json\/wp\/v2\/posts\/210646\/revisions"}],"predecessor-version":[{"id":210648,"href":"https:\/\/www.brundisium.net\/index.php\/wp-json\/wp\/v2\/posts\/210646\/revisions\/210648"}],"wp:featuredmedia":[{"embeddable":true,"href":"https:\/\/www.brundisium.net\/index.php\/wp-json\/wp\/v2\/media\/210647"}],"wp:attachment":[{"href":"https:\/\/www.brundisium.net\/index.php\/wp-json\/wp\/v2\/media?parent=210646"}],"wp:term":[{"taxonomy":"category","embeddable":true,"href":"https:\/\/www.brundisium.net\/index.php\/wp-json\/wp\/v2\/categories?post=210646"},{"taxonomy":"post_tag","embeddable":true,"href":"https:\/\/www.brundisium.net\/index.php\/wp-json\/wp\/v2\/tags?post=210646"}],"curies":[{"name":"wp","href":"https:\/\/api.w.org\/{rel}","templated":true}]}}