{"id":21093,"date":"2014-09-01T10:39:00","date_gmt":"2014-09-01T08:39:00","guid":{"rendered":"http:\/\/www.brundisium.net\/brun\/?p=21093"},"modified":"2014-09-01T11:45:16","modified_gmt":"2014-09-01T09:45:16","slug":"curto-presenta-odg-su-istituzione-task-force-di-contrasto-alla-sla","status":"publish","type":"post","link":"https:\/\/www.brundisium.net\/index.php\/curto-presenta-odg-su-istituzione-task-force-di-contrasto-alla-sla\/","title":{"rendered":"Curto presenta odg su istituzione task force di contrasto alla SLA"},"content":{"rendered":"\n<p>Il consigliere regionale Euprepio Curto ha presentato un ordine del giorno con cui impegna \u201cil presidente della Giunta regionale, l\u2019assessore regionale alla Sanit\u00e0, l\u2019assessore regionale al Bilancio, affinch\u00e9, sentita la Commissione Nazionale per la Ricerca Sanitaria, sia istituita una Task Force formata da esperti con esperienza pregressa nel campo dell\u2019azione di contrasto alla SLA\u201d.<br \/>\nDi seguito il testo dell\u2019ordine del giorno.<br \/>\n\u201cPremesso che: la SLA, altrimenti definita Morbo di Gehrig, \u00e8 una malattia  neurodegenerativa da cui deriva l\u2019indebolimento e l\u2019atrofizzazione dei muscoli,  con conseguenze gravissime per chi ne \u00e8 affetto,   sia per ci\u00f2 che  riguarda il livello di qualit\u00e0 della vita, sia per la loro  stessa sopravvivenza.<br \/>\nQuesta patologia, fino a qualche tempo fa considerata rara, negli ultimi tempi si \u00e8 presentata sempre pi\u00f9 frequentemente, colpendo trasversalmente sia le diverse categorie sociali, sia le diverse aree geografiche, sia le diverse attivit\u00e0 professionali, dalle quali non risultano essere escluse quelle sportive e agonistiche, tant\u2019\u00e8 che da una indagine condotta dal Pm Raffaele Guariniello \u00e8  emerso  che su un campione di circa  30.000   calciatori  italiani  vi sono stati  51 casi accertati, e di questi  ben 39 si sono  conclusi con il decesso dell\u2019atleta.<br \/>\nNelle ultime settimane l\u2019opinione pubblica nazionale ed internazionale \u00e8 stata  coinvolta nella Ice Bucket Challenge, la cosiddetta sfida delle secchiate di acqua gelata,  organizzata per la raccolta di fondi a favore dell\u2019assistenza ai malati di SLA.<br \/>\nAl netto di qualsiasi valutazione di merito sulla  non sobria spettacolarizzazione che ne \u00e8 seguita, non vi \u00e8 dubbio che l\u2019iniziativa ha fatto s\u00ec che emergessero  con solare evidenza i  ritardi e le lacune  dell\u2019iniziativa pubblica  riguardo l\u2019azione di contrasto a questa patologia, soprattutto per ci\u00f2 che concerne l\u2019entit\u00e0 delle risorse destinate alla ricerca e al pi\u00f9 ottimale uso delle medesime.<br \/>\nConsiderato che:<br \/>\n&#8211; l\u2019articolo 117 della Costituzione  definisce materie di legislazione concorrente (e quindi di competenza sia dello Stato che delle Regioni)  non solo quella della tutela della salute, ma anche quella relativa alla ricerca scientifica;<br \/>\n&#8211; l\u2019azione di contrasto alla SLA implica, appunto, la necessit\u00e0 che sia promossa non solo dallo Stato ma anche dalle Regioni una pi\u00f9 adeguata ricerca scientifica al fine di meglio tutelare la salute dei  propri cittadini.<br \/>\nRitenuto che:<br \/>\n&#8211; la stessa  Regione Puglia non pu\u00f2 sottrarsi a tale  doveroso compito  politico-istituzionale, oggi reclamato a pi\u00f9 voci dalle persone colpite da tale grave patologia e dalle loro famiglie;<br \/>\n&#8211; l\u2019investimento in ricerca consentirebbe  di abbattere molto sensibilmente i costi diretti e indiretti sopportati attualmente dal sistema sanitario pubblico;<br \/>\n&#8211; appare pertanto necessario attivare un Piano Triennale d\u2019Investimenti Regionali finalizzato a promuovere una sorta di Piano Marshall contro la SLA attraverso il ricorso alla Ricerca Scientifica.<br \/>\nPer quanto sopra esposto, impegna il presidente della Giunta regionale, l\u2019Assessore regionale alla Sanit\u00e0, nonch\u00e9 l\u2019assessore regionale al Bilancio, affinch\u00e9, sentita  la Commissione Nazionale per la Ricerca Sanitaria sia istituita una Task Force formata da esperti con esperienza pregressa nel campo dell\u2019azione di contrasto alla SLA; la citata Task Force sia costituita, ove possibile, da almeno il 50 per cento di giovani ricercatori  pugliesi costretti a svolgere la loro attivit\u00e0 all\u2019estero;<br \/>\nall\u2019interno del Bilancio regionale sia istituito un Fondo speciale per la ricerca contro la SLA;<br \/>\na destinare a tale fondo l\u2019importo corrispondente all\u20191% dei fondi  riferibili al bilancio della Sanit\u00e0 regionale, comparto di cui ancora una volta si chiede una incisiva e  radicale lotta agli sprechi\u201d.<\/p>\n","protected":false},"excerpt":{"rendered":"<p>Il consigliere regionale Euprepio Curto ha presentato un ordine del giorno con cui impegna \u201cil presidente della Giunta regionale, l\u2019assessore regionale alla Sanit\u00e0, l\u2019assessore regionale al Bilancio, affinch\u00e9, sentita la Commissione Nazionale per la Ricerca Sanitaria, sia istituita una Task Force formata da esperti con esperienza pregressa nel campo dell\u2019azione di contrasto alla SLA\u201d. Di seguito il testo dell\u2019ordine del giorno. \u201cPremesso che: la SLA, altrimenti definita Morbo di Gehrig, \u00e8 una malattia neurodegenerativa da cui deriva l\u2019indebolimento e l\u2019atrofizzazione dei muscoli, con conseguenze gravissime per chi ne \u00e8 affetto, sia per ci\u00f2 che riguarda il livello di qualit\u00e0 della vita, sia per la loro stessa sopravvivenza. Questa patologia, fino a qualche tempo fa considerata rara, negli ultimi tempi si \u00e8 presentata sempre pi\u00f9 frequentemente, colpendo trasversalmente sia le diverse categorie sociali, sia le diverse aree geografiche, sia le diverse attivit\u00e0 professionali, dalle quali non risultano essere escluse quelle sportive e agonistiche, tant\u2019\u00e8 che da una indagine condotta dal Pm Raffaele Guariniello \u00e8 emerso che su un campione di circa&#8230;<\/p>\n","protected":false},"author":2,"featured_media":9479,"comment_status":"open","ping_status":"open","sticky":false,"template":"","format":"standard","meta":{"footnotes":""},"categories":[7],"tags":[353,2557],"class_list":["post-21093","post","type-post","status-publish","format-standard","has-post-thumbnail","hentry","category-news","tag-curto","tag-sla"],"_links":{"self":[{"href":"https:\/\/www.brundisium.net\/index.php\/wp-json\/wp\/v2\/posts\/21093","targetHints":{"allow":["GET"]}}],"collection":[{"href":"https:\/\/www.brundisium.net\/index.php\/wp-json\/wp\/v2\/posts"}],"about":[{"href":"https:\/\/www.brundisium.net\/index.php\/wp-json\/wp\/v2\/types\/post"}],"author":[{"embeddable":true,"href":"https:\/\/www.brundisium.net\/index.php\/wp-json\/wp\/v2\/users\/2"}],"replies":[{"embeddable":true,"href":"https:\/\/www.brundisium.net\/index.php\/wp-json\/wp\/v2\/comments?post=21093"}],"version-history":[{"count":0,"href":"https:\/\/www.brundisium.net\/index.php\/wp-json\/wp\/v2\/posts\/21093\/revisions"}],"wp:featuredmedia":[{"embeddable":true,"href":"https:\/\/www.brundisium.net\/index.php\/wp-json\/wp\/v2\/media\/9479"}],"wp:attachment":[{"href":"https:\/\/www.brundisium.net\/index.php\/wp-json\/wp\/v2\/media?parent=21093"}],"wp:term":[{"taxonomy":"category","embeddable":true,"href":"https:\/\/www.brundisium.net\/index.php\/wp-json\/wp\/v2\/categories?post=21093"},{"taxonomy":"post_tag","embeddable":true,"href":"https:\/\/www.brundisium.net\/index.php\/wp-json\/wp\/v2\/tags?post=21093"}],"curies":[{"name":"wp","href":"https:\/\/api.w.org\/{rel}","templated":true}]}}