{"id":211051,"date":"2023-08-12T16:46:10","date_gmt":"2023-08-12T14:46:10","guid":{"rendered":"https:\/\/www.brundisium.net\/?p=211051"},"modified":"2023-08-22T08:16:00","modified_gmt":"2023-08-22T06:16:00","slug":"a-mesagne-arriva-lo-stupor-mundi-il-suono-della-meraviglia-con-simona-molinari-marlene-kuntz-e-alice","status":"publish","type":"post","link":"https:\/\/www.brundisium.net\/index.php\/a-mesagne-arriva-lo-stupor-mundi-il-suono-della-meraviglia-con-simona-molinari-marlene-kuntz-e-alice\/","title":{"rendered":"A Mesagne arriva lo \u201cStupor Mundi \u2013 Il Suono della Meraviglia\u201d con Simona Molinari, Marlene Kuntz e Alice"},"content":{"rendered":"<p>Il suono della meraviglia fa tappa nella Capitale Pugliese della Cultura Mesagne. Tre gli eventi di musica dal vivo per tutti i gusti che andranno in scena in Piazza Orsini del Balzo. Si parte il 16 agosto 2023 alle 21.30 quando sul palco salir\u00e0 Simona Molinari, mentre il 18 agosto sar\u00e0 la volta della band dei Marlene Kuntz (eventi ad ingresso gratuito). Il 24 agosto 2023, a chiudere il festival \u201cStupor Mundi\u201d, sar\u00e0 Alice con un tributo al grande cantautore Franco Battiato (biglietti in prevendita sul circuito ticketone.it).<\/p>\n<p>L\u2019evento \u00e8 realizzato dalla New Music Promotion di Vincenzo Gianfreda e Daria Santoro e supportato dall\u2019amministrazione comunale di Mesagne, capitanata dal sindaco Tony Matarrelli che fortemente voluto questa serie di concerti nell\u2019anno in cui Mesagne \u00e8 la Capitale Pugliese della Cultura.<\/p>\n<p>&nbsp;<\/p>\n<p><a href=\"https:\/\/www.brundisium.net\/index.php\/a-mesagne-arriva-lo-stupor-mundi-il-suono-della-meraviglia-con-simona-molinari-marlene-kuntz-e-alice\/simona-molinari-3\/\" rel=\"attachment wp-att-211063\"><img loading=\"lazy\" decoding=\"async\" class=\"alignright size-medium wp-image-211063\" src=\"https:\/\/www.brundisium.net\/brun\/wp-content\/uploads\/2023\/08\/Simona-Molinari-300x200.jpg\" alt=\"\" width=\"300\" height=\"200\" srcset=\"https:\/\/www.brundisium.net\/brun\/wp-content\/uploads\/2023\/08\/Simona-Molinari-300x200.jpg 300w, https:\/\/www.brundisium.net\/brun\/wp-content\/uploads\/2023\/08\/Simona-Molinari-1024x683.jpg 1024w, https:\/\/www.brundisium.net\/brun\/wp-content\/uploads\/2023\/08\/Simona-Molinari-768x512.jpg 768w, https:\/\/www.brundisium.net\/brun\/wp-content\/uploads\/2023\/08\/Simona-Molinari-1536x1024.jpg 1536w, https:\/\/www.brundisium.net\/brun\/wp-content\/uploads\/2023\/08\/Simona-Molinari-2048x1366.jpg 2048w\" sizes=\"auto, (max-width: 300px) 100vw, 300px\" \/><\/a>Sar\u00e0 Simona Molinari ad aprire la kermesse il 16 agosto ore 21.30. Recentemente insignita della Targa Tenco come migliore interprete per l\u2019album \u201cPetali\u201d, torna live con un repertorio che spazier\u00e0 dai suoi brani pi\u00f9 celebri, a reinterpretazioni in chiave personale di alcuni successi del cantautorato italiano per lei significativi, fino ai brani contenuti in \u201cPetali\u201d, album che ha riportato l\u2019artista sulla scena discografica con la sua eccezionale vocalit\u00e0 e raffinatezza nella versione pi\u00f9 intima e libera di s\u00e9, a seguito di un\u2019evoluzione personale e una rivoluzione artistica. Ad accompagnarla sul palco un quartetto di grandi musicisti formato da Claudio Filippini (pianoforte), Egidio Marchitelli (chitarra), Nicola Di Camillo (basso) e Fabio Colella (batteria).<\/p>\n<p>&nbsp;<\/p>\n<p><a href=\"https:\/\/www.brundisium.net\/index.php\/a-mesagne-arriva-lo-stupor-mundi-il-suono-della-meraviglia-con-simona-molinari-marlene-kuntz-e-alice\/marlene-kuntz\/\" rel=\"attachment wp-att-211064\"><img loading=\"lazy\" decoding=\"async\" class=\"size-medium wp-image-211064 alignleft\" src=\"https:\/\/www.brundisium.net\/brun\/wp-content\/uploads\/2023\/08\/Marlene-Kuntz-300x203.jpeg\" alt=\"\" width=\"300\" height=\"203\" srcset=\"https:\/\/www.brundisium.net\/brun\/wp-content\/uploads\/2023\/08\/Marlene-Kuntz-300x203.jpeg 300w, https:\/\/www.brundisium.net\/brun\/wp-content\/uploads\/2023\/08\/Marlene-Kuntz-1024x692.jpeg 1024w, https:\/\/www.brundisium.net\/brun\/wp-content\/uploads\/2023\/08\/Marlene-Kuntz-768x519.jpeg 768w, https:\/\/www.brundisium.net\/brun\/wp-content\/uploads\/2023\/08\/Marlene-Kuntz.jpeg 1259w\" sizes=\"auto, (max-width: 300px) 100vw, 300px\" \/><\/a>Secondo appuntamento con i Marlene Kuntz il 18 agosto 2023 ore 21.30 sempre in piazza Orsini del Balzo. Sul palco Cristiano Godano (chitarra e voce), Riccardo Tesio (chitarre), Luca \u201cLagash\u201d Saporiti (basso), Davide Arneodo (tastiere e violino) e Niccol\u00f2 Fornabaio (batteria). In programma il repertorio tradizionale dei Marlene Kuntz insieme ai brani dell\u2019ultimo album: \u201cKARMA CLIMA\u201d. Il rider dei Marlene Kuntz \u00e8 stato certificato Ecorider da Worldrise Onlus, poich\u00e9 non prevede l\u2019utilizzo di plastica monouso e imballaggio, minimizza gli sprechi e facilita il corretto smaltimento dei rifiuti. Durante il tour, i Marlene Kuntz utilizzano le borracce ufficiali dell&#8217;opera relazionale Uno Di Un Milione realizzata sul monte Pejo3000 nel Parco Nazionale dello Stelvio in Val di Sole per sensibilizzare comunit\u00e0 residente e Turismo sulla tutela del patrimonio idrico della Val di Sole.<\/p>\n<p>\u201cKarma Clima\u201d, l\u2019ampio progetto dei Marlene Kuntz che unisce arte e sostenibilit\u00e0, \u00e8 diventato anche un documentario, in selezione ufficiale al 71. Trento Film Festival. Con la regia di Michele Piazza, il documentario, prodotto da Flash Future e Ala Bianca (produttore associato), racconta le tre residenze artistiche che hanno dato vita all\u2019omonimo disco. Il processo di produzione di \u201cKARMA CLIMA\u201d interamente dedicato alla necessit\u00e0 di aprire un dialogo e un\u2019operativit\u00e0 concreta in merito al cambiamento climatico, \u00e8 stato inserito nel Rapporto Symbola \u201cIo sono cultura\u201d, nel capitolo \u201cL\u2019innovazione culturale che verr\u00e0\u201d, come case history di successo.<\/p>\n<p>&nbsp;<\/p>\n<p><a href=\"https:\/\/www.brundisium.net\/index.php\/a-mesagne-arriva-lo-stupor-mundi-il-suono-della-meraviglia-con-simona-molinari-marlene-kuntz-e-alice\/alice-2\/\" rel=\"attachment wp-att-211062\"><img loading=\"lazy\" decoding=\"async\" class=\"alignright size-medium wp-image-211062\" src=\"https:\/\/www.brundisium.net\/brun\/wp-content\/uploads\/2023\/08\/Alice-300x200.jpeg\" alt=\"\" width=\"300\" height=\"200\" srcset=\"https:\/\/www.brundisium.net\/brun\/wp-content\/uploads\/2023\/08\/Alice-300x200.jpeg 300w, https:\/\/www.brundisium.net\/brun\/wp-content\/uploads\/2023\/08\/Alice-768x512.jpeg 768w, https:\/\/www.brundisium.net\/brun\/wp-content\/uploads\/2023\/08\/Alice.jpeg 1024w\" sizes=\"auto, (max-width: 300px) 100vw, 300px\" \/><\/a>A chiudere la tre giorni de \u201cil suono della maraviglia\u201d a Mesagne ci sar\u00e0 Alice con un tributo al maestro Franco Battiato, appuntamento alle ore 21.30. \u201cEri come me, Alice canta Battiato\u201d \u00e8 il nuovo live tour 2023, che continua con nuovi brani in scaletta tratti dal recente album, come Da Oriente a Occidente e Sui giardini della preesistenza, e altri che invece da molto tempo appartengono al repertorio live e discografico di Alice, come La cura, canzoni dai diversi periodi compositivi di Battiato, e quelle nate dalle loro numerose collaborazioni a partire dal 1980 e che hanno scritto insieme come Per Elisa, i loro duetti tra cui I treni di Tozeur e anche i brani che Battiato ha scritto pi\u00f9 recentemente per Alice come Veleni e Eri con me, che d\u00e0 il titolo all&#8217;album e al tour. Alice, con la sua personalit\u00e0 vocale unica e un percorso artistico sempre in evoluzione, si fa ancora una volta strumento della musica di Franco Battiato e di ci\u00f2 che ha trasmesso, attraverso le canzoni a cui sente di aderire pienamente.<\/p>\n<p>Nella formazione in trio, al consolidato concerto, con Alice accompagnata da Carlo Guaitoli al pianoforte, si aggiunge il timbro caldo del violoncello di Chiara Trentin. Per alcuni concerti speciali questa estate, Alice sar\u00e0 invece accompagnata dall\u2019orchestra I Solisti Filarmonici Italiani, con Carlo Guaitoli al pianoforte e direzione.<\/p>\n","protected":false},"excerpt":{"rendered":"<p>Il suono della meraviglia fa tappa nella Capitale Pugliese della Cultura Mesagne. Tre gli eventi di musica dal vivo per tutti i gusti che andranno in scena in Piazza Orsini del Balzo. Si parte il 16 agosto 2023 alle 21.30 quando sul palco salir\u00e0 Simona Molinari, mentre il 18 agosto sar\u00e0 la volta della band dei Marlene Kuntz (eventi ad ingresso gratuito). Il 24 agosto 2023, a chiudere il festival \u201cStupor Mundi\u201d, sar\u00e0 Alice con un tributo al grande cantautore Franco Battiato (biglietti in prevendita sul circuito ticketone.it). L\u2019evento \u00e8 realizzato dalla New Music Promotion di Vincenzo Gianfreda e Daria Santoro e supportato dall\u2019amministrazione comunale di Mesagne, capitanata dal sindaco Tony Matarrelli che fortemente voluto questa serie di concerti nell\u2019anno in cui Mesagne \u00e8 la Capitale Pugliese della Cultura. &nbsp; Sar\u00e0 Simona Molinari ad aprire la kermesse il 16 agosto ore 21.30. Recentemente insignita della Targa Tenco come migliore interprete per l\u2019album \u201cPetali\u201d, torna live con un repertorio che spazier\u00e0 dai suoi brani pi\u00f9 celebri, a reinterpretazioni in chiave personale&#8230;<\/p>\n","protected":false},"author":2,"featured_media":211061,"comment_status":"open","ping_status":"closed","sticky":false,"template":"","format":"standard","meta":{"footnotes":""},"categories":[189,7],"tags":[],"class_list":["post-211051","post","type-post","status-publish","format-standard","has-post-thumbnail","hentry","category-musica-2","category-news"],"_links":{"self":[{"href":"https:\/\/www.brundisium.net\/index.php\/wp-json\/wp\/v2\/posts\/211051","targetHints":{"allow":["GET"]}}],"collection":[{"href":"https:\/\/www.brundisium.net\/index.php\/wp-json\/wp\/v2\/posts"}],"about":[{"href":"https:\/\/www.brundisium.net\/index.php\/wp-json\/wp\/v2\/types\/post"}],"author":[{"embeddable":true,"href":"https:\/\/www.brundisium.net\/index.php\/wp-json\/wp\/v2\/users\/2"}],"replies":[{"embeddable":true,"href":"https:\/\/www.brundisium.net\/index.php\/wp-json\/wp\/v2\/comments?post=211051"}],"version-history":[{"count":2,"href":"https:\/\/www.brundisium.net\/index.php\/wp-json\/wp\/v2\/posts\/211051\/revisions"}],"predecessor-version":[{"id":211066,"href":"https:\/\/www.brundisium.net\/index.php\/wp-json\/wp\/v2\/posts\/211051\/revisions\/211066"}],"wp:featuredmedia":[{"embeddable":true,"href":"https:\/\/www.brundisium.net\/index.php\/wp-json\/wp\/v2\/media\/211061"}],"wp:attachment":[{"href":"https:\/\/www.brundisium.net\/index.php\/wp-json\/wp\/v2\/media?parent=211051"}],"wp:term":[{"taxonomy":"category","embeddable":true,"href":"https:\/\/www.brundisium.net\/index.php\/wp-json\/wp\/v2\/categories?post=211051"},{"taxonomy":"post_tag","embeddable":true,"href":"https:\/\/www.brundisium.net\/index.php\/wp-json\/wp\/v2\/tags?post=211051"}],"curies":[{"name":"wp","href":"https:\/\/api.w.org\/{rel}","templated":true}]}}