{"id":21351,"date":"2014-09-04T18:37:08","date_gmt":"2014-09-04T16:37:08","guid":{"rendered":"http:\/\/www.brundisium.net\/brun\/?p=21351"},"modified":"2014-09-04T18:39:59","modified_gmt":"2014-09-04T16:39:59","slug":"medieval-fest-da-domani-brindisi-torna-a-rivivere-latmosfera-federiciana","status":"publish","type":"post","link":"https:\/\/www.brundisium.net\/index.php\/medieval-fest-da-domani-brindisi-torna-a-rivivere-latmosfera-federiciana\/","title":{"rendered":"Medieval Fest: da domani Brindisi torna a rivivere l&#8217;atmosfera federiciana"},"content":{"rendered":"<p>Anche quest\u2019anno il \u201cMedieval Fest\u201d vive il suo momento clou negli stessi giorni in cui la comunit\u00e0 celebra San Teodoro e San Lorenzo.<br \/>\nVenerd\u00ec 5 settembre e sabato 6 settembre Brindisi torner\u00e0 ad ospitare infatti, una serie di eventi in grado di catalizzare l\u2019attenzione degli appassionati e non solo.<br \/>\nL\u2019intreccio tra ricostruzione storica e culto si concretizzer\u00e0 in piazza Duomo, all\u2019interno del museo Mapri lungo le strade percorse dal tradizionale corteo religioso.<\/p>\n<p>&nbsp;<br \/>\nEcco gli appuntamenti previsti.<br \/>\nVenerd\u00ec 5 e sabato 6 settembre (dalle 19.00 in poi) in Piazza Duomo: laboratori didattici e ludoteca medievale con tantissime attrazioni.<br \/>\nVenerd\u00ec 5 e sabato 6 settembre nella corte del Museo Mapri: attivit\u00e0 medievali filologiche a cura della compagnia \u201cMilites Friderici\u201d di Oria<br \/>\nVenerd\u00ec 5 settembre in Piazza Duomo: spettacolo teatrale \u201cInferno e Passione di Carmina Burana\u201d da Dante Alighieri e J.A. Schmeller. Sul palco il regista-attore di Beppe Lo Parco e l\u2019attrice Giusy Faggiano (l\u2019attrice Giusy Faggiano nei panni di Beatrice e Francesca da Rimini). L\u2019evento vedr\u00e0 la presenza straordinaria di Alessandro Haber. Nel corso dello spettacolo esibizione del soprano Mafalda Baccaro.<br \/>\nSabato 6 settembre dal Lungomare: corteggio storico a integrazione del tradizionale corteo con le statue dei santi patroni.<br \/>\nSabato 6 settembre, centro storico: presenza di artisti medievali, giullari e rievocatori.<\/p>\n<p>&nbsp;<\/p>\n<p>&nbsp;<\/p>\n<p><strong>Specifiche su laboratori didattici e Ludoteca Medievale<\/strong><br \/>\nLa dimensione didattica del Medieval Fest \u00e8 confermata anche nell\u2019edizione di quest\u2019anno e si concretizzer\u00e0, venerd\u00ec 5 e sabato 6 con la presenza di alcune interessanti installazioni\/attrazioni a cura del \u201cCentro di Attivit\u00e0 Culturali LA RIBECA Onlus\u201d di Castellaneta.<br \/>\nUna vera e propria ricostruzione filologica dedicata al Medioevo e al mondo dei giochi infantili.<br \/>\nIl tutto sar\u00e0 allestito tra Piazza Duomo e la corte del Museo Archeologico Provinciale e consentir\u00e0, ai visitatori (dalle ore 19.00 in poi) di vivere un\u2019esperienza indimenticabile partecipando a laboratori didattici storici e a una lunga serie di giochi medievali.<br \/>\nI laboratori didattici, nella fattispecie, saranno quattro. Ognuno \u00e8 mirato a insegnare i fondamentali dei seguenti mestieri: Cerusico, Speziale, Terracottaio e Pupazzeria.<br \/>\nLa ludoteca medievale prevede 10 postazioni di giochi storici medievali e 10 postazioni di giochi dinamici a Km 0: gioco dell\u2019anello lanciato; gioco del gagliardetto; assalto alla torre; gioco delle uova; paliotto dei piccini con premi finali; pelota; labirinto orizzontale; labirinto verticale; flipperius; clavettius con ferule; lancio delle tre palle e un soldo; tiro con l\u2019arco; ludus in tabula; ruzzola; lumache sul prato; la poltrona del re; tiro alla fune; cavalli e cavalieri; teatrino dei burattini.<\/p>\n<p>&nbsp;<\/p>\n<p>&nbsp;<\/p>\n<p><strong>Specifica su attivit\u00e0 filologiche dei \u201cMilites Friderici\u201d di Oria<\/strong><br \/>\nLa Compagnia d\u2019Armi Milites Friderici II di Oria (da sempre impegnata nella ricostruzione filologica attraverso uno studio specifico e capillare delle fonti storiografiche) parteciper\u00e0 al Medieval Fest e sar\u00e0 presente all\u2019interno del chiostro del Museo Archeologico Provinciale \u201cRibezzo\u201d con le seguenti attivit\u00e0:<br \/>\n<strong>Telaio a tavolette:<\/strong> Si utilizza per realizzare cinture e passamanerie con un particolare intreccio ad effetto ordito. I primi telai a tavolette risalgono a quasi 2500 anni fa. La tecnica utilizzata \u00e8 abbastanza complessa e sono in pochi, ai giorni nostri, a saper applicarla.<br \/>\n<strong>Mastro Arcaio:<\/strong> dimostrazione della costruzione di archi, in particolare, long bow, utilizzando diverse tecniche e diversi tipo di legno come il tasso e il giunco.<br \/>\n<strong>Giochi Medievali:<\/strong> ricostruzione di alcuni dei giochi utilizzati e diffusi nel periodo che va dal X al XIII sec.<\/p>\n","protected":false},"excerpt":{"rendered":"<p>Anche quest\u2019anno il \u201cMedieval Fest\u201d vive il suo momento clou negli stessi giorni in cui la comunit\u00e0 celebra San Teodoro e San Lorenzo. Venerd\u00ec 5 settembre e sabato 6 settembre Brindisi torner\u00e0 ad ospitare infatti, una serie di eventi in grado di catalizzare l\u2019attenzione degli appassionati e non solo. L\u2019intreccio tra ricostruzione storica e culto si concretizzer\u00e0 in piazza Duomo, all\u2019interno del museo Mapri lungo le strade percorse dal tradizionale corteo religioso. &nbsp; Ecco gli appuntamenti previsti. Venerd\u00ec 5 e sabato 6 settembre (dalle 19.00 in poi) in Piazza Duomo: laboratori didattici e ludoteca medievale con tantissime attrazioni. Venerd\u00ec 5 e sabato 6 settembre nella corte del Museo Mapri: attivit\u00e0 medievali filologiche a cura della compagnia \u201cMilites Friderici\u201d di Oria Venerd\u00ec 5 settembre in Piazza Duomo: spettacolo teatrale \u201cInferno e Passione di Carmina Burana\u201d da Dante Alighieri e J.A. Schmeller. Sul palco il regista-attore di Beppe Lo Parco e l\u2019attrice Giusy Faggiano (l\u2019attrice Giusy Faggiano nei panni di Beatrice e Francesca da Rimini). L\u2019evento vedr\u00e0 la presenza straordinaria di Alessandro&#8230;<\/p>\n","protected":false},"author":2,"featured_media":21194,"comment_status":"open","ping_status":"open","sticky":false,"template":"","format":"standard","meta":{"footnotes":""},"categories":[7],"tags":[85],"class_list":["post-21351","post","type-post","status-publish","format-standard","has-post-thumbnail","hentry","category-news","tag-medieval-fest"],"_links":{"self":[{"href":"https:\/\/www.brundisium.net\/index.php\/wp-json\/wp\/v2\/posts\/21351","targetHints":{"allow":["GET"]}}],"collection":[{"href":"https:\/\/www.brundisium.net\/index.php\/wp-json\/wp\/v2\/posts"}],"about":[{"href":"https:\/\/www.brundisium.net\/index.php\/wp-json\/wp\/v2\/types\/post"}],"author":[{"embeddable":true,"href":"https:\/\/www.brundisium.net\/index.php\/wp-json\/wp\/v2\/users\/2"}],"replies":[{"embeddable":true,"href":"https:\/\/www.brundisium.net\/index.php\/wp-json\/wp\/v2\/comments?post=21351"}],"version-history":[{"count":5,"href":"https:\/\/www.brundisium.net\/index.php\/wp-json\/wp\/v2\/posts\/21351\/revisions"}],"predecessor-version":[{"id":21367,"href":"https:\/\/www.brundisium.net\/index.php\/wp-json\/wp\/v2\/posts\/21351\/revisions\/21367"}],"wp:featuredmedia":[{"embeddable":true,"href":"https:\/\/www.brundisium.net\/index.php\/wp-json\/wp\/v2\/media\/21194"}],"wp:attachment":[{"href":"https:\/\/www.brundisium.net\/index.php\/wp-json\/wp\/v2\/media?parent=21351"}],"wp:term":[{"taxonomy":"category","embeddable":true,"href":"https:\/\/www.brundisium.net\/index.php\/wp-json\/wp\/v2\/categories?post=21351"},{"taxonomy":"post_tag","embeddable":true,"href":"https:\/\/www.brundisium.net\/index.php\/wp-json\/wp\/v2\/tags?post=21351"}],"curies":[{"name":"wp","href":"https:\/\/api.w.org\/{rel}","templated":true}]}}