{"id":214871,"date":"2023-10-31T09:27:41","date_gmt":"2023-10-31T08:27:41","guid":{"rendered":"https:\/\/www.brundisium.net\/?p=214871"},"modified":"2023-10-31T09:27:41","modified_gmt":"2023-10-31T08:27:41","slug":"francavilla-celebra-la-giornata-dellunita-nazionale-e-delle-forze-armate","status":"publish","type":"post","link":"https:\/\/www.brundisium.net\/index.php\/francavilla-celebra-la-giornata-dellunita-nazionale-e-delle-forze-armate\/","title":{"rendered":"Francavilla celebra la Giornata dell\u2019Unit\u00e0 Nazionale e delle Forze Armate"},"content":{"rendered":"<p>Sabato 4 novembre alle 10.30 in Piazza Vittorio Emanuele II si terr\u00e0 una cerimonia istituzionale in occasione della Giornata dell\u2019Unit\u00e0 Nazionale e delle Forze Armate.<\/p>\n<p>&nbsp;<\/p>\n<p>La manifestazione, anticipata da una funzione religiosa presso la Basilica Minore del Santissimo Rosario, sar\u00e0 aperta dallo schieramento delle Autorit\u00e0 Civili e Militari, cui seguir\u00e0 l\u2019alzabandiera con l\u2019esecuzione dell\u2019Inno Nazionale.<\/p>\n<p>&nbsp;<\/p>\n<p>Dopo la deposizione di una corona d\u2019alloro al Monumento ai Caduti da parte del Sindaco Antonello Denuzzo, prender\u00e0 la parola il Ten. Col. Vincenzo Fornaro, Comandante del Centro Logistico Munizionamento e Armamento dell&#8217;Aeronautica Militare &#8211; Gruppo Rifornimenti Area Sud.<\/p>\n<p>&nbsp;<\/p>\n<p>Le conclusioni saranno a cura del Sindaco Antonello Denuzzo.<\/p>\n<p>&nbsp;<\/p>\n<p>Il 4 novembre, oltre a celebrare l&#8217;Armistizio di Villa Giusti del 1918, \u00e8 dedicato alla memoria di tutti i caduti per l\u2019Italia. La figura che incarna simbolicamente il sacrificio di migliaia di giovani vite \u00e8 il Milite Ignoto. Questo soldato anonimo, morto nel corso della Prima guerra mondiale, riposa da 102 anni nel sacello dell\u2019Altare della Patria.<\/p>\n<p>&nbsp;<\/p>\n<p>L\u2019anonimato di ieri, a distanza di pi\u00f9 di un secolo, si \u00e8 trasformato in un senso di rinnovata appartenenza grazie alla campagna avviata dalle Medaglie d\u2019Oro al valor Militare e ANCI, che hanno promosso in occasione del centenario della tumulazione il riconoscimento della Cittadinanza Onoraria del Milite Ignoto nei Comuni italiani.<\/p>\n<p>&nbsp;<\/p>\n<p>L\u2019iniziativa, dal profondo significato simbolico, \u00e8 stata sposata dal Consiglio Comunale di Francavilla Fontana che, su proposta del Sindaco Antonello Denuzzo, ha conferito proprio il 4 novembre di due anni fa la Cittadinanza Onoraria di Francavilla Fontana al Milite Ignoto.<\/p>\n<p>&nbsp;<\/p>\n<p><em><strong>Comune di Francavilla Fontana<\/strong><\/em><\/p>\n","protected":false},"excerpt":{"rendered":"<p>Sabato 4 novembre alle 10.30 in Piazza Vittorio Emanuele II si terr\u00e0 una cerimonia istituzionale in occasione della Giornata dell\u2019Unit\u00e0 Nazionale e delle Forze Armate. &nbsp; La manifestazione, anticipata da una funzione religiosa presso la Basilica Minore del Santissimo Rosario, sar\u00e0 aperta dallo schieramento delle Autorit\u00e0 Civili e Militari, cui seguir\u00e0 l\u2019alzabandiera con l\u2019esecuzione dell\u2019Inno Nazionale. &nbsp; Dopo la deposizione di una corona d\u2019alloro al Monumento ai Caduti da parte del Sindaco Antonello Denuzzo, prender\u00e0 la parola il Ten. Col. Vincenzo Fornaro, Comandante del Centro Logistico Munizionamento e Armamento dell&#8217;Aeronautica Militare &#8211; Gruppo Rifornimenti Area Sud. &nbsp; Le conclusioni saranno a cura del Sindaco Antonello Denuzzo. &nbsp; Il 4 novembre, oltre a celebrare l&#8217;Armistizio di Villa Giusti del 1918, \u00e8 dedicato alla memoria di tutti i caduti per l\u2019Italia. La figura che incarna simbolicamente il sacrificio di migliaia di giovani vite \u00e8 il Milite Ignoto. Questo soldato anonimo, morto nel corso della Prima guerra mondiale, riposa da 102 anni nel sacello dell\u2019Altare della Patria. &nbsp; L\u2019anonimato di ieri, a distanza&#8230;<\/p>\n","protected":false},"author":2,"featured_media":214873,"comment_status":"open","ping_status":"closed","sticky":false,"template":"","format":"standard","meta":{"footnotes":""},"categories":[7],"tags":[],"class_list":["post-214871","post","type-post","status-publish","format-standard","has-post-thumbnail","hentry","category-news"],"_links":{"self":[{"href":"https:\/\/www.brundisium.net\/index.php\/wp-json\/wp\/v2\/posts\/214871","targetHints":{"allow":["GET"]}}],"collection":[{"href":"https:\/\/www.brundisium.net\/index.php\/wp-json\/wp\/v2\/posts"}],"about":[{"href":"https:\/\/www.brundisium.net\/index.php\/wp-json\/wp\/v2\/types\/post"}],"author":[{"embeddable":true,"href":"https:\/\/www.brundisium.net\/index.php\/wp-json\/wp\/v2\/users\/2"}],"replies":[{"embeddable":true,"href":"https:\/\/www.brundisium.net\/index.php\/wp-json\/wp\/v2\/comments?post=214871"}],"version-history":[{"count":1,"href":"https:\/\/www.brundisium.net\/index.php\/wp-json\/wp\/v2\/posts\/214871\/revisions"}],"predecessor-version":[{"id":214874,"href":"https:\/\/www.brundisium.net\/index.php\/wp-json\/wp\/v2\/posts\/214871\/revisions\/214874"}],"wp:featuredmedia":[{"embeddable":true,"href":"https:\/\/www.brundisium.net\/index.php\/wp-json\/wp\/v2\/media\/214873"}],"wp:attachment":[{"href":"https:\/\/www.brundisium.net\/index.php\/wp-json\/wp\/v2\/media?parent=214871"}],"wp:term":[{"taxonomy":"category","embeddable":true,"href":"https:\/\/www.brundisium.net\/index.php\/wp-json\/wp\/v2\/categories?post=214871"},{"taxonomy":"post_tag","embeddable":true,"href":"https:\/\/www.brundisium.net\/index.php\/wp-json\/wp\/v2\/tags?post=214871"}],"curies":[{"name":"wp","href":"https:\/\/api.w.org\/{rel}","templated":true}]}}