{"id":214934,"date":"2023-11-01T13:37:17","date_gmt":"2023-11-01T12:37:17","guid":{"rendered":"https:\/\/www.brundisium.net\/?p=214934"},"modified":"2023-11-01T19:25:09","modified_gmt":"2023-11-01T18:25:09","slug":"patologie-oncologiche-a-brindisi-un-convegno-su-terapie-cure-palliative-e-futuro-della-ricerca","status":"publish","type":"post","link":"https:\/\/www.brundisium.net\/index.php\/patologie-oncologiche-a-brindisi-un-convegno-su-terapie-cure-palliative-e-futuro-della-ricerca\/","title":{"rendered":"Patologie oncologiche: a Brindisi un convegno su terapie, cure palliative e futuro della ricerca"},"content":{"rendered":"<p>Il presente e il futuro nella cura delle patologie oncologiche saranno al centro di un convegno &#8211; dal titolo \u201cNext generation of cancer care (Ngcc): from breast cancer to palliative care\u201d &#8211; in programma a Brindisi il 3 e 4 novembre nell\u2019hotel Internazionale. Presidenti delle sessioni: Palma Fedele e Vito Fumai; segreteria scientifica: Antonietta Pignatelli e Anna Santoro.<br \/>\nL\u2019evento, patrocinato dalla Asl Brindisi, si aprir\u00e0 venerd\u00ec 3 dalle 14.30 con interventi sulle terapie del tumore al seno e sul supporto nel management del breast cancer. Seguir\u00e0 la presentazione del libro \u201cNovit\u00e0 nella terapia medica dei tumori\u201d; editore: Palma Fedele, co-editori: Antonio Cusmai, Antonella Ferro, Antonio Gnoni, Matteo Landriscina, Claudio Lotesoriere, Pierluca Maglio, Ida Paris, Sara Rebuzzi, Pasquale Rescigno, Alessandro Rizzo, Valeria Sanna, introduzione di Domenico Mantoan e Elio Borgonovi, presentazione di Giuseppe Curigliano. Sabato 4 novembre, a partire dalle 8.45, si parler\u00e0 di aspetti clinici e terapeutici del paziente in cure palliative, del ruolo del Dipartimento ionico-adriatico e degli scenari futuri.<br \/>\n\u201cIl convegno &#8211; spiega Palma Fedele, direttore dell\u2019Unit\u00e0 operativa di Oncologia del Camberlingo di Francavilla Fontana &#8211; ha l\u2019obiettivo di esplorare le innovazioni nel cancer management. Vuole rappresentare un momento di confronto e approfondimento sui diversi aspetti del trattamento della malattia neoplastica e favorire una aperta discussione fra esperti, con un particolare coinvolgimento dei pi\u00f9 giovani. Questo appuntamento &#8211; prosegue &#8211; focalizzer\u00e0 l\u2019attenzione sui progressi che sono stati registrati nel trattamento del breast cancer, che hanno consentito di rivoluzionare l\u2019algoritmo terapeutico di questa patologia in tutti i suoi sottotipi e hanno portato a un incremento di sopravvivenza. La seconda giornata sar\u00e0 dedicata a una overview sull\u2019importanza delle cure simultanee e palliative nel management del paziente oncologico in tutti gli step del patient journey, allo scopo di condividere percorsi e procedure fra le diverse professionalit\u00e0 coinvolte. Inoltre, \u00e8 in programma un focus sul futuro della ricerca clinica oncologica e sui modelli assistenziali innovativi\u201d.<\/p>\n<p>UFFICIO STAMPA ASL BRINDISI<\/p>\n","protected":false},"excerpt":{"rendered":"<p>Il presente e il futuro nella cura delle patologie oncologiche saranno al centro di un convegno &#8211; dal titolo \u201cNext generation of cancer care (Ngcc): from breast cancer to palliative care\u201d &#8211; in programma a Brindisi il 3 e 4 novembre nell\u2019hotel Internazionale. Presidenti delle sessioni: Palma Fedele e Vito Fumai; segreteria scientifica: Antonietta Pignatelli e Anna Santoro. L\u2019evento, patrocinato dalla Asl Brindisi, si aprir\u00e0 venerd\u00ec 3 dalle 14.30 con interventi sulle terapie del tumore al seno e sul supporto nel management del breast cancer. Seguir\u00e0 la presentazione del libro \u201cNovit\u00e0 nella terapia medica dei tumori\u201d; editore: Palma Fedele, co-editori: Antonio Cusmai, Antonella Ferro, Antonio Gnoni, Matteo Landriscina, Claudio Lotesoriere, Pierluca Maglio, Ida Paris, Sara Rebuzzi, Pasquale Rescigno, Alessandro Rizzo, Valeria Sanna, introduzione di Domenico Mantoan e Elio Borgonovi, presentazione di Giuseppe Curigliano. Sabato 4 novembre, a partire dalle 8.45, si parler\u00e0 di aspetti clinici e terapeutici del paziente in cure palliative, del ruolo del Dipartimento ionico-adriatico e degli scenari futuri. \u201cIl convegno &#8211; spiega Palma Fedele, direttore dell\u2019Unit\u00e0 operativa&#8230;<\/p>\n","protected":false},"author":2,"featured_media":214935,"comment_status":"open","ping_status":"closed","sticky":false,"template":"","format":"standard","meta":{"footnotes":""},"categories":[7],"tags":[],"class_list":["post-214934","post","type-post","status-publish","format-standard","has-post-thumbnail","hentry","category-news"],"_links":{"self":[{"href":"https:\/\/www.brundisium.net\/index.php\/wp-json\/wp\/v2\/posts\/214934","targetHints":{"allow":["GET"]}}],"collection":[{"href":"https:\/\/www.brundisium.net\/index.php\/wp-json\/wp\/v2\/posts"}],"about":[{"href":"https:\/\/www.brundisium.net\/index.php\/wp-json\/wp\/v2\/types\/post"}],"author":[{"embeddable":true,"href":"https:\/\/www.brundisium.net\/index.php\/wp-json\/wp\/v2\/users\/2"}],"replies":[{"embeddable":true,"href":"https:\/\/www.brundisium.net\/index.php\/wp-json\/wp\/v2\/comments?post=214934"}],"version-history":[{"count":1,"href":"https:\/\/www.brundisium.net\/index.php\/wp-json\/wp\/v2\/posts\/214934\/revisions"}],"predecessor-version":[{"id":214936,"href":"https:\/\/www.brundisium.net\/index.php\/wp-json\/wp\/v2\/posts\/214934\/revisions\/214936"}],"wp:featuredmedia":[{"embeddable":true,"href":"https:\/\/www.brundisium.net\/index.php\/wp-json\/wp\/v2\/media\/214935"}],"wp:attachment":[{"href":"https:\/\/www.brundisium.net\/index.php\/wp-json\/wp\/v2\/media?parent=214934"}],"wp:term":[{"taxonomy":"category","embeddable":true,"href":"https:\/\/www.brundisium.net\/index.php\/wp-json\/wp\/v2\/categories?post=214934"},{"taxonomy":"post_tag","embeddable":true,"href":"https:\/\/www.brundisium.net\/index.php\/wp-json\/wp\/v2\/tags?post=214934"}],"curies":[{"name":"wp","href":"https:\/\/api.w.org\/{rel}","templated":true}]}}