{"id":216277,"date":"2023-11-28T11:57:15","date_gmt":"2023-11-28T10:57:15","guid":{"rendered":"https:\/\/www.brundisium.net\/?p=216277"},"modified":"2023-11-28T11:58:38","modified_gmt":"2023-11-28T10:58:38","slug":"via-del-mare-sara-intitolata-a-domenico-mennitti-passa-allunanimita-la-mozione-presentata-da-roberto-quarta","status":"publish","type":"post","link":"https:\/\/www.brundisium.net\/index.php\/via-del-mare-sara-intitolata-a-domenico-mennitti-passa-allunanimita-la-mozione-presentata-da-roberto-quarta\/","title":{"rendered":"Via del Mare sar\u00e0 intitolata a Domenico Mennitti: passa all&#8217;unanimit\u00e0 la mozione presentata da Roberto Quarta"},"content":{"rendered":"<p>E&#8217; passata all&#8217;unanimit\u00e0 dei presenti in consiglio comunale la mozione presentata da Roberto Quarta per l&#8217;intitolazione di una via della citt\u00e0 di Brindisi a Domenico Mennitti.<br \/>\nGli interventi dei consiglieri Quarta, Luperti, Cannalire, Mevoli, Fusco, Rossi, Di Donna e Vantaggiato hanno messo tutti in evidenza le grandi qualit\u00e0 di uomo e politico del Sindaco di Brindisi.<\/p>\n<p>Questo il testo della mozione approvata:<br \/>\n<em><br \/>\nOggetto: Mozione per l\u2019intitolazione di una via della citt\u00e0 di Brindisi a Domenico Mennitti, intellettuale, uomo di cultura, Europarlamentare, illustre figura di Sindaco.<\/em><\/p>\n<p><em><br \/>\nPREMESSO che l\u2019intento di questa mozione \u00e8 quello di perpetuare la memoria di una delle figure pi\u00f9 significative della nostra comunit\u00e0, avanzo al Consiglio Comunale formalmente la richiesta di esprimersi in favore dell\u2019intitolazione di una via a Domenico Mennitti, un intellettuale, un uomo di cultura, il cui operato da Sindaco ha inciso fortemente sulla qualit\u00e0 della vita promuovendo come valori fondanti la cultura e il senso di comunit\u00e0 dei nostri concittadini.<\/em><\/p>\n<p><em><br \/>\nCONSIDERATO i numerosi e variegati contributi che Domenico Mennitti ha dato alla Citt\u00e0 di Brindisi tra cui ricordiamo:<br \/>\nRigenerazione urbana e ambientale: Domenico Mennitti ha profuso un impegno profondo e accurato nel ricucire il tessuto urbano della nostra citt\u00e0, dando impulso a un ampio programma di riqualificazione che ha visto la trasformazione di aree dismesse in spazi verdi, palazzi storici, centri culturali e zone residenziali sostenibili. Le sue politiche hanno favorito la nascita di polmoni verdi, vedi il parco Di Giulio, spazi per l\u2019incontro comunitario e percorsi ciclabili che avrebbero proiettato Brindisi verso un modello di sviluppo urbano sostenibile.<br \/>\nIl suo impulso alla creazione di un sistema di parchi cittadini e la sua visione intesa a superare il modello di sviluppo industriale in senso tradizionale e pi\u00f9 aderente alle originali vocazioni del territorio, sono stati particolarmente visionari, contribuendo a stimolare la cittadinanza a una nuova visione di rapporto con la citt\u00e0, offrendo l\u2019opportunit\u00e0 di un rigenerato ecosistema di relazioni comunitarie.<br \/>\nUna strategia articolata e strutturata che ha generato una nuova visione di citt\u00e0 e che si \u00e8 rivelata contagiosa per i propri concittadini restituendo competitivit\u00e0 alla citt\u00e0 di Brindisi e spingendola al passo degli altri capoluoghi di provincia pugliesi. Il progetto \u201cBrindisi Citt\u00e0 d\u2019Acqua\u201d ha avviato un profondo dibattito sul sistema urbanistico della citt\u00e0 nel senso di un recupero dell\u2019orientamento di Brindisi verso il mare, integrando sistemicamente la cintura dei quartieri pi\u00f9 periferici e guardando oltre un modello di sviluppo anacronistico. Questo grazie alla necessit\u00e0 di una nuova prospettiva che restituisse alla citt\u00e0 il ruolo di porta del Mediterraneo e testa di ponte rispetto a un complesso sistema di relazioni.<br \/>\nUna citt\u00e0-porto capace di ricucire la narrazione del passato e proiettarsi verso il futuro attraverso un\u2019ottica rigenerata e al passo coi tempi. Mennitti lo aveva intuito, aveva intuito che la citt\u00e0 aveva bisogno di una essenziale trasformazione e quindi di avviare un processo che ne mettesse in discussione il ruolo e la contestualizzazione in Puglia e pi\u00f9 apertamente nella macroarea del bacino del Mediterraneo.<br \/>\nNe conferm\u00f2 l\u2019approccio Papa Benedetto XVI, in visita a Brindisi il 14 e 15 giugno 2008, il quale si sofferm\u00f2 sulla potenza della cooperazione e sulla capacit\u00e0 del mare di essere collante, infine sulla privilegiata geografia della citt\u00e0 di Brindisi, \u201cporto proiettato nel mar Mediterraneo\u201d con infinite rotte verso una meta unica, la costruzione o la ricostruzione della pace.<br \/>\nCultura, educazione e conoscenza: Con una fervida convinzione che l\u2019educazione e la cultura siano i fondamenti di una societ\u00e0 evoluta e proiettata nel futuro, Mennitti ha avviato una serie di iniziative intese a far diventare Brindisi un polo di conoscenza attrattivo nel Sud Italia. Quel Sud per il quale si \u00e8 speso attraverso studi, confronti, approfondimenti e incontri con i maggiori e pi\u00f9 eminenti rappresentanti del pensiero meridiano. Ha sostenuto e finanziato la rigenerazione di edifici storici e l\u2019apertura di sportelli dedicati all\u2019orientamento e alla formazione dei giovani, ha incentivato la promozione di eventi culturali che hanno portato a Brindisi intellettuali e artisti da tutto il Paese. La riapertura del Nuovo Teatro Verdi, all\u2019apice di un processo particolarmente lungo, articolato e travagliato con l\u2019istituzione di una Fondazione assegnata alla gestione dello spazio culturale cos\u00ec come alla traduzione delle politiche culturali e di spettacolo dell\u2019Amministrazione comunale, rappresenta un fiore all\u2019occhiello che ha trasformato nel tempo un teatro in polo di eccellenza regionale attraverso una programmazione di grande spessore artistico e la valorizzazione di una struttura architettonicamente unica al mondo.<br \/>\nInfrastrutture e mobilit\u00e0: La visione di Mennitti in termini di infrastrutture si \u00e8 concretizzata nel potenziamento del sistema dei trasporti pubblici, nell\u2019ampliamento della rete stradale.<br \/>\nHa lavorato instancabilmente per assicurare che i trasporti pubblici fossero efficienti, sicuri e puntuali, favorendo l\u2019introduzione di tecnologie a basso impatto ambientale e la realizzazione di interventi strutturali che hanno migliorato la fluidit\u00e0 del traffico e la sicurezza stradale.<br \/>\nInnovazione e tecnologia: Figura lungimirante e illuminata, Mennitti ha abbracciato l\u2019innovazione come motore di crescita, spingendo Brindisi verso il futuro attraverso l\u2019implementazione di soluzioni smart city. Ha promosso l\u2019integrazione di sistemi di informazione geografica per migliorare i servizi pubblici, l\u2019installazione di rete fibra ottica per una connettivit\u00e0 senza precedenti e l\u2019adozione di sistemi di illuminazione pubblica a risparmio energetico. Queste iniziative hanno qualificato la citt\u00e0 come esempio di sostenibilit\u00e0 e innovazione tecnologica.<br \/>\nPromozione del turismo: Mennitti ha saputo guardare al patrimonio storico e culturale di Brindisi come a un\u2019eccellente opportunit\u00e0 per promuovere, sviluppare e sostenere il turismo. Ha investito in campagne di marketing per promuovere la citt\u00e0 a livello internazionale, ha migliorato le infrastrutture di accoglienza incentivando la realizzazione di eventi che hanno richiamato visitatori, alimentando il ricco sostrato culturale e storico di Brindisi e dando nuovo impulso all\u2019economia del territorio.<br \/>\nValori e impegno sociale: Infine, ma non per importanza, Mennitti si \u00e8 distinto per il suo tenace impegno in campo sociale. Ha lavorato per garantire l\u2019equit\u00e0 e l\u2019inclusione lottando contro le disuguaglianze e ponendo le basi per un sistema di welfare comunale pi\u00f9 giusto e accessibile a tutti. E mai perdendo di vista l\u2019aspetto della sostenibilit\u00e0 degli interventi. La sua politica inclusiva ha toccato in particolare l\u2019accesso ai servizi sanitari, l\u2019istruzione e il sostegno alle famiglie in difficolt\u00e0, creando reti di supporto che ancora oggi sostengono la nostra comunit\u00e0.<\/em><\/p>\n<p><em><br \/>\nRITENUTO che l\u2019intitolazione di una via a Domenico Mennitti sia un atto doveroso nei confronti di un uomo che si \u00e8 speso attivamente al miglioramento della nostra citt\u00e0 sotto ogni punto di vista.<br \/>\nUna via che porti il suo nome sarebbe un percorso simbolico che collega passato, presente e futuro, ispirando le generazioni di oggi e quelle future a perseguire la stessa dedizione e lo stesso amore per la nostra citt\u00e0.<\/em><\/p>\n<p><em><br \/>\nIMPEGNANO IL SINDACO E LA GIUNTA COMUNALE<br \/>\nad variare la denominazione dell\u2019attuale Via del Mare a Viale Domenico Mennitti per rendere tangibile un segno di riconoscenza della citt\u00e0 nei confronti di Domenico Mennitti: per la sua statura di politico e intellettuale, per la sua figura di giornalista e uomo di cultura, per la sua lezione umana e culturale, di meridionalista e di europeista, per la qualit\u00e0 della sua visione per la citt\u00e0 di Brindisi, per il pensiero indomito e liberale, per la lungimiranza dei suoi propositi e delle sue idee.<br \/>\nLa scelta della via da rinominare non pu\u00f2 che essere via del Mare, punto cardinale di quel progetto Waterfront cui Mennitti dedic\u00f2 ogni energia e che si proponeva di riconciliare, di rimettere in dialogo la citt\u00e0 con il suo elemento pi\u00f9 connotante, il porto con il suo mare.<br \/>\nInsieme un omaggio e un monito per tutti noi a perseguire gli stessi principi di servizio, dedizione e passione per la nostra comunit\u00e0: per i motivi suesposti propongo di intitolare l\u2019attuale via del Mare al nostro concittadino, Mimmo Mennitti.<\/em><\/p>\n<p><em><br \/>\nBrindisi, 15\/11\/2023<\/em><\/p>\n<p>Il Consigliere comunale<br \/>\nRoberto Quarta<\/p>\n","protected":false},"excerpt":{"rendered":"<p>E&#8217; passata all&#8217;unanimit\u00e0 dei presenti in consiglio comunale la mozione presentata da Roberto Quarta per l&#8217;intitolazione di una via della citt\u00e0 di Brindisi a Domenico Mennitti. Gli interventi dei consiglieri Quarta, Luperti, Cannalire, Mevoli, Fusco, Rossi, Di Donna e Vantaggiato hanno messo tutti in evidenza le grandi qualit\u00e0 di uomo e politico del Sindaco di Brindisi. Questo il testo della mozione approvata: Oggetto: Mozione per l\u2019intitolazione di una via della citt\u00e0 di Brindisi a Domenico Mennitti, intellettuale, uomo di cultura, Europarlamentare, illustre figura di Sindaco. PREMESSO che l\u2019intento di questa mozione \u00e8 quello di perpetuare la memoria di una delle figure pi\u00f9 significative della nostra comunit\u00e0, avanzo al Consiglio Comunale formalmente la richiesta di esprimersi in favore dell\u2019intitolazione di una via a Domenico Mennitti, un intellettuale, un uomo di cultura, il cui operato da Sindaco ha inciso fortemente sulla qualit\u00e0 della vita promuovendo come valori fondanti la cultura e il senso di comunit\u00e0 dei nostri concittadini. CONSIDERATO i numerosi e variegati contributi che Domenico Mennitti ha dato alla Citt\u00e0 di&#8230;<\/p>\n","protected":false},"author":2,"featured_media":10368,"comment_status":"open","ping_status":"closed","sticky":false,"template":"","format":"standard","meta":{"footnotes":""},"categories":[7],"tags":[],"class_list":["post-216277","post","type-post","status-publish","format-standard","has-post-thumbnail","hentry","category-news"],"_links":{"self":[{"href":"https:\/\/www.brundisium.net\/index.php\/wp-json\/wp\/v2\/posts\/216277","targetHints":{"allow":["GET"]}}],"collection":[{"href":"https:\/\/www.brundisium.net\/index.php\/wp-json\/wp\/v2\/posts"}],"about":[{"href":"https:\/\/www.brundisium.net\/index.php\/wp-json\/wp\/v2\/types\/post"}],"author":[{"embeddable":true,"href":"https:\/\/www.brundisium.net\/index.php\/wp-json\/wp\/v2\/users\/2"}],"replies":[{"embeddable":true,"href":"https:\/\/www.brundisium.net\/index.php\/wp-json\/wp\/v2\/comments?post=216277"}],"version-history":[{"count":2,"href":"https:\/\/www.brundisium.net\/index.php\/wp-json\/wp\/v2\/posts\/216277\/revisions"}],"predecessor-version":[{"id":216280,"href":"https:\/\/www.brundisium.net\/index.php\/wp-json\/wp\/v2\/posts\/216277\/revisions\/216280"}],"wp:featuredmedia":[{"embeddable":true,"href":"https:\/\/www.brundisium.net\/index.php\/wp-json\/wp\/v2\/media\/10368"}],"wp:attachment":[{"href":"https:\/\/www.brundisium.net\/index.php\/wp-json\/wp\/v2\/media?parent=216277"}],"wp:term":[{"taxonomy":"category","embeddable":true,"href":"https:\/\/www.brundisium.net\/index.php\/wp-json\/wp\/v2\/categories?post=216277"},{"taxonomy":"post_tag","embeddable":true,"href":"https:\/\/www.brundisium.net\/index.php\/wp-json\/wp\/v2\/tags?post=216277"}],"curies":[{"name":"wp","href":"https:\/\/api.w.org\/{rel}","templated":true}]}}