{"id":216395,"date":"2023-11-30T09:53:41","date_gmt":"2023-11-30T08:53:41","guid":{"rendered":"https:\/\/www.brundisium.net\/?p=216395"},"modified":"2023-11-30T09:53:43","modified_gmt":"2023-11-30T08:53:43","slug":"profumi-natalizi-da-domani-il-mercatino-di-natale-presso-lagriturismo-il-vignale-ad-ostuni","status":"publish","type":"post","link":"https:\/\/www.brundisium.net\/index.php\/profumi-natalizi-da-domani-il-mercatino-di-natale-presso-lagriturismo-il-vignale-ad-ostuni\/","title":{"rendered":"Profumi Natalizi: da domani il mercatino di Natale presso l\u2019agriturismo Il Vignale ad Ostuni"},"content":{"rendered":"<p><a href=\"https:\/\/www.brundisium.net\/index.php\/profumi-natalizi-da-domani-il-mercatino-di-natale-presso-lagriturismo-il-vignale-ad-ostuni\/profumi-natalizi\/\" rel=\"attachment wp-att-216396\"><img loading=\"lazy\" decoding=\"async\" class=\"alignright size-medium wp-image-216396\" src=\"https:\/\/www.brundisium.net\/brun\/wp-content\/uploads\/2023\/11\/profumi-natalizi-212x300.jpg\" alt=\"\" width=\"212\" height=\"300\" srcset=\"https:\/\/www.brundisium.net\/brun\/wp-content\/uploads\/2023\/11\/profumi-natalizi-212x300.jpg 212w, https:\/\/www.brundisium.net\/brun\/wp-content\/uploads\/2023\/11\/profumi-natalizi-724x1024.jpg 724w, https:\/\/www.brundisium.net\/brun\/wp-content\/uploads\/2023\/11\/profumi-natalizi-768x1086.jpg 768w, https:\/\/www.brundisium.net\/brun\/wp-content\/uploads\/2023\/11\/profumi-natalizi-1086x1536.jpg 1086w, https:\/\/www.brundisium.net\/brun\/wp-content\/uploads\/2023\/11\/profumi-natalizi-1448x2048.jpg 1448w, https:\/\/www.brundisium.net\/brun\/wp-content\/uploads\/2023\/11\/profumi-natalizi.jpg 1587w\" sizes=\"auto, (max-width: 212px) 100vw, 212px\" \/><\/a>Si avvicina il magico appuntamento con l\u2019edizione 2023 di Profumi Natalizi presso l\u2019agriturismo Il Vignale ad Ostuni.<br \/>\nUltimi preparativi e venerd\u00ec 1 dicembre alle ore 16.30 il mercatino con le sue tradizionali casette sar\u00e0 inaugurato e aperto al pubblico con una ricca programmazione e attivit\u00e0 natalizie che renderanno l\u2019atmosfera festosa.<br \/>\nLa sonorit\u00e0 dei cori gospel \u201cSing Joy\u201d il 1 dicembre e a seguire quella dei \u201cWakeUp Gospel Project\u201d ( 2 dicembre) preannuncia un\u2019edizione sempre pi\u00f9 accogliente per le famiglie e per tutti i visitatori che vorranno vivere le emozioni delle festivit\u00e0 natalizie.<br \/>\nNon mancheranno, ovviamente le esposizioni dei prodotti tipici della gastronomia, hobbisti, artigianato e mostre di auto d\u2019epoca e dei fumetti, oltre all\u2019animazione pensata per i bambini, Babbo Natale ,il Grinch e molto altro.<br \/>\nProfumi Natalizi \u00e8 un evento di valorizzazione delle aree interne, organizzato e promosso dalle Proloco di Ostuni APS, San Michele Salentino e Ceglie M.ca con il sostegno della Regione Puglia.<br \/>\nL\u2019ingresso ai mercatini \u00e8 libero e gratuito.<br \/>\nIl mercatino sar\u00e0 aperto nei giorni 01\/02 e 03 dicembre dalle ore 16.30 alle ore 21.30.<\/p>\n","protected":false},"excerpt":{"rendered":"<p>Si avvicina il magico appuntamento con l\u2019edizione 2023 di Profumi Natalizi presso l\u2019agriturismo Il Vignale ad Ostuni. Ultimi preparativi e venerd\u00ec 1 dicembre alle ore 16.30 il mercatino con le sue tradizionali casette sar\u00e0 inaugurato e aperto al pubblico con una ricca programmazione e attivit\u00e0 natalizie che renderanno l\u2019atmosfera festosa. La sonorit\u00e0 dei cori gospel \u201cSing Joy\u201d il 1 dicembre e a seguire quella dei \u201cWakeUp Gospel Project\u201d ( 2 dicembre) preannuncia un\u2019edizione sempre pi\u00f9 accogliente per le famiglie e per tutti i visitatori che vorranno vivere le emozioni delle festivit\u00e0 natalizie. Non mancheranno, ovviamente le esposizioni dei prodotti tipici della gastronomia, hobbisti, artigianato e mostre di auto d\u2019epoca e dei fumetti, oltre all\u2019animazione pensata per i bambini, Babbo Natale ,il Grinch e molto altro. Profumi Natalizi \u00e8 un evento di valorizzazione delle aree interne, organizzato e promosso dalle Proloco di Ostuni APS, San Michele Salentino e Ceglie M.ca con il sostegno della Regione Puglia. L\u2019ingresso ai mercatini \u00e8 libero e gratuito. Il mercatino sar\u00e0 aperto nei giorni 01\/02 e&#8230;<\/p>\n","protected":false},"author":2,"featured_media":216397,"comment_status":"open","ping_status":"closed","sticky":false,"template":"","format":"standard","meta":{"footnotes":""},"categories":[7],"tags":[],"class_list":["post-216395","post","type-post","status-publish","format-standard","has-post-thumbnail","hentry","category-news"],"_links":{"self":[{"href":"https:\/\/www.brundisium.net\/index.php\/wp-json\/wp\/v2\/posts\/216395","targetHints":{"allow":["GET"]}}],"collection":[{"href":"https:\/\/www.brundisium.net\/index.php\/wp-json\/wp\/v2\/posts"}],"about":[{"href":"https:\/\/www.brundisium.net\/index.php\/wp-json\/wp\/v2\/types\/post"}],"author":[{"embeddable":true,"href":"https:\/\/www.brundisium.net\/index.php\/wp-json\/wp\/v2\/users\/2"}],"replies":[{"embeddable":true,"href":"https:\/\/www.brundisium.net\/index.php\/wp-json\/wp\/v2\/comments?post=216395"}],"version-history":[{"count":3,"href":"https:\/\/www.brundisium.net\/index.php\/wp-json\/wp\/v2\/posts\/216395\/revisions"}],"predecessor-version":[{"id":216400,"href":"https:\/\/www.brundisium.net\/index.php\/wp-json\/wp\/v2\/posts\/216395\/revisions\/216400"}],"wp:featuredmedia":[{"embeddable":true,"href":"https:\/\/www.brundisium.net\/index.php\/wp-json\/wp\/v2\/media\/216397"}],"wp:attachment":[{"href":"https:\/\/www.brundisium.net\/index.php\/wp-json\/wp\/v2\/media?parent=216395"}],"wp:term":[{"taxonomy":"category","embeddable":true,"href":"https:\/\/www.brundisium.net\/index.php\/wp-json\/wp\/v2\/categories?post=216395"},{"taxonomy":"post_tag","embeddable":true,"href":"https:\/\/www.brundisium.net\/index.php\/wp-json\/wp\/v2\/tags?post=216395"}],"curies":[{"name":"wp","href":"https:\/\/api.w.org\/{rel}","templated":true}]}}