{"id":216451,"date":"2023-11-30T21:34:40","date_gmt":"2023-11-30T20:34:40","guid":{"rendered":"https:\/\/www.brundisium.net\/?p=216451"},"modified":"2023-11-30T21:34:42","modified_gmt":"2023-11-30T20:34:42","slug":"natale-a-carovigno-2023-pista-di-ghiaccio-luminarie-e-tanti-eventi","status":"publish","type":"post","link":"https:\/\/www.brundisium.net\/index.php\/natale-a-carovigno-2023-pista-di-ghiaccio-luminarie-e-tanti-eventi\/","title":{"rendered":"Natale a Carovigno 2023: pista di ghiaccio, luminarie e tanti eventi"},"content":{"rendered":"<p><a href=\"https:\/\/www.brundisium.net\/index.php\/natale-a-carovigno-2023-pista-di-ghiaccio-luminarie-e-tanti-eventi\/natale-a-carovigno-2023\/\" rel=\"attachment wp-att-216453\"><img loading=\"lazy\" decoding=\"async\" class=\"alignright size-medium wp-image-216453\" src=\"https:\/\/www.brundisium.net\/brun\/wp-content\/uploads\/2023\/11\/natale-a-carovigno-2023-211x300.jpg\" alt=\"\" width=\"211\" height=\"300\" srcset=\"https:\/\/www.brundisium.net\/brun\/wp-content\/uploads\/2023\/11\/natale-a-carovigno-2023-211x300.jpg 211w, https:\/\/www.brundisium.net\/brun\/wp-content\/uploads\/2023\/11\/natale-a-carovigno-2023-719x1024.jpg 719w, https:\/\/www.brundisium.net\/brun\/wp-content\/uploads\/2023\/11\/natale-a-carovigno-2023-768x1093.jpg 768w, https:\/\/www.brundisium.net\/brun\/wp-content\/uploads\/2023\/11\/natale-a-carovigno-2023.jpg 1079w\" sizes=\"auto, (max-width: 211px) 100vw, 211px\" \/><\/a>Tutto \u00e8 pronto per le festivit\u00e0 natalizie a Carovigno. Nelle ultime ore, a Palazzo di Citt\u00e0, \u00e8 stato presentato il cartellone degli eventi che terranno compagnia a cittadini e turisti per tutto il periodo pi\u00f9 magico dell\u2019anno. Alla conferenza stampa hanno preso parte il sindaco di Carovigno, Massimo Lanzilotti, l\u2019assessore alla cultura e turismo, Sabrina Franco, e la consigliera Antonella La Camera.<\/p>\n<p>Il ricco programma prevede una grande novit\u00e0 per la citt\u00e0 della Nzegna: la pista di ghiaccio che sar\u00e0 installata al centro della piazza sotto l\u2019albero circondato da luminarie. Pista e luminarie faranno da cornice a una serie di eventi che l\u2019amministrazione ha scelto per colorare il &#8220;Natale a Carovigno 2023&#8221;. Dalla solidariet\u00e0 allo sport, passando dalle attivit\u00e0 delle associazioni locali che hanno trovato spazio nella realizzazione del cartellone. Il 19 dicembre ci sar\u00e0 il \u201cVillaggio di Babbo Natale\u201d, mentre il 28 dicembre un gradito ritorno in Piazza Nzegna, quello della cantautrice carovignese Camilla Magli, che sar\u00e0 protagonista sul palco con Mary Fiore. Il 29 dicembre ci sar\u00e0 un classico delle festivit\u00e0 natalizie, &#8220;La notte dei Maghi&#8221;.<\/p>\n<p>&#8220;Il Natale \u00e8 un momento fondamentale per tutti &#8211; afferma il sindaco di Carovigno Massimo Lanzilotti &#8211; ma soprattutto per i bambini e anche per gli adulti, un momento di socializzazione importante. Vivere la magia del Natale ci fa gioire e sperare che possano placare al pi\u00f9 presto i tanti conflitti che i media ci raccontano ogni giorno. Per questo abbiamo pensato a un mese di eventi che vertono sul divertimento e la spensieratezza &#8211; conclude il sindaco Lanzilotti &#8211; dal Villaggio di Babbo Natale e della Befana, passando per i concerti di Natale, nel quale sono coinvolte sia le associazioni che le scuole&#8221;.<\/p>\n<p>Tra le iniziative messe in atto, il massimo comune denominatore scelto dall\u2019amministrazione \u00e8 il &#8220;sentirsi a casa&#8221;, come sottolineato dall\u2019assessore Sabrina Franco: &#8220;Le iniziative sono state volute prettamente per non far sentire nessuno solo ed essere vicini alle esigenze dei pi\u00f9 bisognosi. Ci saranno tanti eventi, dalle tombolate alle iniziative di sport ed inclusione, perch\u00e9 ci teniamo a far vivere la magia del Natale a tutti. Abbiamo cercato di avere un occhio di riguardo, come sempre, per chi ha pi\u00f9 bisogno&#8221; &#8211; chiude l\u2019assessore Sabrina Franco.<\/p>\n<p>Tra i protagonisti del Natale ci sono sicuramente i bambini, e le iniziative strizzano l\u2019occhio proprio a loro: &#8220;Abbiamo messo in atto delle grandi novit\u00e0 che aprono la nostra citt\u00e0 anche ai territori limitrofi &#8211; dichiara la consigliera Antonella La Camera &#8211; La vera novit\u00e0 \u00e8 la pista di pattinaggio sul ghiaccio. L\u2019accesso alla pista avr\u00e0 anche delle agevolazioni per le famiglie in difficolt\u00e0; questo, in accordo con il settore dei servizi sociali. Tra gli altri appuntamenti che abbiamo fortemente voluto c\u2019\u00e8 la &#8220;Notte dei Maghi&#8221; ed il ritorno a Carovigno di Camilla Magli, che si esibir\u00e0 con Mary Fiore. Abbiamo voluto che siano due grandi donne ad accendere le festivit\u00e0 natalizie, visto il periodo cos\u00ec difficile che stanno affrontando le donne vittime di violenza&#8221;.<\/p>\n","protected":false},"excerpt":{"rendered":"<p>Tutto \u00e8 pronto per le festivit\u00e0 natalizie a Carovigno. Nelle ultime ore, a Palazzo di Citt\u00e0, \u00e8 stato presentato il cartellone degli eventi che terranno compagnia a cittadini e turisti per tutto il periodo pi\u00f9 magico dell\u2019anno. Alla conferenza stampa hanno preso parte il sindaco di Carovigno, Massimo Lanzilotti, l\u2019assessore alla cultura e turismo, Sabrina Franco, e la consigliera Antonella La Camera. Il ricco programma prevede una grande novit\u00e0 per la citt\u00e0 della Nzegna: la pista di ghiaccio che sar\u00e0 installata al centro della piazza sotto l\u2019albero circondato da luminarie. Pista e luminarie faranno da cornice a una serie di eventi che l\u2019amministrazione ha scelto per colorare il &#8220;Natale a Carovigno 2023&#8221;. Dalla solidariet\u00e0 allo sport, passando dalle attivit\u00e0 delle associazioni locali che hanno trovato spazio nella realizzazione del cartellone. Il 19 dicembre ci sar\u00e0 il \u201cVillaggio di Babbo Natale\u201d, mentre il 28 dicembre un gradito ritorno in Piazza Nzegna, quello della cantautrice carovignese Camilla Magli, che sar\u00e0 protagonista sul palco con Mary Fiore. Il 29 dicembre ci sar\u00e0 un&#8230;<\/p>\n","protected":false},"author":2,"featured_media":216454,"comment_status":"open","ping_status":"closed","sticky":false,"template":"","format":"standard","meta":{"footnotes":""},"categories":[7],"tags":[],"class_list":["post-216451","post","type-post","status-publish","format-standard","has-post-thumbnail","hentry","category-news"],"_links":{"self":[{"href":"https:\/\/www.brundisium.net\/index.php\/wp-json\/wp\/v2\/posts\/216451","targetHints":{"allow":["GET"]}}],"collection":[{"href":"https:\/\/www.brundisium.net\/index.php\/wp-json\/wp\/v2\/posts"}],"about":[{"href":"https:\/\/www.brundisium.net\/index.php\/wp-json\/wp\/v2\/types\/post"}],"author":[{"embeddable":true,"href":"https:\/\/www.brundisium.net\/index.php\/wp-json\/wp\/v2\/users\/2"}],"replies":[{"embeddable":true,"href":"https:\/\/www.brundisium.net\/index.php\/wp-json\/wp\/v2\/comments?post=216451"}],"version-history":[{"count":2,"href":"https:\/\/www.brundisium.net\/index.php\/wp-json\/wp\/v2\/posts\/216451\/revisions"}],"predecessor-version":[{"id":216456,"href":"https:\/\/www.brundisium.net\/index.php\/wp-json\/wp\/v2\/posts\/216451\/revisions\/216456"}],"wp:featuredmedia":[{"embeddable":true,"href":"https:\/\/www.brundisium.net\/index.php\/wp-json\/wp\/v2\/media\/216454"}],"wp:attachment":[{"href":"https:\/\/www.brundisium.net\/index.php\/wp-json\/wp\/v2\/media?parent=216451"}],"wp:term":[{"taxonomy":"category","embeddable":true,"href":"https:\/\/www.brundisium.net\/index.php\/wp-json\/wp\/v2\/categories?post=216451"},{"taxonomy":"post_tag","embeddable":true,"href":"https:\/\/www.brundisium.net\/index.php\/wp-json\/wp\/v2\/tags?post=216451"}],"curies":[{"name":"wp","href":"https:\/\/api.w.org\/{rel}","templated":true}]}}