{"id":216463,"date":"2023-12-01T10:42:40","date_gmt":"2023-12-01T09:42:40","guid":{"rendered":"https:\/\/www.brundisium.net\/?p=216463"},"modified":"2023-12-01T10:42:40","modified_gmt":"2023-12-01T09:42:40","slug":"laltra-faccia-della-luna-martedi-5-in-scena-i-docenti-e-la-dirigente-scolastica-dellic-commenda","status":"publish","type":"post","link":"https:\/\/www.brundisium.net\/index.php\/laltra-faccia-della-luna-martedi-5-in-scena-i-docenti-e-la-dirigente-scolastica-dellic-commenda\/","title":{"rendered":"L\u2019altra faccia della luna: marted\u00ec 5 in scena i docenti e la Dirigente Scolastica dell\u2019IC Commenda"},"content":{"rendered":"<p>C\u2019\u00e8 un momento in cui le parole diventano come un disco rotto che suona sempre la stessa melodia senza mai cambiare. Questo \u00e8 uno di quei momenti. E\u2019 difficile parlare di femminicidi e violenza contro le donne quando si sta da tempo oltrepassando il limite; quando ormai le parole si svuotano di significato per quante volte siano state ripetute.<br \/>\nAbbiamo bisogno di cambiamento.<br \/>\nE il cambiamento deve cominciare adesso. A tutti i livelli. In famiglia; a scuola; dentro di noi. Dentro la testa degli uomini e dentro la testa delle donne.<br \/>\nQuesto \u00e8 un punto di non ritorno. Oggi. Adesso.<br \/>\nPer questo motivo, diversamente dagli altri anni, l\u2019Istituto Comprensivo \u201cCommenda\u201d ha pensato ad un momento di riflessione che provi a toccare le corde delle emozioni di ognuno di noi e che sappia scuotere le coscienze in modo pi\u00f9 significativo. La \u201cGiornata internazionale per l\u2019eliminazione della violenza contro le donne\u201d, quest\u2019anno, non pu\u00f2 essere come gli altri anni perch\u00e9 ci viene richiesta una presa di posizione pi\u00f9 concreta, che affondi la sua forza nelle nostre coscienze e le sappia svegliare.<br \/>\n\u201cL\u2019altra faccia della luna\u201d \u00e8 il titolo della rappresentazione teatrale che i docenti e la Dirigente Scolastica dell\u2019IC Commenda metteranno in scena il prossimo 5 dicembre per dire \u2018basta\u2019 alla violenza contro le donne. Si tratter\u00e0 di un vero e proprio viaggio sulla violenza di genere attraverso le parole delle voci pi\u00f9 illustri della nostra cultura.<br \/>\nDario Fo, Franca Rame, Rita Levi Montalcini, Giorgio Gaber, Lella Costa, Enza Li Gioi sono solo alcuni tra gli autori cui le nostre docenti daranno voce.<br \/>\n\u201cAbbiamo ritenuto necessario alzare il tiro, \u2013 afferma la Dirigente Scolastica dell\u2019IC Commenda, Patrizia Carra \u2013 metterci in gioco direttamente e provare a cominciare a cambiare una societ\u00e0 che alle volte ci fa paura, che non riconosciamo. Quello che \u00e8 successo non pu\u00f2 essere un numero in pi\u00f9 nell\u2019elenco delle donne vittime di violenza. Quello che \u00e8 successo richiede che tutti noi facciamo uno sforzo per cominciare a cambiare davvero la nostra realt\u00e0 e il futuro di tante donne come noi, meno fortunate di noi.\u201d<br \/>\n\u201cPer questo \u2013 continua la Dirigente \u2013 cominciamo a cambiare noi, e, grazie alle parole di grandi autori, cerchiamo di dire quello che, tutte le volte che ascoltiamo una storia atroce come quella di Giulia, sentiamo dentro come un forte pugno nello stomaco\u201d.<br \/>\nE dunque, il Laboratorio espressivo teatrale \u201cCattedre in ribalta\u201d, diretto dall\u2019attore Mino Profico, si esibir\u00e0 dal vivo il prossimo 5 dicembre presso l\u2019Auditorium del plesso \u201cGiulio Cesare\u201d dell\u2019IC Commenda. Patrizia Carra, Annarita Arigliano, Manuela Battista, Valeria Farina, Antonella Quarta, Federica Rollo, Vincenza Zitolo, Giovanna Giarratano, Maria Antonella Schirinzi, Maria Rosaria Riezzo, Valeria D\u2019Aprile, Cecilia Furone, Katia Cursano, Anna Lisa Renna, Donatella Calvaruso, Roberta Petrone, Mary Boccadamo, Michela Mastria, Assunta Ricci, Antonella Contardi, Milena Caliandro, Rosanna Vanzanelli saranno in scena per dire a gran voce che domani non pu\u00f2 essere ancora come oggi. Che da qui si parte e \u201cSe domani tocca a me, voglio essere l\u2019ultima\u201d.<br \/>\nPresenter\u00e0 il giornalista Antonio Celeste.<br \/>\nInterverr\u00e0 come ospite e madrina l\u2019attrice Sara Bevilacqua.<br \/>\nDopo la pi\u00e8ce teatrale concluder\u00e0 la serata l\u2019intervento del Prefetto di Brindisi, S.E. Dott.ssa Michela Savina La Iacona.<\/p>\n","protected":false},"excerpt":{"rendered":"<p>C\u2019\u00e8 un momento in cui le parole diventano come un disco rotto che suona sempre la stessa melodia senza mai cambiare. Questo \u00e8 uno di quei momenti. E\u2019 difficile parlare di femminicidi e violenza contro le donne quando si sta da tempo oltrepassando il limite; quando ormai le parole si svuotano di significato per quante volte siano state ripetute. Abbiamo bisogno di cambiamento. E il cambiamento deve cominciare adesso. A tutti i livelli. In famiglia; a scuola; dentro di noi. Dentro la testa degli uomini e dentro la testa delle donne. Questo \u00e8 un punto di non ritorno. Oggi. Adesso. Per questo motivo, diversamente dagli altri anni, l\u2019Istituto Comprensivo \u201cCommenda\u201d ha pensato ad un momento di riflessione che provi a toccare le corde delle emozioni di ognuno di noi e che sappia scuotere le coscienze in modo pi\u00f9 significativo. La \u201cGiornata internazionale per l\u2019eliminazione della violenza contro le donne\u201d, quest\u2019anno, non pu\u00f2 essere come gli altri anni perch\u00e9 ci viene richiesta una presa di posizione pi\u00f9 concreta, che affondi la&#8230;<\/p>\n","protected":false},"author":2,"featured_media":216465,"comment_status":"open","ping_status":"closed","sticky":false,"template":"","format":"standard","meta":{"footnotes":""},"categories":[7],"tags":[],"class_list":["post-216463","post","type-post","status-publish","format-standard","has-post-thumbnail","hentry","category-news"],"_links":{"self":[{"href":"https:\/\/www.brundisium.net\/index.php\/wp-json\/wp\/v2\/posts\/216463","targetHints":{"allow":["GET"]}}],"collection":[{"href":"https:\/\/www.brundisium.net\/index.php\/wp-json\/wp\/v2\/posts"}],"about":[{"href":"https:\/\/www.brundisium.net\/index.php\/wp-json\/wp\/v2\/types\/post"}],"author":[{"embeddable":true,"href":"https:\/\/www.brundisium.net\/index.php\/wp-json\/wp\/v2\/users\/2"}],"replies":[{"embeddable":true,"href":"https:\/\/www.brundisium.net\/index.php\/wp-json\/wp\/v2\/comments?post=216463"}],"version-history":[{"count":1,"href":"https:\/\/www.brundisium.net\/index.php\/wp-json\/wp\/v2\/posts\/216463\/revisions"}],"predecessor-version":[{"id":216466,"href":"https:\/\/www.brundisium.net\/index.php\/wp-json\/wp\/v2\/posts\/216463\/revisions\/216466"}],"wp:featuredmedia":[{"embeddable":true,"href":"https:\/\/www.brundisium.net\/index.php\/wp-json\/wp\/v2\/media\/216465"}],"wp:attachment":[{"href":"https:\/\/www.brundisium.net\/index.php\/wp-json\/wp\/v2\/media?parent=216463"}],"wp:term":[{"taxonomy":"category","embeddable":true,"href":"https:\/\/www.brundisium.net\/index.php\/wp-json\/wp\/v2\/categories?post=216463"},{"taxonomy":"post_tag","embeddable":true,"href":"https:\/\/www.brundisium.net\/index.php\/wp-json\/wp\/v2\/tags?post=216463"}],"curies":[{"name":"wp","href":"https:\/\/api.w.org\/{rel}","templated":true}]}}