{"id":21664,"date":"2014-09-09T21:30:54","date_gmt":"2014-09-09T19:30:54","guid":{"rendered":"http:\/\/www.brundisium.net\/brun\/?p=21664"},"modified":"2014-09-14T10:45:31","modified_gmt":"2014-09-14T08:45:31","slug":"festa-delle-storie-mesagne-si-racconta","status":"publish","type":"post","link":"https:\/\/www.brundisium.net\/index.php\/festa-delle-storie-mesagne-si-racconta\/","title":{"rendered":"Festa delle Storie: Mesagne si racconta"},"content":{"rendered":"<p><a href=\"http:\/\/www.brundisium.net\/brun\/wp-content\/uploads\/2014\/09\/locandina-festa-delle-storie.jpg\"><img loading=\"lazy\" decoding=\"async\" class=\"alignright size-medium wp-image-21665\" src=\"http:\/\/www.brundisium.net\/brun\/wp-content\/uploads\/2014\/09\/locandina-festa-delle-storie-209x300.jpg\" alt=\"locandina festa delle storie\" width=\"209\" height=\"300\" data-id=\"21665\" srcset=\"https:\/\/www.brundisium.net\/brun\/wp-content\/uploads\/2014\/09\/locandina-festa-delle-storie-209x300.jpg 209w, https:\/\/www.brundisium.net\/brun\/wp-content\/uploads\/2014\/09\/locandina-festa-delle-storie-716x1024.jpg 716w, https:\/\/www.brundisium.net\/brun\/wp-content\/uploads\/2014\/09\/locandina-festa-delle-storie.jpg 1378w\" sizes=\"auto, (max-width: 209px) 100vw, 209px\" \/><\/a>Un processo creativo e culturale collettivo in cui l&#8217;artista posto al centro della scena \u00e8 la comunit\u00e0 mesagnese che, per due giorni di festa, si incontra in piazza, riflette sulla propria identit\u00e0, si racconta. Nelle strade del centro storico di Mesagne (Br) arriva la seconda edizione della Festa delle storie, venerd\u00ec 12 e sabato 13 settembre, a partire dalle ore 18: una festa popolare, frutto del progetto Memoria Minerale dedicato alla riqualificazione urbana attraverso l&#8217;arte pubblica.<\/p>\n<p>&nbsp;<\/p>\n<p>La seconda edizione della Festa delle storie prende vita nel centro storico di Mesagne tra piazza Garibaldi, l&#8217;ex Convento dei Celestini, piazza dei Coronei e via Castello, con un calendario di appuntamenti di teatro, cinema, giochi e libri dedicati ai racconti e alle memorie e rivolti ad ogni fascia d&#8217;et\u00e0. Tra le strade e le corti del centro storico che ha la forma di un cuore, storie di persone e di paesi che riscoprono la magia del racconto e dell&#8217;arte. Arte portata in piazza per allargare i confini tra le pi\u00f9 disparate forme di comunicazione e le diverse generazioni, per esaltare la meraviglia della riscoperta delle proprie radici, immaginare e rintracciare identit\u00e0, raccogliendo e recuperando.<\/p>\n<p>&nbsp;<\/p>\n<p>Nel ricco programma della Festa delle storie spazio ai bambini con i laboratori d&#8217;arte, i giochi e la creativit\u00e0 a cura de La Luna al guinzaglio, nella Piazza d&#8217;arte per le infanzie. Teatro, con anteprime e repliche speciali: lo spettacolo Gramsci (un primo studio del nuovo lavoro teatrale di Fabrizio Saccomanno e Francesco Niccolini in collaborazione con il carcere di Turi); un racconto su Danilo Dolci di Giuseppe Semeraro di Principio Attivo Teatro; Amore e Psiche di Daria Paoletta della compagnia Buramb\u00f2, gi\u00e0 definito un capolavoro della narrazione.<\/p>\n<p>Cinema con la proiezione del film di Ippolito Chiariello e Matteo Greco, Ogni volta che parlo con me. In programma anche la presentazione della Banca cittadina della Memoria, a cura di Paola Crescenzo e Daniele Guadalupi, il progetto di raccolta del materiale fotografico e audiovisivo delle famiglie mesagnesi, approdato in questi giorni su un nuovo portale dedicato all&#8217;archivio e consultabile on line.<\/p>\n<p>Per i palati pi\u00f9 esigenti non mancano aperitivi e degustazioni di prodotti tipici a cura dell&#8217;Auser di Mesagne. (In allegato il programma completo della Festa delle storie).<\/p>\n<p>&nbsp;<\/p>\n<p>La Festa delle storie \u00e8 un progetto realizzato sotto il coordinamento generale di Simonetta Dellomonaco e la direzione artistica di Luigi D&#8217;Elia, con Fondazione con il Sud nell\u2019ambito del Bando Storico-Artistico e Culturale 2011, in collaborazione con Associazione Di Vittorio, Consorzio Elpend\u00f9, Auser Mesagne, Cna Brindisi, Conchiglia e Thalassia e organizzata con il supporto del Comune di Mesagne e della Residenza Teatrale di Mesagne.<\/p>\n<p>&nbsp;<\/p>\n<p>In caso di pioggia la manifestazione si svolger\u00e0 nel Teatro Comunale di Mesagne e nell\u2019ex-Convento dei Cappuccini (Palazzo municipale). L\u2019intero incasso delle due serata sar\u00e0 devoluto al Banco Alimentare dell\u2019Auser Mesagne.<\/p>\n<p>&nbsp;<\/p>\n<p>Ingresso gratuito per i laboratori. Per gli spettacoli offerta libera con prenotazione obbligatoria presso il botteghino del Teatro Comunale di Mesagne oppure al numero: 331.3477311<\/p>\n<p>Contatti: memoriaminerale@gmail.com &#8211; www.fondazioneperilsud.it &#8211; www.cooperativathalassia.it<br \/>\nfacebook\/Memoria Minerale &#8211; twitter: @Memoria Minerale<br \/>\nUfficio stampa: Maura Cesaria 349.2527083<\/p>\n","protected":false},"excerpt":{"rendered":"<p>Un processo creativo e culturale collettivo in cui l&#8217;artista posto al centro della scena \u00e8 la comunit\u00e0 mesagnese che, per due giorni di festa, si incontra in piazza, riflette sulla propria identit\u00e0, si racconta. Nelle strade del centro storico di Mesagne (Br) arriva la seconda edizione della Festa delle storie, venerd\u00ec 12 e sabato 13 settembre, a partire dalle ore 18: una festa popolare, frutto del progetto Memoria Minerale dedicato alla riqualificazione urbana attraverso l&#8217;arte pubblica. &nbsp; La seconda edizione della Festa delle storie prende vita nel centro storico di Mesagne tra piazza Garibaldi, l&#8217;ex Convento dei Celestini, piazza dei Coronei e via Castello, con un calendario di appuntamenti di teatro, cinema, giochi e libri dedicati ai racconti e alle memorie e rivolti ad ogni fascia d&#8217;et\u00e0. Tra le strade e le corti del centro storico che ha la forma di un cuore, storie di persone e di paesi che riscoprono la magia del racconto e dell&#8217;arte. Arte portata in piazza per allargare i confini tra le pi\u00f9 disparate forme&#8230;<\/p>\n","protected":false},"author":2,"featured_media":21666,"comment_status":"open","ping_status":"open","sticky":false,"template":"","format":"standard","meta":{"footnotes":""},"categories":[198],"tags":[2587,210],"class_list":["post-21664","post","type-post","status-publish","format-standard","has-post-thumbnail","hentry","category-cultura-2","tag-festa-delle-storie","tag-mesagne"],"_links":{"self":[{"href":"https:\/\/www.brundisium.net\/index.php\/wp-json\/wp\/v2\/posts\/21664","targetHints":{"allow":["GET"]}}],"collection":[{"href":"https:\/\/www.brundisium.net\/index.php\/wp-json\/wp\/v2\/posts"}],"about":[{"href":"https:\/\/www.brundisium.net\/index.php\/wp-json\/wp\/v2\/types\/post"}],"author":[{"embeddable":true,"href":"https:\/\/www.brundisium.net\/index.php\/wp-json\/wp\/v2\/users\/2"}],"replies":[{"embeddable":true,"href":"https:\/\/www.brundisium.net\/index.php\/wp-json\/wp\/v2\/comments?post=21664"}],"version-history":[{"count":1,"href":"https:\/\/www.brundisium.net\/index.php\/wp-json\/wp\/v2\/posts\/21664\/revisions"}],"predecessor-version":[{"id":21685,"href":"https:\/\/www.brundisium.net\/index.php\/wp-json\/wp\/v2\/posts\/21664\/revisions\/21685"}],"wp:featuredmedia":[{"embeddable":true,"href":"https:\/\/www.brundisium.net\/index.php\/wp-json\/wp\/v2\/media\/21666"}],"wp:attachment":[{"href":"https:\/\/www.brundisium.net\/index.php\/wp-json\/wp\/v2\/media?parent=21664"}],"wp:term":[{"taxonomy":"category","embeddable":true,"href":"https:\/\/www.brundisium.net\/index.php\/wp-json\/wp\/v2\/categories?post=21664"},{"taxonomy":"post_tag","embeddable":true,"href":"https:\/\/www.brundisium.net\/index.php\/wp-json\/wp\/v2\/tags?post=21664"}],"curies":[{"name":"wp","href":"https:\/\/api.w.org\/{rel}","templated":true}]}}