{"id":216692,"date":"2023-12-05T17:49:20","date_gmt":"2023-12-05T16:49:20","guid":{"rendered":"https:\/\/www.brundisium.net\/?p=216692"},"modified":"2023-12-05T17:49:20","modified_gmt":"2023-12-05T16:49:20","slug":"la-presidente-metsola-ha-elogiato-francavilla-fontana-per-lutilizzo-dei-fondi-pnrr","status":"publish","type":"post","link":"https:\/\/www.brundisium.net\/index.php\/la-presidente-metsola-ha-elogiato-francavilla-fontana-per-lutilizzo-dei-fondi-pnrr\/","title":{"rendered":"La Presidente Metsola ha elogiato Francavilla Fontana per l\u2019utilizzo dei fondi PNRR"},"content":{"rendered":"<p>Nel corso della visita istituzionale a Lecce la Presidente del Parlamento Europeo Roberta Metsola ha indicato Francavilla Fontana come un esempio virtuoso nell\u2019utilizzo dei fondi del PNRR. Parlando con i giornalisti la Presidente ha espresso il proprio apprezzamento in particolare per la progettualit\u00e0 da 2,5 milioni di euro elaborata dall\u2019Ambito Territoriale Br3 in collaborazione con l\u2019Amministrazione Comunale per l\u2019inclusione delle persone con disabilit\u00e0.<\/p>\n<p>\u201cSiamo orgogliosi \u2013 commenta il Sindaco Antonello Denuzzo \u2013 che il lavoro che portiamo avanti in sinergia con l\u2019Ambito Br3 abbia ottenuto un apprezzamento da parte di una delle massime istituzioni europee. Come ho avuto modo di ribadire in pi\u00f9 occasioni il PNRR \u00e8 una opportunit\u00e0 irripetibile per la crescita del territorio e per migliorare la qualit\u00e0 della vita delle persone.\u201d<\/p>\n<p>Il progetto, che si inserisce nel complesso scenario introdotto dalla Legge \u201cDopo di noi\u201d e delle opportunit\u00e0 offerte dalla Missione 5 sottocomponente 2 del PNRR, intende rispondere all\u2019esigenza di autonomia della persona con disabilit\u00e0 introducendola all\u2019interno di un complesso sistema di servizi che parte dal cohousing, ossia dalla condivisione di alloggi. Questo nuovo spazio sociale sar\u00e0 a disposizione della comunit\u00e0 con la creazione di sportelli dedicati alla povert\u00e0, alla post ospedalizzazione e all\u2019inclusione sociolavorativa.<\/p>\n<p>\u201cIl nostro Ambito \u2013 proseguono il Presidente Giovanni Barletta e il direttore Gianluca Budano \u2013 \u00e8 da sempre in prima linea nella sperimentazione di forme innovative di welfare. Con questo progetto portiamo al centro dell\u2019azione la persona con disabilit\u00e0 non in quanto disabile, ma come soggetto con i suoi bisogni sociali e relazionali. L\u2019obiettivo non \u00e8 semplicemente innovare la prestazione, ma fornire un nuovo quadro interpretativo dell\u2019azione sociale. Grazie ai fondi del PNRR possiamo accelerare i processi di innovazione e coinvolgere una platea pi\u00f9 ampia di utenti.\u201d<\/p>\n<p>Questo finanziamento rappresenta solo un esempio delle numerose risorse intercettate in questi anni.<\/p>\n<p>Sono attualmente in corso, grazie ai fondi del PNRR ottenuti dall\u2019Amministrazione Comunale, interventi per circa 7 milioni di euro relativi al recupero della ex Piazza Coperta, al rifacimento delle strade bianche, alla messa in sicurezza delle scuole e alla digitalizzazione della Pubblica Amministrazione.<\/p>\n<p>questi si aggiungeranno a breve cantieri per complessivi 6 milioni di euro per la rigenerazione di contrada Bax, il recupero della ex biblioteca, la mitigazione del rischio idraulico del quartiere Musicisti e la biblioteca comunale.<\/p>\n<p>\u201cContinueremo a lavorare \u2013 conclude il Sindaco Antonello Denuzzo \u2013 per ottenere nuove risorse per migliorare la Citt\u00e0 e la qualit\u00e0 dei servizi per i cittadini.\u201d<\/p>\n<p>Comune di Francavilla Fontana<\/p>\n","protected":false},"excerpt":{"rendered":"<p>Nel corso della visita istituzionale a Lecce la Presidente del Parlamento Europeo Roberta Metsola ha indicato Francavilla Fontana come un esempio virtuoso nell\u2019utilizzo dei fondi del PNRR. Parlando con i giornalisti la Presidente ha espresso il proprio apprezzamento in particolare per la progettualit\u00e0 da 2,5 milioni di euro elaborata dall\u2019Ambito Territoriale Br3 in collaborazione con l\u2019Amministrazione Comunale per l\u2019inclusione delle persone con disabilit\u00e0. \u201cSiamo orgogliosi \u2013 commenta il Sindaco Antonello Denuzzo \u2013 che il lavoro che portiamo avanti in sinergia con l\u2019Ambito Br3 abbia ottenuto un apprezzamento da parte di una delle massime istituzioni europee. Come ho avuto modo di ribadire in pi\u00f9 occasioni il PNRR \u00e8 una opportunit\u00e0 irripetibile per la crescita del territorio e per migliorare la qualit\u00e0 della vita delle persone.\u201d Il progetto, che si inserisce nel complesso scenario introdotto dalla Legge \u201cDopo di noi\u201d e delle opportunit\u00e0 offerte dalla Missione 5 sottocomponente 2 del PNRR, intende rispondere all\u2019esigenza di autonomia della persona con disabilit\u00e0 introducendola all\u2019interno di un complesso sistema di servizi che parte dal cohousing,&#8230;<\/p>\n","protected":false},"author":2,"featured_media":180377,"comment_status":"open","ping_status":"closed","sticky":false,"template":"","format":"standard","meta":{"footnotes":""},"categories":[7],"tags":[],"class_list":["post-216692","post","type-post","status-publish","format-standard","has-post-thumbnail","hentry","category-news"],"_links":{"self":[{"href":"https:\/\/www.brundisium.net\/index.php\/wp-json\/wp\/v2\/posts\/216692","targetHints":{"allow":["GET"]}}],"collection":[{"href":"https:\/\/www.brundisium.net\/index.php\/wp-json\/wp\/v2\/posts"}],"about":[{"href":"https:\/\/www.brundisium.net\/index.php\/wp-json\/wp\/v2\/types\/post"}],"author":[{"embeddable":true,"href":"https:\/\/www.brundisium.net\/index.php\/wp-json\/wp\/v2\/users\/2"}],"replies":[{"embeddable":true,"href":"https:\/\/www.brundisium.net\/index.php\/wp-json\/wp\/v2\/comments?post=216692"}],"version-history":[{"count":1,"href":"https:\/\/www.brundisium.net\/index.php\/wp-json\/wp\/v2\/posts\/216692\/revisions"}],"predecessor-version":[{"id":216696,"href":"https:\/\/www.brundisium.net\/index.php\/wp-json\/wp\/v2\/posts\/216692\/revisions\/216696"}],"wp:featuredmedia":[{"embeddable":true,"href":"https:\/\/www.brundisium.net\/index.php\/wp-json\/wp\/v2\/media\/180377"}],"wp:attachment":[{"href":"https:\/\/www.brundisium.net\/index.php\/wp-json\/wp\/v2\/media?parent=216692"}],"wp:term":[{"taxonomy":"category","embeddable":true,"href":"https:\/\/www.brundisium.net\/index.php\/wp-json\/wp\/v2\/categories?post=216692"},{"taxonomy":"post_tag","embeddable":true,"href":"https:\/\/www.brundisium.net\/index.php\/wp-json\/wp\/v2\/tags?post=216692"}],"curies":[{"name":"wp","href":"https:\/\/api.w.org\/{rel}","templated":true}]}}