{"id":216842,"date":"2023-12-06T19:30:16","date_gmt":"2023-12-06T18:30:16","guid":{"rendered":"https:\/\/www.brundisium.net\/?p=216842"},"modified":"2023-12-08T16:46:33","modified_gmt":"2023-12-08T15:46:33","slug":"centrale-cerano-il-documento-della-usb-dopo-lavvio-del-tavolo-in-regione","status":"publish","type":"post","link":"https:\/\/www.brundisium.net\/index.php\/centrale-cerano-il-documento-della-usb-dopo-lavvio-del-tavolo-in-regione\/","title":{"rendered":"Centrale Cerano: il documento della USB dopo l&#8217;avvio del tavolo in Regione"},"content":{"rendered":"<p>Oggi si \u00e8 insediato il tavolo regionale sul futuro della centrale di Brindisi Cerano. La centrale, che ricordiamo lavora tuttora a carbone, vedr\u00e0 la fine dell\u2019attivit\u00e0 al 31 dicembre del 2025.<br \/>\nLa Regione ha voluto insediare il Comitato di coordinamento come una importante continuazione del tavolo ministeriale a cui avevamo partecipato come USB Puglia.<br \/>\nIl Presidente della Regione, Michele Emiliano ha voluto aprire l\u2019incontro soffermandosi sulla questione occupazione, evidenziando che l\u2019intero territorio brindisino deve essere fortemente ricompensato e si aspetta risposte \u201csostenibili\u201d da parte di Enel.<br \/>\nOggi Enel \u00e8 giunta al tavolo senza prospettive concrete parlando di fotovoltaico, logistica, start-up, idrogeno verde senza alcun piano e, soprattutto, senza alcuna parola sul futuro di Cerano.<br \/>\nPer noi come USB, al di l\u00e0 dell&#8217;unitariet\u00e0 e concordia dei tavoli pi\u00f9 volte richiamata nella riunione, \u00e8 evidente che bisogna partire in primis da un \u201cserio\u201d piano  occupazionale.<br \/>\nNon ci sono solo i lavoratori diretti di Enel (quasi 300) oppure gli indiretti (oltre 500) ma si parla di ricadute occupazionali che vanno ben oltre, basti pensare ai \u201cservizi\u201d gestiti dall\u2019autorit\u00e0 portuale.<br \/>\nSiamo fuori tempo massimo nonostante tutti gli attori, Enel in primis, avevano la de-carbonizzazione chiara come scadenza, ma anzich\u00e9 ragionare per tempo sulle rinnovabili si \u00e8 pensato pi\u00f9 all\u2019attendismo ed a rinviare le decisioni.<br \/>\nPer noi occupazione e ambiente devono andare di pari passo e il Governo nazionale non pu\u00f2, solo, apparecchiare la tavola e poi girarsi dall\u2019altra parte ma deve chiarire la propria posizione visto che Enel \u00e8 una societ\u00e0 a partecipazione pubblica.<br \/>\nOra \u00e8 necessaria pi\u00f9 che mai una visione completa e non parziale in termini di politica industriale nazionale che di fatto manca al nostro Paese.<br \/>\nCos\u00ec come resta poco chiara la posizione di Terna, proprietario della rete di trasmissione italiana (RTN) dell&#8217;elettricit\u00e0, che \u00e8 assente al tavolo regionale come a quello romano.<\/p>\n<p>Noi, da parte nostra, come USB lavoreremo;<br \/>\n    \u2022 sulla ambientalizzazione e bonifica del sito di Cerano<br \/>\n    \u2022 sul rilancio del Porto brindisino<br \/>\n    \u2022 per dare futuro e certezze ai Lavoratori<\/p>\n","protected":false},"excerpt":{"rendered":"<p>Oggi si \u00e8 insediato il tavolo regionale sul futuro della centrale di Brindisi Cerano. La centrale, che ricordiamo lavora tuttora a carbone, vedr\u00e0 la fine dell\u2019attivit\u00e0 al 31 dicembre del 2025. La Regione ha voluto insediare il Comitato di coordinamento come una importante continuazione del tavolo ministeriale a cui avevamo partecipato come USB Puglia. Il Presidente della Regione, Michele Emiliano ha voluto aprire l\u2019incontro soffermandosi sulla questione occupazione, evidenziando che l\u2019intero territorio brindisino deve essere fortemente ricompensato e si aspetta risposte \u201csostenibili\u201d da parte di Enel. Oggi Enel \u00e8 giunta al tavolo senza prospettive concrete parlando di fotovoltaico, logistica, start-up, idrogeno verde senza alcun piano e, soprattutto, senza alcuna parola sul futuro di Cerano. Per noi come USB, al di l\u00e0 dell&#8217;unitariet\u00e0 e concordia dei tavoli pi\u00f9 volte richiamata nella riunione, \u00e8 evidente che bisogna partire in primis da un \u201cserio\u201d piano occupazionale. Non ci sono solo i lavoratori diretti di Enel (quasi 300) oppure gli indiretti (oltre 500) ma si parla di ricadute occupazionali che vanno ben oltre, basti&#8230;<\/p>\n","protected":false},"author":2,"featured_media":213872,"comment_status":"open","ping_status":"closed","sticky":false,"template":"","format":"standard","meta":{"footnotes":""},"categories":[7],"tags":[],"class_list":["post-216842","post","type-post","status-publish","format-standard","has-post-thumbnail","hentry","category-news"],"_links":{"self":[{"href":"https:\/\/www.brundisium.net\/index.php\/wp-json\/wp\/v2\/posts\/216842","targetHints":{"allow":["GET"]}}],"collection":[{"href":"https:\/\/www.brundisium.net\/index.php\/wp-json\/wp\/v2\/posts"}],"about":[{"href":"https:\/\/www.brundisium.net\/index.php\/wp-json\/wp\/v2\/types\/post"}],"author":[{"embeddable":true,"href":"https:\/\/www.brundisium.net\/index.php\/wp-json\/wp\/v2\/users\/2"}],"replies":[{"embeddable":true,"href":"https:\/\/www.brundisium.net\/index.php\/wp-json\/wp\/v2\/comments?post=216842"}],"version-history":[{"count":1,"href":"https:\/\/www.brundisium.net\/index.php\/wp-json\/wp\/v2\/posts\/216842\/revisions"}],"predecessor-version":[{"id":216858,"href":"https:\/\/www.brundisium.net\/index.php\/wp-json\/wp\/v2\/posts\/216842\/revisions\/216858"}],"wp:featuredmedia":[{"embeddable":true,"href":"https:\/\/www.brundisium.net\/index.php\/wp-json\/wp\/v2\/media\/213872"}],"wp:attachment":[{"href":"https:\/\/www.brundisium.net\/index.php\/wp-json\/wp\/v2\/media?parent=216842"}],"wp:term":[{"taxonomy":"category","embeddable":true,"href":"https:\/\/www.brundisium.net\/index.php\/wp-json\/wp\/v2\/categories?post=216842"},{"taxonomy":"post_tag","embeddable":true,"href":"https:\/\/www.brundisium.net\/index.php\/wp-json\/wp\/v2\/tags?post=216842"}],"curies":[{"name":"wp","href":"https:\/\/api.w.org\/{rel}","templated":true}]}}