{"id":216966,"date":"2023-12-11T16:42:34","date_gmt":"2023-12-11T15:42:34","guid":{"rendered":"https:\/\/www.brundisium.net\/?p=216966"},"modified":"2023-12-11T16:42:34","modified_gmt":"2023-12-11T15:42:34","slug":"parte-il-progetto-reti-di-facilitazione-digitale-nei-comuni-di-cisternino-fasano-e-ostuni","status":"publish","type":"post","link":"https:\/\/www.brundisium.net\/index.php\/parte-il-progetto-reti-di-facilitazione-digitale-nei-comuni-di-cisternino-fasano-e-ostuni\/","title":{"rendered":"Parte il Progetto \u201cReti di facilitazione digitale\u201d nei Comuni di Cisternino, Fasano e Ostuni"},"content":{"rendered":"<p>Parte il Progetto denominato \u201cReti di facilitazione digitale\u201d nei Comuni di Cisternino, Fasano e Ostuni, costituenti l\u2019Ambito Territoriale ATS BR2 assegnatario di un finanziamento pari ad \u20ac 120.000,00  a valere sulle risorse PNRR Missione 1, Componente 1, Asse 1, Misura 1.7.2..<br \/>\nGli sportelli presenti nei Comuni consorziati sono gi\u00e0 attivi nelle seguenti sedi:<br \/>\n    \u2022 Comune di Cisternino, presso il Laboratorio Urbano Jan-Net<br \/>\n    \u2022 Comune di Fasano, presso gli uffici CIISAF situati al piano terra del Palazzo dell\u2019Orologio in Piazza Ciaia, presso l\u2019Ufficio Delegazione Anagrafe comunale in Corso Nazionale a Pezze di Greco e presso il PTA di Fasano in via Nazionale dei Trulli al 2\u00b0 piano<br \/>\n    \u2022 Comune di Ostuni, presso la Biblioteca comunale in via Francesco Rodio n. 1<br \/>\nDurante la conferenza stampa di presentazione del Progetto, che si \u00e8 tenuta luned\u00ec 11 dicembre 2023 presso la Sala di Rappresentanza del Comune di Fasano, \u00e8 stata illustrata la portata dell\u2019intervento che rappresenta un\u2019importante opportunit\u00e0 di facilitazione di accesso alle risorse digitali, a titolo completamente gratuito, che viene offerta a tutta la cittadinanza con particolare riferimento alle fasce di popolazione pi\u00f9 esposte al gap digitale. L\u2019obiettivo della misura \u00e8 accrescere le competenze digitali per favorire l\u2019uso autonomo, consapevole e responsabile delle nuove tecnologie, promuovendo il pieno godimento dei diritti di cittadinanza, semplificando il rapporto tra cittadini e Pubblica Amministrazione.<br \/>\nPresso gli sportelli i cittadini verranno affiancati dai facilitatori digitali che offriranno loro un aiuto nel gestire la propria identit\u00e0 digitale, navigare in rete, effettuare videochiamate, fare acquisti online, accedere ai servizi digitali della Pubblica Amministrazione come ad esempio l\u2019App IO, la piattaforma pagoPA, l\u2019Anagrafe Nazionale della Popolazione Residente e il Fascicolo sanitario elettronico, oltre ad offrire un supporto pratico e dedicato anche su altri servizi, come la dichiarazione dei redditi precompilata, i servizi previdenziali o quelli assistenziali.<br \/>\nSono intervenuti: il Direttore Generale della ASL Brindisi Dott. De Nuccio, il Direttore Sanitario Dott. Gigantelli, il Direttore del Distretto Socio Sanitario n\u00b0 2 di Fasano Dott. Pace, il Presidente del CDA del Consorzio CIISAF Dott. Giovanni Cisternino, il Sindaco del Comune di Fasano Dott. Francesco Zaccaria.<\/p>\n","protected":false},"excerpt":{"rendered":"<p>Parte il Progetto denominato \u201cReti di facilitazione digitale\u201d nei Comuni di Cisternino, Fasano e Ostuni, costituenti l\u2019Ambito Territoriale ATS BR2 assegnatario di un finanziamento pari ad \u20ac 120.000,00 a valere sulle risorse PNRR Missione 1, Componente 1, Asse 1, Misura 1.7.2.. Gli sportelli presenti nei Comuni consorziati sono gi\u00e0 attivi nelle seguenti sedi: \u2022 Comune di Cisternino, presso il Laboratorio Urbano Jan-Net \u2022 Comune di Fasano, presso gli uffici CIISAF situati al piano terra del Palazzo dell\u2019Orologio in Piazza Ciaia, presso l\u2019Ufficio Delegazione Anagrafe comunale in Corso Nazionale a Pezze di Greco e presso il PTA di Fasano in via Nazionale dei Trulli al 2\u00b0 piano \u2022 Comune di Ostuni, presso la Biblioteca comunale in via Francesco Rodio n. 1 Durante la conferenza stampa di presentazione del Progetto, che si \u00e8 tenuta luned\u00ec 11 dicembre 2023 presso la Sala di Rappresentanza del Comune di Fasano, \u00e8 stata illustrata la portata dell\u2019intervento che rappresenta un\u2019importante opportunit\u00e0 di facilitazione di accesso alle risorse digitali, a titolo completamente gratuito, che viene offerta a&#8230;<\/p>\n","protected":false},"author":2,"featured_media":216969,"comment_status":"open","ping_status":"closed","sticky":false,"template":"","format":"standard","meta":{"footnotes":""},"categories":[7],"tags":[],"class_list":["post-216966","post","type-post","status-publish","format-standard","has-post-thumbnail","hentry","category-news"],"_links":{"self":[{"href":"https:\/\/www.brundisium.net\/index.php\/wp-json\/wp\/v2\/posts\/216966","targetHints":{"allow":["GET"]}}],"collection":[{"href":"https:\/\/www.brundisium.net\/index.php\/wp-json\/wp\/v2\/posts"}],"about":[{"href":"https:\/\/www.brundisium.net\/index.php\/wp-json\/wp\/v2\/types\/post"}],"author":[{"embeddable":true,"href":"https:\/\/www.brundisium.net\/index.php\/wp-json\/wp\/v2\/users\/2"}],"replies":[{"embeddable":true,"href":"https:\/\/www.brundisium.net\/index.php\/wp-json\/wp\/v2\/comments?post=216966"}],"version-history":[{"count":1,"href":"https:\/\/www.brundisium.net\/index.php\/wp-json\/wp\/v2\/posts\/216966\/revisions"}],"predecessor-version":[{"id":216971,"href":"https:\/\/www.brundisium.net\/index.php\/wp-json\/wp\/v2\/posts\/216966\/revisions\/216971"}],"wp:featuredmedia":[{"embeddable":true,"href":"https:\/\/www.brundisium.net\/index.php\/wp-json\/wp\/v2\/media\/216969"}],"wp:attachment":[{"href":"https:\/\/www.brundisium.net\/index.php\/wp-json\/wp\/v2\/media?parent=216966"}],"wp:term":[{"taxonomy":"category","embeddable":true,"href":"https:\/\/www.brundisium.net\/index.php\/wp-json\/wp\/v2\/categories?post=216966"},{"taxonomy":"post_tag","embeddable":true,"href":"https:\/\/www.brundisium.net\/index.php\/wp-json\/wp\/v2\/tags?post=216966"}],"curies":[{"name":"wp","href":"https:\/\/api.w.org\/{rel}","templated":true}]}}