{"id":217068,"date":"2023-12-14T15:55:07","date_gmt":"2023-12-14T14:55:07","guid":{"rendered":"https:\/\/www.brundisium.net\/?p=217068"},"modified":"2023-12-14T15:55:07","modified_gmt":"2023-12-14T14:55:07","slug":"prevenzione-del-rischio-idrogeologico-e-idraulico-nel-territorio-provinciale-svolto-focus-in-prefettura","status":"publish","type":"post","link":"https:\/\/www.brundisium.net\/index.php\/prevenzione-del-rischio-idrogeologico-e-idraulico-nel-territorio-provinciale-svolto-focus-in-prefettura\/","title":{"rendered":"Prevenzione del rischio idrogeologico e idraulico nel territorio provinciale: svolto focus in Prefettura"},"content":{"rendered":"<p>Si \u00e8 tenuta ieri 13 dicembre, presieduta dal Prefetto Michela La Iacona, una riunione finalizzata ad approfondire e condividere, con tutte le componenti del sistema di protezione civile, lo stato dell\u2019arte del territorio provinciale e le misure di prevenzione da adottare per ridurre il rischio idrogeologico e idraulico in vista dell\u2019imminente stagione invernale.<\/p>\n<p>Sono intervenuti i Sindaci dei Comuni della provincia, il Comandante Provinciale dei Vigili del Fuoco, rappresentanti del Comando Provinciale della Guardia di Finanza e del Dipartimento regionale di protezione civile, della Provincia di Brindisi, di ANAS, di RFI, del Consorzio Speciale per la bonifica dell\u2019Arneo e del coordinamento provinciale del volontariato di protezione civile.<\/p>\n<p>Momento cruciale della riunione \u00e8 stata l\u2019illustrazione ai presenti di un pregevole, circostanziato documento realizzato per l\u2019occasione dal Comando Provinciale dei Vigili del Fuoco, corredato da una documentazione fotografica delle criticit\u00e0 in atto esistenti sul territorio che ha permesso di rendere plasticamente evidenti le cause di vulnerabilit\u00e0 presenti, dovute alla mancanza di manutenzione ordinaria.<\/p>\n<p>Il Prefetto pertanto, soffermandosi sulla forza espressiva delle immagini proiettate, ha richiamato l\u2019attenzione sull\u2019importanza dell\u2019attivit\u00e0 di prevenzione, con segnato riguardo alla necessit\u00e0 che i Sindaci in primis provvedano ad aggiornare i piani di protezione civile sulla base delle criticit\u00e0 legate all\u2019evoluzione dei loro territori per lo sviluppo urbanistico e per le conseguenze di eventi significativi verificatisi in passato.<br \/>\nHa, altres\u00ec, rimarcato l\u2019importanza di effettuare tutte le opere necessarie per garantire la pulizia dei diversi canali presenti nella provincia, atteso che sempre pi\u00f9 frequenti sono ormai i casi di precipitazioni improvvise che determinano allagamenti proprio in conseguenza dell\u2019incuria.<\/p>\n<p>A tal proposito, gli Amministratori locali hanno assicurato l\u2019adozione di ogni utile iniziativa volta alla mitigazione dei rischi; il rappresentante del Consorzio Speciale per la bonifica dell\u2019Arneo &#8211; competente per i predetti canali &#8211; ha partecipato la imminente cantierizzazione di interventi di manutenzione ordinaria che ricopriranno circa l\u201985% del reticolo idrografico di competenza per un importo complessivo di 2 milioni di euro e un importante intervento di mitigazione del rischio idraulico sul canale Patri per un importo complessivo di 5 milioni di euro.<\/p>\n<p>A conclusione dell\u2019incontro, che ha fatto registrare una significativa, responsabile partecipazione dei presenti, il Prefetto ha invitato tutti a proseguire nella direzione intrapresa di massima collaborazione istituzionale con la finalit\u00e0 comune di preservare il territorio riducendo al minimo possibile i rischi connessi agli eventi meteorologici avversi.<\/p>\n<p>&nbsp;<\/p>\n<p>COMUNICATO STAMPA PREFETTURA DI BRINDISI<\/p>\n","protected":false},"excerpt":{"rendered":"<p>Si \u00e8 tenuta ieri 13 dicembre, presieduta dal Prefetto Michela La Iacona, una riunione finalizzata ad approfondire e condividere, con tutte le componenti del sistema di protezione civile, lo stato dell\u2019arte del territorio provinciale e le misure di prevenzione da adottare per ridurre il rischio idrogeologico e idraulico in vista dell\u2019imminente stagione invernale. Sono intervenuti i Sindaci dei Comuni della provincia, il Comandante Provinciale dei Vigili del Fuoco, rappresentanti del Comando Provinciale della Guardia di Finanza e del Dipartimento regionale di protezione civile, della Provincia di Brindisi, di ANAS, di RFI, del Consorzio Speciale per la bonifica dell\u2019Arneo e del coordinamento provinciale del volontariato di protezione civile. Momento cruciale della riunione \u00e8 stata l\u2019illustrazione ai presenti di un pregevole, circostanziato documento realizzato per l\u2019occasione dal Comando Provinciale dei Vigili del Fuoco, corredato da una documentazione fotografica delle criticit\u00e0 in atto esistenti sul territorio che ha permesso di rendere plasticamente evidenti le cause di vulnerabilit\u00e0 presenti, dovute alla mancanza di manutenzione ordinaria. Il Prefetto pertanto, soffermandosi sulla forza espressiva delle immagini&#8230;<\/p>\n","protected":false},"author":2,"featured_media":217069,"comment_status":"open","ping_status":"closed","sticky":false,"template":"","format":"standard","meta":{"footnotes":""},"categories":[7],"tags":[],"class_list":["post-217068","post","type-post","status-publish","format-standard","has-post-thumbnail","hentry","category-news"],"_links":{"self":[{"href":"https:\/\/www.brundisium.net\/index.php\/wp-json\/wp\/v2\/posts\/217068","targetHints":{"allow":["GET"]}}],"collection":[{"href":"https:\/\/www.brundisium.net\/index.php\/wp-json\/wp\/v2\/posts"}],"about":[{"href":"https:\/\/www.brundisium.net\/index.php\/wp-json\/wp\/v2\/types\/post"}],"author":[{"embeddable":true,"href":"https:\/\/www.brundisium.net\/index.php\/wp-json\/wp\/v2\/users\/2"}],"replies":[{"embeddable":true,"href":"https:\/\/www.brundisium.net\/index.php\/wp-json\/wp\/v2\/comments?post=217068"}],"version-history":[{"count":1,"href":"https:\/\/www.brundisium.net\/index.php\/wp-json\/wp\/v2\/posts\/217068\/revisions"}],"predecessor-version":[{"id":217070,"href":"https:\/\/www.brundisium.net\/index.php\/wp-json\/wp\/v2\/posts\/217068\/revisions\/217070"}],"wp:featuredmedia":[{"embeddable":true,"href":"https:\/\/www.brundisium.net\/index.php\/wp-json\/wp\/v2\/media\/217069"}],"wp:attachment":[{"href":"https:\/\/www.brundisium.net\/index.php\/wp-json\/wp\/v2\/media?parent=217068"}],"wp:term":[{"taxonomy":"category","embeddable":true,"href":"https:\/\/www.brundisium.net\/index.php\/wp-json\/wp\/v2\/categories?post=217068"},{"taxonomy":"post_tag","embeddable":true,"href":"https:\/\/www.brundisium.net\/index.php\/wp-json\/wp\/v2\/tags?post=217068"}],"curies":[{"name":"wp","href":"https:\/\/api.w.org\/{rel}","templated":true}]}}