{"id":217145,"date":"2023-12-15T18:33:34","date_gmt":"2023-12-15T17:33:34","guid":{"rendered":"https:\/\/www.brundisium.net\/?p=217145"},"modified":"2023-12-15T18:33:36","modified_gmt":"2023-12-15T17:33:36","slug":"il-cinzella-festival-2024-ha-scelto-brindisi","status":"publish","type":"post","link":"https:\/\/www.brundisium.net\/index.php\/il-cinzella-festival-2024-ha-scelto-brindisi\/","title":{"rendered":"Il Cinzella Festival 2024 ha scelto Brindisi"},"content":{"rendered":"<p><a href=\"https:\/\/www.brundisium.net\/index.php\/il-cinzella-festival-2024-ha-scelto-brindisi\/card-cinzella\/\" rel=\"attachment wp-att-217149\"><img loading=\"lazy\" decoding=\"async\" class=\"alignright size-medium wp-image-217149\" src=\"https:\/\/www.brundisium.net\/brun\/wp-content\/uploads\/2023\/12\/Card-cinzella-238x300.jpeg\" alt=\"\" width=\"238\" height=\"300\" srcset=\"https:\/\/www.brundisium.net\/brun\/wp-content\/uploads\/2023\/12\/Card-cinzella-238x300.jpeg 238w, https:\/\/www.brundisium.net\/brun\/wp-content\/uploads\/2023\/12\/Card-cinzella-813x1024.jpeg 813w, https:\/\/www.brundisium.net\/brun\/wp-content\/uploads\/2023\/12\/Card-cinzella-768x967.jpeg 768w, https:\/\/www.brundisium.net\/brun\/wp-content\/uploads\/2023\/12\/Card-cinzella.jpeg 1134w\" sizes=\"auto, (max-width: 238px) 100vw, 238px\" \/><\/a>Si \u00e8 tenuta venerd\u00ec 15 Dicembre presso la Sala della Colonna del Palazzo Nervegna di Brindisi, la prima presentazione del Cinzella Festival, l\u2019importante evento dedicato a musica, cinema e cultura organizzato dall\u2019Associazione Culturale AFO6 di Taranto con la direzione artistica di Michele Riondino, che per il suo ottavo anno si presenta con una grande novit\u00e0.<\/p>\n<p>La rassegna, infatti, quest\u2019anno approda nella citt\u00e0 di Brindisi nella suggestiva location del Capannone Ex Montecatini, uno spazio unico nella zona porto del capoluogo brindisino, una struttura pensata per la valorizzazione di luoghi simbolo sempre pi\u00f9 coniugati a grandi eventi, che \u00e8 stata presentata alla presenza del Presidente dell\u2019Associazione AFO6 di Taranto Gianni Raimondi, il Sindaco di Brindisi Giuseppe Marchionna ed il Presidente dell\u2019Autorit\u00e0 di Sistema Portuale dell\u2019Adriatico Meridionale Prof. Avv. Ugo Patroni Griffi.<\/p>\n<p>Il Capannone Ex Montecatini, teatro di grandi eventi realizzati negli ultimi anni grazie anche ad una acustica eccezionale, ha gi\u00e0 ospitato con grande successo il festival nell\u2019agosto del 2022 con il live dei Morcheeba e si appresta a vivere una tre giorni di grande musica fissati per il 15, 16 e 17 Agosto prossimi.<br \/>\nLa giusta combinazione di musica internazionale, scelta di locations suggestive, accoglienza calorosa e tante attenzioni nei confronti dei partecipanti, ha permesso al Cinzella Festival di fidelizzare negli anni il suo pubblico attirando ogni anno spettatori da ogni parte d\u2019Italia e d\u2019Europa diventando ormai un autentico polo di attrazione artistica e culturale pugliese e riconosciuto a livello nazionale ed internazionale.<br \/>\nIn occasione della presentazione della nuova location, sono stati annunciati anche i primi artisti che saranno ospiti il giorno 15 agosto, momento in cui il Capannone Ex Montecatini si tinger\u00e0 dei colori dell\u2019elettronica e dell\u2019indie alternativa grazie ai live dei due grandi esponenti mondiali: Trentemoller e Vitalic.<\/p>\n<p>\u201cSiamo gi\u00e0 stati a Brindisi con la riuscitissima serata dei Morcheeba del 2022 \u2013 dichiara il Presidente Dell\u2019Associazione Culturale AFO6, Gianni Raimondi &#8211; e abbiamo avuto modo di appurare che la citt\u00e0 risulta perfetta per l\u2019organizzazione di un evento cos\u00ec complesso offrendo garanzie logistiche e opportunit\u00e0 che sono state in parte il motivo del nostro cambio di venue. Le Cave di Fantiano di Grottaglie (Taranto) sono state fondamentali per la crescita del Cinzella Festival ma presentano problematiche logistiche e strutturali che si reverberavano sull\u2019organizzazione impattando sensibilmente sui costi di produzione.\u201d<\/p>\n<p>Il Sindaco di Brindisi Giuseppe Marchionna ha ribadito la sua soddisfazione affermando: \u201cSono felice in nome della citt\u00e0 di Brindisi di accogliere il Cinzella Festival. Credo che questo passaggio di testimone da un territorio all\u2019altro, sia significativo in nome dei due mari, lo Jonio e l\u2019Adriatico ed in nome di due citt\u00e0 che, dagli inizi degli anni \u201960 in poi, hanno dovuto subire i fenomeni connessi all\u2019industrializzazione di massa. Da questo punto di vista pensiamo e speriamo che il porto di Brindisi e questa grandissima location che \u00e8 il Capannone Ex Montecatini, possano rappresentare lo scenario pi\u00f9 adeguato per garantire a questo Festival e alle sue iniziative quel senso di transizione verso la sostenibilit\u00e0 ambientale e verso il sostegno culturale alle innovazioni tecnologiche, all\u2019internazionalizzazione e alla pace all\u2019interno del Mediterraneo\u201d<\/p>\n<p>Il Presidente dell\u2019Autorit\u00e0 di Sistema Portuale dell\u2019Adriatico Meridionale Prof. Avv. Ugo Patroni Griffi ha sottolineato il valore dell\u2019operazione culturale importante per il marketing territoriale: \u201cE\u2019 una lunghissima collaborazione quella tra l\u2019Autorit\u00e0 del Sistema Portuale, il comune di Brindisi e tutti gli operatori che vogliono valorizzare per un uso civico, turistico e culturale gli spazi gestiti dall\u2019Autorit\u00e0 di Sistema. Avevamo gi\u00e0 cominciato a formalizzare e consolidare questa collaborazione con l\u2019allora Assessore Emma Taveri. Noi saremo sempre a disposizione del Comune di Brindisi. Pensiamo che questa sia la vera interazione porto-citt\u00e0. Ovvero quando il porto si apre alla citt\u00e0 e mette a disposizione spazi, infrastrutture, risorse per permettere ai cittadini ed ai turisti di godere del palcoscenico forse pi\u00f9 bello di Brindisi, sul mare e che guarda la citt\u00e0. Un valore storico ed un bene tutelato quello del Capannone Ex Montecatini, esempio fulgido di archeologia industriale che noi stiamo per consegnare alla citt\u00e0 e all\u2019Amministrazione Comunale, ma che nel frattempo la citt\u00e0 pu\u00f2 gi\u00e0 impossessarsene per utilizzarlo per finalit\u00e0 di promozione di marketing cittadino e per eventi culturali del livello di quello che oggi ci \u00e8 stato proposto\u201d<\/p>\n<p>Ed \u00e8 proprio nell\u2019ottica di internazionalizzazione che sono stati pensati gli artisti del 15 agosto, prima giornata del festival.<\/p>\n<p>Il danese Trentemoller, headliner della serata, arriva al Cinzella Festival per la sua unica data estiva in Italia con un live eseguito con la sua band, ed \u00e8 considerato uno dei personaggi chiave dell\u2019elettronica del nuovo millennio con un percorso che \u00e8 iniziato fra le fila della deep-house ed \u00e8 proseguito attraverso la minimal, fino ad approdare ad una contaminazione con le forme pi\u00f9 raffinate dell\u2019indie. Creatore di melodie straordinariamente memorabili e paesaggi sonori lussureggianti, nell\u2019ultimo decennio ha ricevuto elogi attesi da tempo per essere riconosciuto anche un produttore con pochi rivali.<\/p>\n<p>Vitalic, con la sua unica data al Sud, \u00e8 certamente uno dei padri fondatori del famoso French Touch (movimento del quale facevano parte Daft Punk, Etienne de Crecy e Justice), un produttore che si reinventa continuamente, capace di mescolare techno, rock, disco, pop e punk con uguale energia. Allo stesso tempo \u00e8 molto pi\u00f9 della semplice somma dei suoi album in studio: fin dall&#8217;inizio della sua carriera, ha dimostrato il suo amore per i live elettronici, un genere che ha attraverso i suoi concerti elettrizzanti, quasi psichedelici, pieni di effetti pirotecnici digitali e battaglie laser, lasciando il pubblico senza fiato.<br \/>\nLa vendita dei biglietti \u00e8 gi\u00e0 disponibile sulla piattaforma ticketing DICE.<\/p>\n","protected":false},"excerpt":{"rendered":"<p>Si \u00e8 tenuta venerd\u00ec 15 Dicembre presso la Sala della Colonna del Palazzo Nervegna di Brindisi, la prima presentazione del Cinzella Festival, l\u2019importante evento dedicato a musica, cinema e cultura organizzato dall\u2019Associazione Culturale AFO6 di Taranto con la direzione artistica di Michele Riondino, che per il suo ottavo anno si presenta con una grande novit\u00e0. La rassegna, infatti, quest\u2019anno approda nella citt\u00e0 di Brindisi nella suggestiva location del Capannone Ex Montecatini, uno spazio unico nella zona porto del capoluogo brindisino, una struttura pensata per la valorizzazione di luoghi simbolo sempre pi\u00f9 coniugati a grandi eventi, che \u00e8 stata presentata alla presenza del Presidente dell\u2019Associazione AFO6 di Taranto Gianni Raimondi, il Sindaco di Brindisi Giuseppe Marchionna ed il Presidente dell\u2019Autorit\u00e0 di Sistema Portuale dell\u2019Adriatico Meridionale Prof. Avv. Ugo Patroni Griffi. Il Capannone Ex Montecatini, teatro di grandi eventi realizzati negli ultimi anni grazie anche ad una acustica eccezionale, ha gi\u00e0 ospitato con grande successo il festival nell\u2019agosto del 2022 con il live dei Morcheeba e si appresta a vivere una tre&#8230;<\/p>\n","protected":false},"author":2,"featured_media":217150,"comment_status":"open","ping_status":"closed","sticky":false,"template":"","format":"standard","meta":{"footnotes":""},"categories":[7],"tags":[],"class_list":["post-217145","post","type-post","status-publish","format-standard","has-post-thumbnail","hentry","category-news"],"_links":{"self":[{"href":"https:\/\/www.brundisium.net\/index.php\/wp-json\/wp\/v2\/posts\/217145","targetHints":{"allow":["GET"]}}],"collection":[{"href":"https:\/\/www.brundisium.net\/index.php\/wp-json\/wp\/v2\/posts"}],"about":[{"href":"https:\/\/www.brundisium.net\/index.php\/wp-json\/wp\/v2\/types\/post"}],"author":[{"embeddable":true,"href":"https:\/\/www.brundisium.net\/index.php\/wp-json\/wp\/v2\/users\/2"}],"replies":[{"embeddable":true,"href":"https:\/\/www.brundisium.net\/index.php\/wp-json\/wp\/v2\/comments?post=217145"}],"version-history":[{"count":2,"href":"https:\/\/www.brundisium.net\/index.php\/wp-json\/wp\/v2\/posts\/217145\/revisions"}],"predecessor-version":[{"id":217152,"href":"https:\/\/www.brundisium.net\/index.php\/wp-json\/wp\/v2\/posts\/217145\/revisions\/217152"}],"wp:featuredmedia":[{"embeddable":true,"href":"https:\/\/www.brundisium.net\/index.php\/wp-json\/wp\/v2\/media\/217150"}],"wp:attachment":[{"href":"https:\/\/www.brundisium.net\/index.php\/wp-json\/wp\/v2\/media?parent=217145"}],"wp:term":[{"taxonomy":"category","embeddable":true,"href":"https:\/\/www.brundisium.net\/index.php\/wp-json\/wp\/v2\/categories?post=217145"},{"taxonomy":"post_tag","embeddable":true,"href":"https:\/\/www.brundisium.net\/index.php\/wp-json\/wp\/v2\/tags?post=217145"}],"curies":[{"name":"wp","href":"https:\/\/api.w.org\/{rel}","templated":true}]}}