{"id":217277,"date":"2023-12-15T11:01:38","date_gmt":"2023-12-15T10:01:38","guid":{"rendered":"https:\/\/www.brundisium.net\/?p=217277"},"modified":"2023-12-17T11:07:06","modified_gmt":"2023-12-17T10:07:06","slug":"nominato-il-garante-della-disabilita-del-comune-di-carovigno","status":"publish","type":"post","link":"https:\/\/www.brundisium.net\/index.php\/nominato-il-garante-della-disabilita-del-comune-di-carovigno\/","title":{"rendered":"Nominato il garante della disabilit\u00e0 del Comune di Carovigno"},"content":{"rendered":"<p>\u00c8 stato nominato dal sindaco di Carovigno, Massimo Lanzillotti, il garante della disabilit\u00e0: si tratta dell&#8217;atleta non vedente Vincenzo Donadeo. La scelta \u00e8 avvenuta dopo l&#8217;approvazione nell&#8217;ultimo consiglio comunale del regolamento per l&#8217;istituzione del garante e della consulta sulla disabilit\u00e0, entrambi proposti dall&#8217;assessore alle politiche sociali Luigi Orlandini.<br \/>\n&#8220;In continuit\u00e0 con la prima amministrazione di Massimo Lanzilotti,&#8221; afferma l&#8217;assessore Luigi Orlandini, &#8220;abbiamo proposto ed approvato all&#8217;unanimit\u00e0 nell&#8217;ultimo consiglio comunale due ragionamenti connessi e correlati tra di loro: l&#8217;istituzione della consulta per la disabilit\u00e0 e il garante della disabilit\u00e0. I due organi insieme collaboreranno con l&#8217;amministrazione comunale per far partecipare alla vita pubblica anche le persone con disabilit\u00e0 e le loro famiglie. La consulta,&#8221; prosegue Orlandini, &#8220;\u00e8 un organo che verr\u00e0 costituito insieme con componenti della minoranza e della maggioranza, al loro interno ci saranno tutte le associazioni che si occupano di disabilit\u00e0 operanti sul territorio. A fare da unione ci sar\u00e0 Vincenzo Donadeo, atleta non vedente, che \u00e8 stato nominato garante della disabilit\u00e0 dal sindaco Massimo Lanzilotti. Sono molto soddisfatto,&#8221; conclude l&#8217;assessore Orlandini, &#8220;dell&#8217;approvazione unanimit\u00e0 dei due regolamenti e della nomina di Vincenzo Donadeo; questo \u00e8 il segno che il consiglio di questa citt\u00e0 ha un&#8217;attenzione particolare verso tutti coloro che vivono una condizione di disabilit\u00e0 sia temporanea che permanente.&#8221;<br \/>\nSoddisfatto dell&#8217;incarico ricevuto dal sindaco, Vincenzo Donadeo ha affermato: &#8220;Ho partecipato al bando per garante della disabilit\u00e0 perch\u00e9, oltre al fatto che \u00e8 una figura apolitica, mi consente di dare voce a chi troppe volte non viene ascoltato e per dare spazio a dei progetti che danno un gran senso di etica e di umanit\u00e0 al paese di Carovigno. Nel contempo, per\u00f2, ringrazio il sindaco di Carovigno per la nomina,&#8221; sottolinea Donadeo, &#8220;sono molto onorato per la fiducia che il Comune e i cittadini hanno avuto nei miei confronti eleggendomi a garante della disabilit\u00e0. Ho scelto la partecipazione attiva all&#8217;interno di questo paese; quest&#8217;incarico mi offre la possibilit\u00e0 di dare spazio a molti progetti che ho gi\u00e0 in mente e che voglio realizzare per Carovigno.&#8221;<\/p>\n","protected":false},"excerpt":{"rendered":"<p>\u00c8 stato nominato dal sindaco di Carovigno, Massimo Lanzillotti, il garante della disabilit\u00e0: si tratta dell&#8217;atleta non vedente Vincenzo Donadeo. La scelta \u00e8 avvenuta dopo l&#8217;approvazione nell&#8217;ultimo consiglio comunale del regolamento per l&#8217;istituzione del garante e della consulta sulla disabilit\u00e0, entrambi proposti dall&#8217;assessore alle politiche sociali Luigi Orlandini. &#8220;In continuit\u00e0 con la prima amministrazione di Massimo Lanzilotti,&#8221; afferma l&#8217;assessore Luigi Orlandini, &#8220;abbiamo proposto ed approvato all&#8217;unanimit\u00e0 nell&#8217;ultimo consiglio comunale due ragionamenti connessi e correlati tra di loro: l&#8217;istituzione della consulta per la disabilit\u00e0 e il garante della disabilit\u00e0. I due organi insieme collaboreranno con l&#8217;amministrazione comunale per far partecipare alla vita pubblica anche le persone con disabilit\u00e0 e le loro famiglie. La consulta,&#8221; prosegue Orlandini, &#8220;\u00e8 un organo che verr\u00e0 costituito insieme con componenti della minoranza e della maggioranza, al loro interno ci saranno tutte le associazioni che si occupano di disabilit\u00e0 operanti sul territorio. A fare da unione ci sar\u00e0 Vincenzo Donadeo, atleta non vedente, che \u00e8 stato nominato garante della disabilit\u00e0 dal sindaco Massimo Lanzilotti. Sono molto soddisfatto,&#8221;&#8230;<\/p>\n","protected":false},"author":2,"featured_media":217278,"comment_status":"open","ping_status":"closed","sticky":false,"template":"","format":"standard","meta":{"footnotes":""},"categories":[7],"tags":[],"class_list":["post-217277","post","type-post","status-publish","format-standard","has-post-thumbnail","hentry","category-news"],"_links":{"self":[{"href":"https:\/\/www.brundisium.net\/index.php\/wp-json\/wp\/v2\/posts\/217277","targetHints":{"allow":["GET"]}}],"collection":[{"href":"https:\/\/www.brundisium.net\/index.php\/wp-json\/wp\/v2\/posts"}],"about":[{"href":"https:\/\/www.brundisium.net\/index.php\/wp-json\/wp\/v2\/types\/post"}],"author":[{"embeddable":true,"href":"https:\/\/www.brundisium.net\/index.php\/wp-json\/wp\/v2\/users\/2"}],"replies":[{"embeddable":true,"href":"https:\/\/www.brundisium.net\/index.php\/wp-json\/wp\/v2\/comments?post=217277"}],"version-history":[{"count":1,"href":"https:\/\/www.brundisium.net\/index.php\/wp-json\/wp\/v2\/posts\/217277\/revisions"}],"predecessor-version":[{"id":217279,"href":"https:\/\/www.brundisium.net\/index.php\/wp-json\/wp\/v2\/posts\/217277\/revisions\/217279"}],"wp:featuredmedia":[{"embeddable":true,"href":"https:\/\/www.brundisium.net\/index.php\/wp-json\/wp\/v2\/media\/217278"}],"wp:attachment":[{"href":"https:\/\/www.brundisium.net\/index.php\/wp-json\/wp\/v2\/media?parent=217277"}],"wp:term":[{"taxonomy":"category","embeddable":true,"href":"https:\/\/www.brundisium.net\/index.php\/wp-json\/wp\/v2\/categories?post=217277"},{"taxonomy":"post_tag","embeddable":true,"href":"https:\/\/www.brundisium.net\/index.php\/wp-json\/wp\/v2\/tags?post=217277"}],"curies":[{"name":"wp","href":"https:\/\/api.w.org\/{rel}","templated":true}]}}