{"id":217514,"date":"2023-12-20T18:00:10","date_gmt":"2023-12-20T17:00:10","guid":{"rendered":"https:\/\/www.brundisium.net\/?p=217514"},"modified":"2023-12-20T18:00:10","modified_gmt":"2023-12-20T17:00:10","slug":"il-mio-presepe-dal-23-dicembre-al-6-gennaio-la-ix-mostra-presso-la-chiesa-del-carmine-di-ostuni","status":"publish","type":"post","link":"https:\/\/www.brundisium.net\/index.php\/il-mio-presepe-dal-23-dicembre-al-6-gennaio-la-ix-mostra-presso-la-chiesa-del-carmine-di-ostuni\/","title":{"rendered":"Il mio presepe: dal 23 dicembre al 6 gennaio la IX mostra presso la Chiesa del Carmine di Ostuni"},"content":{"rendered":"<p>Proseguono le interessanti iniziative nella citt\u00e0 di Ostuni: dal 23 dicembre 2023 fino al 6 gennaio 2024 presso la Chiesa del Carmine, in Largo Maria Santissima del Carmine, si terr\u00e0 la nona edizione della mostra &#8220;Il mio Presepe&#8221;, a cura dell&#8217;Associazione &#8220;Ostuni \u00e8&#8230;&#8221; e con il patrocinio del Comune di Ostuni e dell&#8217;Arciconfraternita del Carmine.<br \/>\nLa mostra \u00e8 un invito a tutti per poter ammirare un\u2019arte differente, cio\u00e8 quella di creare un presepe dal nulla, anche con materiali vari e di riciclo. \u00c8 un appuntamento annuale e globale del territorio, dedicato alla riflessione ed al confronto sull\u2019arte del presepe, iniziando dal primo presepe vivente di San Francesco fino al nostro tempo.<br \/>\nL\u2019evento \u00e8 promosso dall&#8217;associazione &#8220;Ostuni \u00e8&#8230;&#8221; in collaborazione con tanti appassionati di quest\u2019arte presepiale. Si vuole dunque unire, in un&#8217;unica mostra, tanti amici e soci, che siano provetti, o ne abbiano la passione, oppure lo facciano per mestiere; che siano piccoli o adolescenti oppure adulti e pensionati.<br \/>\nAll&#8217;interno della mostra, oltre ai presepi, vi saranno alcuni pannelli con le cartoline di auguri di Natale del secolo scorso e, inoltre, alcuni pannelli delle foto dei presepi a cura del Consiglio Comunale dei Ragazzi.<br \/>\n&#8220;Per il nono anno consecutivo si rinnova un appuntamento del Natale ostunese con la mostra &#8216;Il mio presepe&#8217;, quest&#8217;anno in particolare con gli ottocento anni dal primo presepe costruito da San Francesco d&#8217;Assisi. \u00c8 la mia prima volta da presidente di questa associazione e devo dire che sono orgoglioso di tutti i soci che, con un ottimo gioco di squadra, si sono dati da fare per realizzare e sistemare i presepi rendendo la mostra un&#8217;autentica meraviglia. Sono inoltre felicissimo di questo connubio con l&#8217;Arciconfraternita del Carmine e il Consiglio Comunale dei Ragazzi: segno che l&#8217;unione fa la forza e che, insieme, si possono realizzare grandi cose per la nostra citt\u00e0. Auguro a tutti gli ostunesi, e non solo, un felice Natale e uno splendido 2024&#8221;: queste le parole del presidente dell&#8217;associazione &#8220;Ostuni \u00e8&#8230;&#8221;, Daniele Martini.<br \/>\nLa mostra si potr\u00e0 ammirare dalle ore 17:30 fino alle ore 20:30 con ingresso libero.<\/p>\n<p>INFORMAZIONI:<br \/>\nMostra &#8220;Il mio presepe&#8221; 9^ edizione<br \/>\ndal 23 dicembre 2023 fino al 6 gennaio 2024<br \/>\nInaugurazione sabato 23 dicembre 2023 ore 18:00<br \/>\nChiesa del Carmine<br \/>\nLargo Maria Santissima del Carmine &#8211; Ostuni (BR)<br \/>\ndalle ore 17:30 fino alle ore 20:30<br \/>\nIngresso libero<br \/>\nSito: https:\/\/associazioneostunie.blogspot.com<\/p>\n","protected":false},"excerpt":{"rendered":"<p>Proseguono le interessanti iniziative nella citt\u00e0 di Ostuni: dal 23 dicembre 2023 fino al 6 gennaio 2024 presso la Chiesa del Carmine, in Largo Maria Santissima del Carmine, si terr\u00e0 la nona edizione della mostra &#8220;Il mio Presepe&#8221;, a cura dell&#8217;Associazione &#8220;Ostuni \u00e8&#8230;&#8221; e con il patrocinio del Comune di Ostuni e dell&#8217;Arciconfraternita del Carmine. La mostra \u00e8 un invito a tutti per poter ammirare un\u2019arte differente, cio\u00e8 quella di creare un presepe dal nulla, anche con materiali vari e di riciclo. \u00c8 un appuntamento annuale e globale del territorio, dedicato alla riflessione ed al confronto sull\u2019arte del presepe, iniziando dal primo presepe vivente di San Francesco fino al nostro tempo. L\u2019evento \u00e8 promosso dall&#8217;associazione &#8220;Ostuni \u00e8&#8230;&#8221; in collaborazione con tanti appassionati di quest\u2019arte presepiale. Si vuole dunque unire, in un&#8217;unica mostra, tanti amici e soci, che siano provetti, o ne abbiano la passione, oppure lo facciano per mestiere; che siano piccoli o adolescenti oppure adulti e pensionati. All&#8217;interno della mostra, oltre ai presepi, vi saranno alcuni pannelli con le&#8230;<\/p>\n","protected":false},"author":2,"featured_media":217516,"comment_status":"open","ping_status":"closed","sticky":false,"template":"","format":"standard","meta":{"footnotes":""},"categories":[7],"tags":[],"class_list":["post-217514","post","type-post","status-publish","format-standard","has-post-thumbnail","hentry","category-news"],"_links":{"self":[{"href":"https:\/\/www.brundisium.net\/index.php\/wp-json\/wp\/v2\/posts\/217514","targetHints":{"allow":["GET"]}}],"collection":[{"href":"https:\/\/www.brundisium.net\/index.php\/wp-json\/wp\/v2\/posts"}],"about":[{"href":"https:\/\/www.brundisium.net\/index.php\/wp-json\/wp\/v2\/types\/post"}],"author":[{"embeddable":true,"href":"https:\/\/www.brundisium.net\/index.php\/wp-json\/wp\/v2\/users\/2"}],"replies":[{"embeddable":true,"href":"https:\/\/www.brundisium.net\/index.php\/wp-json\/wp\/v2\/comments?post=217514"}],"version-history":[{"count":1,"href":"https:\/\/www.brundisium.net\/index.php\/wp-json\/wp\/v2\/posts\/217514\/revisions"}],"predecessor-version":[{"id":217517,"href":"https:\/\/www.brundisium.net\/index.php\/wp-json\/wp\/v2\/posts\/217514\/revisions\/217517"}],"wp:featuredmedia":[{"embeddable":true,"href":"https:\/\/www.brundisium.net\/index.php\/wp-json\/wp\/v2\/media\/217516"}],"wp:attachment":[{"href":"https:\/\/www.brundisium.net\/index.php\/wp-json\/wp\/v2\/media?parent=217514"}],"wp:term":[{"taxonomy":"category","embeddable":true,"href":"https:\/\/www.brundisium.net\/index.php\/wp-json\/wp\/v2\/categories?post=217514"},{"taxonomy":"post_tag","embeddable":true,"href":"https:\/\/www.brundisium.net\/index.php\/wp-json\/wp\/v2\/tags?post=217514"}],"curies":[{"name":"wp","href":"https:\/\/api.w.org\/{rel}","templated":true}]}}