{"id":217549,"date":"2023-12-19T15:20:48","date_gmt":"2023-12-19T14:20:48","guid":{"rendered":"https:\/\/www.brundisium.net\/?p=217549"},"modified":"2023-12-21T09:22:36","modified_gmt":"2023-12-21T08:22:36","slug":"francavilla-fontana-emiliano-inaugura-reparto-di-oncologia-del-camberlingo","status":"publish","type":"post","link":"https:\/\/www.brundisium.net\/index.php\/francavilla-fontana-emiliano-inaugura-reparto-di-oncologia-del-camberlingo\/","title":{"rendered":"Francavilla Fontana, Emiliano inaugura reparto di Oncologia del Camberlingo"},"content":{"rendered":"<p>Il presidente della Regione Puglia, Michele Emiliano, ha inaugurato il nuovo reparto di Oncologia dell\u2019ospedale Camberlingo di Francavillla Fontana, operativo dal primo dicembre con nove posti letto.<br \/>\nAlla cerimonia per il taglio del nastro sono intervenuti il direttore generale della Asl Brindisi, Maurizio De Nuccio, il direttore sanitario Vincenzo Gigantelli, il direttore dell\u2019Unit\u00e0 operativa di Oncologia, Palma Fedele, il direttore medico del Camberlingo, Luigi Antonio Fino, e il direttore amministrativo, Andrea Chiari. Presenti, inoltre, i consiglieri regionali Maurizio Bruno, Luigi Caroli e Alessandro Leoci, il consulente della Regione per la sanit\u00e0, Tommaso Gioia, il sindaco del Comune di Francavilla Fontana, Antonello De Nuzzo, il presidente dell\u2019Ordine dei Medici, Arturo Oliva.<br \/>\nDon Raffaele Giuliano, cappellano dell&#8217;ospedale Camberlingo, ha benedetto i locali del reparto. Inoltre, durante l&#8217;inaugurazione, il comitato Festa patronale di Francavilla Fontana ha donato al reparto mille euro.<br \/>\n\u201cNon \u00e8 stato semplicissimo &#8211; ha detto Emiliano &#8211; arrivare a questa data, soprattutto non \u00e8 stato semplicissimo arrivarci nel 2023, perch\u00e9 siamo in un momento in cui i tagli al Fondo Sanitario Nazionale stanno creando moltissimi problemi. Ciononostante, ho spinto in maniera molto forte per l\u2019immediata apertura di questo reparto. Rivolgo i miei complimenti alla dottoressa Fedele per il lavoro di coordinamento che ha svolto, alla Direzione strategica della Asl di Brindisi, e a tutti coloro che si sono impegnati, compreso il Dipartimento regionale di promozione della salute, che di fronte alla spinta della Giunta e dei consiglieri regionali, hanno rapidamente concluso la procedura per l&#8217;apertura del reparto\u201d.<br \/>\n&#8220;Per la sanit\u00e0 brindisina &#8211; ha sottolineato De Nuccio &#8211; \u00e8 un momento molto importante. L\u2019\u00e9quipe del reparto \u00e8 composta da otto medici, incluso il direttore, venti infermieri e sei oss, che gestiscono le degenze, le attivit\u00e0 ambulatoriali e il day hospital. L&#8217;unit\u00e0 operativa \u00e8 anche sede del Coro, il Centro di orientamento oncologico, che segue l\u2019ingresso dei nuovi pazienti nella Rete oncologica pugliese&#8221;.<br \/>\n&#8220;Dall&#8217;apertura del primo di dicembre &#8211; ha aggiunto Fedele &#8211; abbiamo ricoverato circa trenta pazienti provenienti non solo dal territorio di Brindisi ma anche da province limitrofe. Le attivit\u00e0 di questa unit\u00e0 operativa &#8211; ha proseguito &#8211; erano gi\u00e0 partite due anni fa con il day hospital, l&#8217;ambulatorio e il centro di orientamento oncologico: con l&#8217;apertura del reparto di degenza completiamo l&#8217;offerta assistenziale, dalla stadiazione della malattia alla terapia del dolore&#8221;.<br \/>\nIl presidente Emiliano ha poi proseguito la visita nel reparto di Pediatria, diretto da Biagio De Mitri, e in particolare nell\u2019ambulatorio nutrizionale dedicato ai bambini con celiachia e sensibilit\u00e0 al glutine, inaugurato lo scorso ottobre. L&#8217;ambulatorio, che si aggiunge a quelli di allergologia, diabetologia, endocrinologia e nefrologia, \u00e8 il risultato del protocollo d\u2019intesa tra la Asl Brindisi e la sezione pugliese dell\u2019Associazione italiana celiachia (Aic): la responsabile dell\u2019ambulatorio di gastroenterologia pediatrica del Camberlingo, che segue anche i bambini con celiachia, \u00e8 Eliana De Marco, mentre la consulente nutrizione e dietologia dell\u2019Aic Puglia, Antonella Spedicato, \u00e8 la referente degli ambulatori integrati.<br \/>\n&#8220;Il servizio &#8211; ha detto De Mitri &#8211; \u00e8 attivo ogni mercoled\u00ec mattina dalle 9 alle 13 e si aggiunge a quello gi\u00e0 presente nell\u2019ambulatorio integrato del Perrino di Brindisi, tra i Centri di riferimento in Puglia per la diagnosi di celiachia. Questa \u00e8 una malattia cronica autoimmune multifattoriale su base genetica, molto diffusa in et\u00e0 pediatrica, e poco diagnosticata. L&#8217;unica terapia \u00e8 l\u2019eliminazione del glutine dalla dieta, ma l\u2019educazione alimentare \u00e8 importante anche per la gluten sensitivity, che \u00e8 un\u2019intolleranza legata a una ipersensibilit\u00e0 dell\u2019intestino al glutine\u201d.<\/p>\n<p>UFFICIO STAMPA ASL BRINDISI<\/p>\n","protected":false},"excerpt":{"rendered":"<p>Il presidente della Regione Puglia, Michele Emiliano, ha inaugurato il nuovo reparto di Oncologia dell\u2019ospedale Camberlingo di Francavillla Fontana, operativo dal primo dicembre con nove posti letto. Alla cerimonia per il taglio del nastro sono intervenuti il direttore generale della Asl Brindisi, Maurizio De Nuccio, il direttore sanitario Vincenzo Gigantelli, il direttore dell\u2019Unit\u00e0 operativa di Oncologia, Palma Fedele, il direttore medico del Camberlingo, Luigi Antonio Fino, e il direttore amministrativo, Andrea Chiari. Presenti, inoltre, i consiglieri regionali Maurizio Bruno, Luigi Caroli e Alessandro Leoci, il consulente della Regione per la sanit\u00e0, Tommaso Gioia, il sindaco del Comune di Francavilla Fontana, Antonello De Nuzzo, il presidente dell\u2019Ordine dei Medici, Arturo Oliva. Don Raffaele Giuliano, cappellano dell&#8217;ospedale Camberlingo, ha benedetto i locali del reparto. Inoltre, durante l&#8217;inaugurazione, il comitato Festa patronale di Francavilla Fontana ha donato al reparto mille euro. \u201cNon \u00e8 stato semplicissimo &#8211; ha detto Emiliano &#8211; arrivare a questa data, soprattutto non \u00e8 stato semplicissimo arrivarci nel 2023, perch\u00e9 siamo in un momento in cui i tagli al Fondo&#8230;<\/p>\n","protected":false},"author":2,"featured_media":217550,"comment_status":"open","ping_status":"closed","sticky":false,"template":"","format":"standard","meta":{"footnotes":""},"categories":[7],"tags":[],"class_list":["post-217549","post","type-post","status-publish","format-standard","has-post-thumbnail","hentry","category-news"],"_links":{"self":[{"href":"https:\/\/www.brundisium.net\/index.php\/wp-json\/wp\/v2\/posts\/217549","targetHints":{"allow":["GET"]}}],"collection":[{"href":"https:\/\/www.brundisium.net\/index.php\/wp-json\/wp\/v2\/posts"}],"about":[{"href":"https:\/\/www.brundisium.net\/index.php\/wp-json\/wp\/v2\/types\/post"}],"author":[{"embeddable":true,"href":"https:\/\/www.brundisium.net\/index.php\/wp-json\/wp\/v2\/users\/2"}],"replies":[{"embeddable":true,"href":"https:\/\/www.brundisium.net\/index.php\/wp-json\/wp\/v2\/comments?post=217549"}],"version-history":[{"count":1,"href":"https:\/\/www.brundisium.net\/index.php\/wp-json\/wp\/v2\/posts\/217549\/revisions"}],"predecessor-version":[{"id":217551,"href":"https:\/\/www.brundisium.net\/index.php\/wp-json\/wp\/v2\/posts\/217549\/revisions\/217551"}],"wp:featuredmedia":[{"embeddable":true,"href":"https:\/\/www.brundisium.net\/index.php\/wp-json\/wp\/v2\/media\/217550"}],"wp:attachment":[{"href":"https:\/\/www.brundisium.net\/index.php\/wp-json\/wp\/v2\/media?parent=217549"}],"wp:term":[{"taxonomy":"category","embeddable":true,"href":"https:\/\/www.brundisium.net\/index.php\/wp-json\/wp\/v2\/categories?post=217549"},{"taxonomy":"post_tag","embeddable":true,"href":"https:\/\/www.brundisium.net\/index.php\/wp-json\/wp\/v2\/tags?post=217549"}],"curies":[{"name":"wp","href":"https:\/\/api.w.org\/{rel}","templated":true}]}}