{"id":217589,"date":"2023-12-21T18:12:07","date_gmt":"2023-12-21T17:12:07","guid":{"rendered":"https:\/\/www.brundisium.net\/?p=217589"},"modified":"2023-12-22T09:17:01","modified_gmt":"2023-12-22T08:17:01","slug":"nominato-il-garante-delle-persone-disabili-la-soddisfazione-del-pri","status":"publish","type":"post","link":"https:\/\/www.brundisium.net\/index.php\/nominato-il-garante-delle-persone-disabili-la-soddisfazione-del-pri\/","title":{"rendered":"Nominato il Garante delle persone disabili: la soddisfazione del PRI"},"content":{"rendered":"<p>La nomina del Garante delle persone disabili effettuata nel Consiglio Comunale odierno, dopo che nella seduta del 28 luglio scorso ne era stata deliberata l\u2019istituzione ed era stato adottato il relativo regolamento, \u00e8 un grande segno di civilt\u00e0.<br \/>\nQuesta designazione rappresenta un importante passo avanti nel campo della tutela dei diritti dei cittadini ed in particolare di quelli meno fortunati.<br \/>\nIl Partito Repubblicano Italiano \u00e8 particolarmente orgoglioso della circostanza che si sia arrivati a questo risultato visto che la nomina del Garante delle persone disabili era uno dei punti programmatici contenuti nel documento consegnato dal partito repubblicano italiano all\u2019allora candidato sindaco Marchionna nel momento in cui decidemmo di sostenere la sua candidatura.<br \/>\nLa circostanza, poi, che la scelta della persona da designare a questa importante carica sia avvenuta alla unanimit\u00e0, come \u00e8 gi\u00e0 stato per l\u2019approvazione del regolamento, e che si sia indirizzata sulla Dottoressa Giuseppina SCARANO, persona di grande levatura morale e con un curriculum ineccepibile, testimonia come il Consiglio Comunale abbia voluto privilegiare il merito e le competenze rispetto alle appartenenze.<\/p>\n<p>Alla Dottoressa SCARANO va l\u2019augurio di buon lavoro del Gruppo e della Segreteria Cittadina del Partito Repubblicano.<\/p>\n<p>&nbsp;<\/p>\n<p>COMUNICATO STAMPA PRI BRINDISI<\/p>\n","protected":false},"excerpt":{"rendered":"<p>La nomina del Garante delle persone disabili effettuata nel Consiglio Comunale odierno, dopo che nella seduta del 28 luglio scorso ne era stata deliberata l\u2019istituzione ed era stato adottato il relativo regolamento, \u00e8 un grande segno di civilt\u00e0. Questa designazione rappresenta un importante passo avanti nel campo della tutela dei diritti dei cittadini ed in particolare di quelli meno fortunati. Il Partito Repubblicano Italiano \u00e8 particolarmente orgoglioso della circostanza che si sia arrivati a questo risultato visto che la nomina del Garante delle persone disabili era uno dei punti programmatici contenuti nel documento consegnato dal partito repubblicano italiano all\u2019allora candidato sindaco Marchionna nel momento in cui decidemmo di sostenere la sua candidatura. La circostanza, poi, che la scelta della persona da designare a questa importante carica sia avvenuta alla unanimit\u00e0, come \u00e8 gi\u00e0 stato per l\u2019approvazione del regolamento, e che si sia indirizzata sulla Dottoressa Giuseppina SCARANO, persona di grande levatura morale e con un curriculum ineccepibile, testimonia come il Consiglio Comunale abbia voluto privilegiare il merito e le competenze&#8230;<\/p>\n","protected":false},"author":2,"featured_media":207688,"comment_status":"open","ping_status":"closed","sticky":false,"template":"","format":"standard","meta":{"footnotes":""},"categories":[7],"tags":[],"class_list":["post-217589","post","type-post","status-publish","format-standard","has-post-thumbnail","hentry","category-news"],"_links":{"self":[{"href":"https:\/\/www.brundisium.net\/index.php\/wp-json\/wp\/v2\/posts\/217589","targetHints":{"allow":["GET"]}}],"collection":[{"href":"https:\/\/www.brundisium.net\/index.php\/wp-json\/wp\/v2\/posts"}],"about":[{"href":"https:\/\/www.brundisium.net\/index.php\/wp-json\/wp\/v2\/types\/post"}],"author":[{"embeddable":true,"href":"https:\/\/www.brundisium.net\/index.php\/wp-json\/wp\/v2\/users\/2"}],"replies":[{"embeddable":true,"href":"https:\/\/www.brundisium.net\/index.php\/wp-json\/wp\/v2\/comments?post=217589"}],"version-history":[{"count":1,"href":"https:\/\/www.brundisium.net\/index.php\/wp-json\/wp\/v2\/posts\/217589\/revisions"}],"predecessor-version":[{"id":217590,"href":"https:\/\/www.brundisium.net\/index.php\/wp-json\/wp\/v2\/posts\/217589\/revisions\/217590"}],"wp:featuredmedia":[{"embeddable":true,"href":"https:\/\/www.brundisium.net\/index.php\/wp-json\/wp\/v2\/media\/207688"}],"wp:attachment":[{"href":"https:\/\/www.brundisium.net\/index.php\/wp-json\/wp\/v2\/media?parent=217589"}],"wp:term":[{"taxonomy":"category","embeddable":true,"href":"https:\/\/www.brundisium.net\/index.php\/wp-json\/wp\/v2\/categories?post=217589"},{"taxonomy":"post_tag","embeddable":true,"href":"https:\/\/www.brundisium.net\/index.php\/wp-json\/wp\/v2\/tags?post=217589"}],"curies":[{"name":"wp","href":"https:\/\/api.w.org\/{rel}","templated":true}]}}