{"id":217615,"date":"2023-12-22T10:37:11","date_gmt":"2023-12-22T09:37:11","guid":{"rendered":"https:\/\/www.brundisium.net\/?p=217615"},"modified":"2023-12-22T10:43:32","modified_gmt":"2023-12-22T09:43:32","slug":"pd-brindisi-gestione-centro-anziani-affidamenti-a-pro-loco-smantellamento-presepe-vivente-necessari-chiarimenti-per-dissipare-ogni-dubbio-sulla-trasparenza-e-sul-corretto-funzionamento-della-pub","status":"publish","type":"post","link":"https:\/\/www.brundisium.net\/index.php\/pd-brindisi-gestione-centro-anziani-affidamenti-a-pro-loco-smantellamento-presepe-vivente-necessari-chiarimenti-per-dissipare-ogni-dubbio-sulla-trasparenza-e-sul-corretto-funzionamento-della-pub\/","title":{"rendered":"PD Brindisi: &#8220;gestione Centro Anziani, affidamenti a Pro Loco, smantellamento Presepe Vivente. Necessari chiarimenti per dissipare ogni dubbio sulla trasparenza e sul corretto funzionamento della Pubblica Amministrazione&#8221;"},"content":{"rendered":"<p>In questi primi mesi dell&#8217;Amministrazione di centrodestra a Brindisi, sono emerse alcune situazioni che sollevano interrogativi riguardo alla trasparenza e al rispetto dei principi di buona amministrazione.<\/p>\n<p>In particolare, si tratta dei seguenti casi:<\/p>\n<p>&#8211; la gestione del centro anziani \u00e8 stata affidata all&#8217;Aps &#8220;L&#8217;Officina Sociale&#8221;, i cui rappresentanti legali risultano essere riconducibili ad un consigliere comunale di maggioranza di Fratelli d\u2019Italia;<\/p>\n<p>&#8211; la Pro Loco Brindisi, a cui il Comune e il Distretto Urbano del Commercio hanno gi\u00e0 delegato l&#8217;organizzazione di numerosi eventi, \u00e8 stata amministrata da una consigliera comunale dell\u2019attuale maggioranza anche dopo la sua nomina a consigliere comunale per Forza Italia.<\/p>\n<p>&#8211; l\u2019Associazione Periferia, fondata dal vicesindaco Oggiano, risulta essere uno dei soggetti organizzatori del &#8220;Presepe di Natale&#8221;, che \u00e8 stato rimosso dal proprietario del terreno in aperta opposizione all&#8217;Amministrazione Comunale.<\/p>\n<p>In merito a quest&#8217;ultimo caso, in particolare, sorgono i seguenti interrogativi:<\/p>\n<p>Gli organizzatori dell&#8217;evento &#8220;Miracolo di Natale&#8221; hanno mai presentato una regolare scia agli uffici comunali? L&#8217;evento in questione ha mai ricevuto un&#8217;autorizzazione formale da parte dell&#8217;Amministrazione Comunale?<\/p>\n<p>Se l&#8217;evento non \u00e8 mai stato formalmente autorizzato, perch\u00e9 l&#8217;Amministrazione Comunale di Brindisi ha concesso il patrocinio all&#8217;iniziativa, l&#8217;ha inserita nel programma degli eventi e l&#8217;ha promossa attraverso un proprio comunicato stampa con la presenza di numerosi amministratori?<\/p>\n<p>Se l&#8217;evento non \u00e8 mai stato formalmente autorizzato, perch\u00e9 \u00e8 stata chiusa una strada pubblica e sono state impiegate diverse unit\u00e0 di Polizia Locale?<\/p>\n<p>Se, invece, le autorizzazioni sono state legittimamente concesse, \u00e8 mai stato richiesto al privato di spiegare perch\u00e9 ha deciso di interrompere unilateralmente lo svolgimento di un evento che l&#8217;amministrazione aveva deciso di valorizzare in modo significativo, tanto da considerarlo l&#8217;evento principale delle festivit\u00e0 natalizie?<\/p>\n<p>Alla luce del comunicato diffuso dagli organizzatori, in cui si afferma che <em>&#8220;l&#8217;Amministrazione, nonostante gli impegni iniziali, non ha successivamente dimostrato concretamente il proprio supporto&#8221;<\/em>, non si ritiene necessario rendere pubblici gli impegni verbali assunti con il proprietario del terreno e fornire le generalit\u00e0 delle persone che, per conto del Comune, li hanno presi?<\/p>\n<p>Se \u00e8 vero &#8211; come descritto nel comunicato &#8211; che il proprietario ha chiesto all&#8217;amministrazione di assumersi l&#8217;evento e le relative responsabilit\u00e0, perch\u00e9 da Palazzo di Citt\u00e0 \u00e8 stata data una risposta negativa, cancellando di fatto un evento dal programma delle festivit\u00e0 natalizie?<\/p>\n<p>Chiediamo un urgente chiarimento al Sindaco Marchionna e agli altri amministratori coinvolti, al fine di dissipare ogni dubbio sulla trasparenza e sul corretto funzionamento della Pubblica Amministrazione.<\/p>\n<p>&nbsp;<\/p>\n<p><em><strong>Partito Democratico di Brindisi<\/strong><\/em><\/p>\n","protected":false},"excerpt":{"rendered":"<p>In questi primi mesi dell&#8217;Amministrazione di centrodestra a Brindisi, sono emerse alcune situazioni che sollevano interrogativi riguardo alla trasparenza e al rispetto dei principi di buona amministrazione. In particolare, si tratta dei seguenti casi: &#8211; la gestione del centro anziani \u00e8 stata affidata all&#8217;Aps &#8220;L&#8217;Officina Sociale&#8221;, i cui rappresentanti legali risultano essere riconducibili ad un consigliere comunale di maggioranza di Fratelli d\u2019Italia; &#8211; la Pro Loco Brindisi, a cui il Comune e il Distretto Urbano del Commercio hanno gi\u00e0 delegato l&#8217;organizzazione di numerosi eventi, \u00e8 stata amministrata da una consigliera comunale dell\u2019attuale maggioranza anche dopo la sua nomina a consigliere comunale per Forza Italia. &#8211; l\u2019Associazione Periferia, fondata dal vicesindaco Oggiano, risulta essere uno dei soggetti organizzatori del &#8220;Presepe di Natale&#8221;, che \u00e8 stato rimosso dal proprietario del terreno in aperta opposizione all&#8217;Amministrazione Comunale. In merito a quest&#8217;ultimo caso, in particolare, sorgono i seguenti interrogativi: Gli organizzatori dell&#8217;evento &#8220;Miracolo di Natale&#8221; hanno mai presentato una regolare scia agli uffici comunali? L&#8217;evento in questione ha mai ricevuto un&#8217;autorizzazione formale da parte&#8230;<\/p>\n","protected":false},"author":2,"featured_media":129213,"comment_status":"open","ping_status":"closed","sticky":false,"template":"","format":"standard","meta":{"footnotes":""},"categories":[7],"tags":[],"class_list":["post-217615","post","type-post","status-publish","format-standard","has-post-thumbnail","hentry","category-news"],"_links":{"self":[{"href":"https:\/\/www.brundisium.net\/index.php\/wp-json\/wp\/v2\/posts\/217615","targetHints":{"allow":["GET"]}}],"collection":[{"href":"https:\/\/www.brundisium.net\/index.php\/wp-json\/wp\/v2\/posts"}],"about":[{"href":"https:\/\/www.brundisium.net\/index.php\/wp-json\/wp\/v2\/types\/post"}],"author":[{"embeddable":true,"href":"https:\/\/www.brundisium.net\/index.php\/wp-json\/wp\/v2\/users\/2"}],"replies":[{"embeddable":true,"href":"https:\/\/www.brundisium.net\/index.php\/wp-json\/wp\/v2\/comments?post=217615"}],"version-history":[{"count":4,"href":"https:\/\/www.brundisium.net\/index.php\/wp-json\/wp\/v2\/posts\/217615\/revisions"}],"predecessor-version":[{"id":217621,"href":"https:\/\/www.brundisium.net\/index.php\/wp-json\/wp\/v2\/posts\/217615\/revisions\/217621"}],"wp:featuredmedia":[{"embeddable":true,"href":"https:\/\/www.brundisium.net\/index.php\/wp-json\/wp\/v2\/media\/129213"}],"wp:attachment":[{"href":"https:\/\/www.brundisium.net\/index.php\/wp-json\/wp\/v2\/media?parent=217615"}],"wp:term":[{"taxonomy":"category","embeddable":true,"href":"https:\/\/www.brundisium.net\/index.php\/wp-json\/wp\/v2\/categories?post=217615"},{"taxonomy":"post_tag","embeddable":true,"href":"https:\/\/www.brundisium.net\/index.php\/wp-json\/wp\/v2\/tags?post=217615"}],"curies":[{"name":"wp","href":"https:\/\/api.w.org\/{rel}","templated":true}]}}