{"id":217658,"date":"2023-12-23T14:34:10","date_gmt":"2023-12-23T13:34:10","guid":{"rendered":"https:\/\/www.brundisium.net\/?p=217658"},"modified":"2023-12-23T17:51:07","modified_gmt":"2023-12-23T16:51:07","slug":"continua-lo-stato-di-agitazione-dei-lavoratori-de-la-nostra-famiglia","status":"publish","type":"post","link":"https:\/\/www.brundisium.net\/index.php\/continua-lo-stato-di-agitazione-dei-lavoratori-de-la-nostra-famiglia\/","title":{"rendered":"Continua lo stato di agitazione dei Lavoratori de La nostra Famiglia"},"content":{"rendered":"<p><em><br \/>\nVertenza La Nostra Famiglia lavoratrici, lavoratori e Sindacati\u00a0 incontrano il\u00a0 Direttore Generale ASL Brindisi Maurizio De Nuccio ed il presidente della terza Commissione Sanit\u00e0 Regione Puglia Mauro Vizzino<\/em><\/p>\n<p>Continua lo stato di agitazione dei Lavoratori de La nostra Famiglia delle strutture di Brindisi, Ostuni e Lecce, a seguito del quale si \u00e8 tenuta l&#8217;assemblea\u00a0indetta da FP CGIL CISL FP E UIL FPL BRINDISI presso la Direzione Generale ASL Br in Via Napoli, a sostegno dell&#8217;impegno delle Federazioni Regionali delle Organizzazioni Sindacali per la firma delle pre-intese, in applicazione della delibera di Giunta Regionale 1490 a seguito della quale le parti datoriali ricorsero al Tar, inquanto questa delibera li vincolava e vincola all&#8217;applicazione del contratto privato Aiop no Medici, in caso contrario, non sarebbe stata rinnovata la convenzione; ricorso che persero per due volte come da sentenza 00055\/2023 pubblicata il 9 febbraio 2023.<\/p>\n<p>Il Direttore Generale ASL Br, insieme alla Direzione Amministrativa e Sanitaria hanno voluto ribadire l&#8217;importanza di queste strutture fiore all&#8217;occhiello per il territorio vista la grande professionalit\u00e0 delle persone che ci lavorano e che danno una risposta sociale al territorio stesso. La ASL di Brindisi porter\u00e0 all&#8217;attenzione la questione in tutte le sedi per una platea che \u00e8 a tutti gli effetti un valore pubblico e che non pu\u00f2 avere un contratto che non risponde alla reale professionalit\u00e0 delle lavoratrici e dei lavoratori coinvolti.<br \/>\nDello stesso avviso \u00e8 Mauro Vizzino, consigliere Regionale e Presidente terza commissione sanit\u00e0 in Regione, che condivide la necessit\u00e0 di superare questa vicenda con la definizione ed applicazione del contratto Sanit\u00e0 privata e per questo,\u00a0 in vista della definitiva firma delle pre-intese delle strutture ex articolo 26, ha preso in carico la richiesta delle Segreterie scrivente nella persona di Quarta Luciano Segretario Fp Cgil Brindisi, Gianluca Facecchia Segretario Uil Fpl Brindisi e Flavia Ciraci Segretaria Cisl Fp, per riuscire ad avere un\u2019 audizione in cui si chieder\u00e0 la presenza dell&#8217;Assessore, del Capo del Dipartimento, del Direttore General Asl Br, della direzione de La Nostra Famiglia ed il definitivo impegno pena la perdita dell&#8217;accreditamento.<br \/>\nConsiderata la lunga attesa per la definizione del riconoscimento del contratto della sanit\u00e0 Privata, si ritiene non pi\u00f9 rimandabile la piena valorizzazione del personale interessato attraverso il riconoscimento contrattuale, da anni \u00e8 in corso una vertenza in questo senso che ha visto soccombente in vari gradi di giudizio La Nostra Famiglia.<br \/>\nA seguito di quanto sopra, continua l&#8217;impegno delle\u00a0 Segreterie di Brindisi di FP CGIL, CISL FP e\u00a0 UIL FPL al fianco delle lavoratrici e dei lavoratori, proseguendo con iniziative volte ad agevolare l\u2019iter della sottoscrizione delle pre-intese continuando a programmare assemblee del personale per monitorare la situazione sulle varie strutture, non escludendo ulteriori azioni di lotta se non si dovesse concretizzare l&#8217;applicazione del CCNL Sanit\u00e0 Privata.\u00a0<\/p>\n<p>Comunicato Stampa congiunto FP CGIL UIL FPL CISL FP<\/p>\n","protected":false},"excerpt":{"rendered":"<p>Vertenza La Nostra Famiglia lavoratrici, lavoratori e Sindacati\u00a0 incontrano il\u00a0 Direttore Generale ASL Brindisi Maurizio De Nuccio ed il presidente della terza Commissione Sanit\u00e0 Regione Puglia Mauro Vizzino Continua lo stato di agitazione dei Lavoratori de La nostra Famiglia delle strutture di Brindisi, Ostuni e Lecce, a seguito del quale si \u00e8 tenuta l&#8217;assemblea\u00a0indetta da FP CGIL CISL FP E UIL FPL BRINDISI presso la Direzione Generale ASL Br in Via Napoli, a sostegno dell&#8217;impegno delle Federazioni Regionali delle Organizzazioni Sindacali per la firma delle pre-intese, in applicazione della delibera di Giunta Regionale 1490 a seguito della quale le parti datoriali ricorsero al Tar, inquanto questa delibera li vincolava e vincola all&#8217;applicazione del contratto privato Aiop no Medici, in caso contrario, non sarebbe stata rinnovata la convenzione; ricorso che persero per due volte come da sentenza 00055\/2023 pubblicata il 9 febbraio 2023. Il Direttore Generale ASL Br, insieme alla Direzione Amministrativa e Sanitaria hanno voluto ribadire l&#8217;importanza di queste strutture fiore all&#8217;occhiello per il territorio vista la grande professionalit\u00e0 delle&#8230;<\/p>\n","protected":false},"author":2,"featured_media":217662,"comment_status":"open","ping_status":"closed","sticky":false,"template":"","format":"standard","meta":{"footnotes":""},"categories":[7],"tags":[],"class_list":["post-217658","post","type-post","status-publish","format-standard","has-post-thumbnail","hentry","category-news"],"_links":{"self":[{"href":"https:\/\/www.brundisium.net\/index.php\/wp-json\/wp\/v2\/posts\/217658","targetHints":{"allow":["GET"]}}],"collection":[{"href":"https:\/\/www.brundisium.net\/index.php\/wp-json\/wp\/v2\/posts"}],"about":[{"href":"https:\/\/www.brundisium.net\/index.php\/wp-json\/wp\/v2\/types\/post"}],"author":[{"embeddable":true,"href":"https:\/\/www.brundisium.net\/index.php\/wp-json\/wp\/v2\/users\/2"}],"replies":[{"embeddable":true,"href":"https:\/\/www.brundisium.net\/index.php\/wp-json\/wp\/v2\/comments?post=217658"}],"version-history":[{"count":1,"href":"https:\/\/www.brundisium.net\/index.php\/wp-json\/wp\/v2\/posts\/217658\/revisions"}],"predecessor-version":[{"id":217663,"href":"https:\/\/www.brundisium.net\/index.php\/wp-json\/wp\/v2\/posts\/217658\/revisions\/217663"}],"wp:featuredmedia":[{"embeddable":true,"href":"https:\/\/www.brundisium.net\/index.php\/wp-json\/wp\/v2\/media\/217662"}],"wp:attachment":[{"href":"https:\/\/www.brundisium.net\/index.php\/wp-json\/wp\/v2\/media?parent=217658"}],"wp:term":[{"taxonomy":"category","embeddable":true,"href":"https:\/\/www.brundisium.net\/index.php\/wp-json\/wp\/v2\/categories?post=217658"},{"taxonomy":"post_tag","embeddable":true,"href":"https:\/\/www.brundisium.net\/index.php\/wp-json\/wp\/v2\/tags?post=217658"}],"curies":[{"name":"wp","href":"https:\/\/api.w.org\/{rel}","templated":true}]}}