{"id":217859,"date":"2023-12-28T17:25:54","date_gmt":"2023-12-28T16:25:54","guid":{"rendered":"https:\/\/www.brundisium.net\/?p=217859"},"modified":"2023-12-28T17:38:43","modified_gmt":"2023-12-28T16:38:43","slug":"pd-brindisi-lamministrazione-comunale-rinuncia-deliberatamente-ad-un-finanziamento-di-mobilita-sostenibile-sulla-costa-nord","status":"publish","type":"post","link":"https:\/\/www.brundisium.net\/index.php\/pd-brindisi-lamministrazione-comunale-rinuncia-deliberatamente-ad-un-finanziamento-di-mobilita-sostenibile-sulla-costa-nord\/","title":{"rendered":"PD Brindisi: \u201cL\u2019amministrazione comunale rinuncia deliberatamente ad un finanziamento di mobilit\u00e0 sostenibile sulla costa nord\u201d"},"content":{"rendered":"<p>Con un discutibile provvedimento di giunta, l\u2019amministrazione comunale di Brindisi ha deliberato la rinuncia a 800 mila euro di fondi regionali, che andranno cos\u00ec ad altre realt\u00e0 cittadine limitrofe, per la realizzazione di una pista ciclabile nella zona a nord del centro abitato di Brindisi che avrebbe favorito il collegamento tra l\u2019Aeroporto di Brindisi, la Chiesa di Santa Maria del Casale, i parchi del Cillarese, Sbitri e Punta Punta del Serrone, parte della litoranea di via di Torre Testa, individuata quale Strada Panoramica dal vigente piano paesaggistico regionale, e che avrebbe connesso tutto il sistema dei percorsi ciclo-pedonali gi\u00e0 realizzati ed in corso di realizzazione e le contrade esistenti lungo la costa, come Contrada Betlemme.<\/p>\n<p>Il progetto finanziato durante la scorsa amministrazione di centrosinistra prevedeva, dopo una sopravvenuta modifica dovuta a maggiori costi a causa dell\u2019aumento dei prezzi, la realizzazione di un percorso ciclabile in sede promiscua.<\/p>\n<p>L\u2019idea della scorsa amministrazione era quella di rendere maggiormente fruibile e attrattiva la costa nord e permettere cos\u00ec a pi\u00f9 persone di raggiungere le spiagge cittadine e contribuire anche a decongestionare il traffico su via Materdomini. Un progetto che avrebbe avuto impatti positivi e avrebbe proiettato la costa nord di Brindisi sempre pi\u00f9 verso una fruizione sostenibile, moderna e assolutamente in linea con altre realt\u00e0 costiere e che tanto desideriamo.<\/p>\n<p>L\u2019atto di giunta \u00e8 gravissimo dal punto di vista politico e irrispettoso dal punto di vista istituzionale del lavoro della passata amministrazione tanto pi\u00f9 che le motivazioni a corredo del provvedimento sono debolissime e scarsamente supportate da una reale e concreta causa.<\/p>\n<p>Infatti si \u00e8 passati dal disconoscere il valore della grande programmazione progettuale ereditata dalla scorsa amministrazione di centrosinistra a compiere \u201ciconoclastia\u201d dei progetti pi\u00f9 visionari. Ormai \u00e8 chiaro il disegno portato avanti da pi\u00f9 di qualcuno in questa maggioranza, ossia sopperire alla propria incompetenza cancellando quanto di buono fatto nel passato, poich\u00e9 non si riesce a reggere il confronto.<\/p>\n<p>A questo punto per completare il quadro, dobbiamo aspettarci le rinunce e le revoche dei progetti sulla costa finanziati dal contratto istituzionale di sviluppo e di quelli finanziati con i fondi del piano azione e coesione per la rigenerazione del water front cittadino.<\/p>\n<p>La notizia nel 2020: <a href=\"https:\/\/www.facebook.com\/share\/bCVSX21jAt4MwJXG\/?mibextid=WC7FNe\">https:\/\/www.facebook.com\/share\/bCVSX21jAt4MwJXG\/?mibextid=WC7FNe<\/a><\/p>\n","protected":false},"excerpt":{"rendered":"<p>Con un discutibile provvedimento di giunta, l\u2019amministrazione comunale di Brindisi ha deliberato la rinuncia a 800 mila euro di fondi regionali, che andranno cos\u00ec ad altre realt\u00e0 cittadine limitrofe, per la realizzazione di una pista ciclabile nella zona a nord del centro abitato di Brindisi che avrebbe favorito il collegamento tra l\u2019Aeroporto di Brindisi, la Chiesa di Santa Maria del Casale, i parchi del Cillarese, Sbitri e Punta Punta del Serrone, parte della litoranea di via di Torre Testa, individuata quale Strada Panoramica dal vigente piano paesaggistico regionale, e che avrebbe connesso tutto il sistema dei percorsi ciclo-pedonali gi\u00e0 realizzati ed in corso di realizzazione e le contrade esistenti lungo la costa, come Contrada Betlemme. Il progetto finanziato durante la scorsa amministrazione di centrosinistra prevedeva, dopo una sopravvenuta modifica dovuta a maggiori costi a causa dell\u2019aumento dei prezzi, la realizzazione di un percorso ciclabile in sede promiscua. L\u2019idea della scorsa amministrazione era quella di rendere maggiormente fruibile e attrattiva la costa nord e permettere cos\u00ec a pi\u00f9 persone di raggiungere&#8230;<\/p>\n","protected":false},"author":2,"featured_media":217862,"comment_status":"open","ping_status":"closed","sticky":false,"template":"","format":"standard","meta":{"footnotes":""},"categories":[7],"tags":[],"class_list":["post-217859","post","type-post","status-publish","format-standard","has-post-thumbnail","hentry","category-news"],"_links":{"self":[{"href":"https:\/\/www.brundisium.net\/index.php\/wp-json\/wp\/v2\/posts\/217859","targetHints":{"allow":["GET"]}}],"collection":[{"href":"https:\/\/www.brundisium.net\/index.php\/wp-json\/wp\/v2\/posts"}],"about":[{"href":"https:\/\/www.brundisium.net\/index.php\/wp-json\/wp\/v2\/types\/post"}],"author":[{"embeddable":true,"href":"https:\/\/www.brundisium.net\/index.php\/wp-json\/wp\/v2\/users\/2"}],"replies":[{"embeddable":true,"href":"https:\/\/www.brundisium.net\/index.php\/wp-json\/wp\/v2\/comments?post=217859"}],"version-history":[{"count":2,"href":"https:\/\/www.brundisium.net\/index.php\/wp-json\/wp\/v2\/posts\/217859\/revisions"}],"predecessor-version":[{"id":217864,"href":"https:\/\/www.brundisium.net\/index.php\/wp-json\/wp\/v2\/posts\/217859\/revisions\/217864"}],"wp:featuredmedia":[{"embeddable":true,"href":"https:\/\/www.brundisium.net\/index.php\/wp-json\/wp\/v2\/media\/217862"}],"wp:attachment":[{"href":"https:\/\/www.brundisium.net\/index.php\/wp-json\/wp\/v2\/media?parent=217859"}],"wp:term":[{"taxonomy":"category","embeddable":true,"href":"https:\/\/www.brundisium.net\/index.php\/wp-json\/wp\/v2\/categories?post=217859"},{"taxonomy":"post_tag","embeddable":true,"href":"https:\/\/www.brundisium.net\/index.php\/wp-json\/wp\/v2\/tags?post=217859"}],"curies":[{"name":"wp","href":"https:\/\/api.w.org\/{rel}","templated":true}]}}