{"id":21930,"date":"2014-09-19T12:41:18","date_gmt":"2014-09-19T10:41:18","guid":{"rendered":"http:\/\/www.brundisium.net\/brun\/?p=21930"},"modified":"2014-09-19T13:45:00","modified_gmt":"2014-09-19T11:45:00","slug":"involo-la-settimana-del-volontariato-csv-poiesis-promuove-il-calendario-degli-eventi-2014","status":"publish","type":"post","link":"https:\/\/www.brundisium.net\/index.php\/involo-la-settimana-del-volontariato-csv-poiesis-promuove-il-calendario-degli-eventi-2014\/","title":{"rendered":"In\u2026Volo, la settimana del Volontariato: CSV Poiesis promuove il calendario degli eventi 2014"},"content":{"rendered":"<p><a href=\"http:\/\/www.brundisium.net\/brun\/wp-content\/uploads\/2014\/09\/IN-VOLO_locandina2.jpg\"><img loading=\"lazy\" decoding=\"async\" class=\"alignleft size-medium wp-image-21931\" src=\"http:\/\/www.brundisium.net\/brun\/wp-content\/uploads\/2014\/09\/IN-VOLO_locandina2-209x300.jpg\" alt=\"IN VOLO_locandina2\" width=\"209\" height=\"300\" data-id=\"21931\" srcset=\"https:\/\/www.brundisium.net\/brun\/wp-content\/uploads\/2014\/09\/IN-VOLO_locandina2-209x300.jpg 209w, https:\/\/www.brundisium.net\/brun\/wp-content\/uploads\/2014\/09\/IN-VOLO_locandina2-716x1024.jpg 716w\" sizes=\"auto, (max-width: 209px) 100vw, 209px\" \/><\/a>Inizier\u00e0 <strong>Luned\u00ec 22 Settembre pv<\/strong> con il <strong>\u201cFestival della Creativit\u00e0\u201d<\/strong> a <strong>San Pietro Vernotico (Br)<\/strong> <strong>\u201cIn\u2026VOLO: la settimana del Volontariato\u201d<\/strong>, organizzata e promossa dal CSV Poiesis, Centro Servizio al Volontariato della provincia di Brindisi.<\/p>\n<p>L\u2019evento \u00e8 ideato e prodotto dal professor <strong>Franco Zecchino<\/strong>, operatore in MusicArTerapia, nonch\u00e9 consigliere del CSV, con il CSV e prevede la presenza di <strong>Stefania Guerra Lisi<\/strong>, ideatrice del metodo della \u201cGlobalit\u00e0 dei Linguaggi\u201d. L\u2019evento si avvarr\u00e0 della collaborazione dell\u2019amminstrazione comunale di San Pietro V.co e delle scuole locali.<\/p>\n<p>&nbsp;<\/p>\n<p><em>\u201cSar\u00e0 un&#8217;iniziativa veramente originale <\/em>\u2013 dichiara <strong>Rino Spedicato<\/strong>, presidente del CSV e componente dell&#8217;Osservatorio Regionale del Volontariato &#8211; <em>che attraverso un percorso a tappe in vari Comuni della provincia di Brindisi, toccher\u00e0 i diversi mondi e modi di essere del volontariato, i suoi campi di intervento, le sue molteplici modalit\u00e0 di presenza tra la gente, con il cuore, il cervello, la creativit\u00e0, le competenze, la globalit\u00e0 dei linguaggi, l&#8217;amore per la nostra terra&#8221;<\/em>.<\/p>\n<p>&nbsp;<\/p>\n<p>&nbsp;<\/p>\n<p>Questo il calendario delle iniziative proposte dal Centro di Servizio della provincia di Brindisi <strong>dal 22 Settembre all\u201911 Ottobre.<\/strong><\/p>\n<p><strong>\u00a0<\/strong><\/p>\n<p><strong>Luned\u00ec 22 Settembre (ore 9&gt;12 e 16&gt;20)<\/strong><\/p>\n<p><strong>SAN PIETRO VERNOTICO &#8211; <\/strong>Piazza Domenico Modugno<\/p>\n<p>FESTIVAL DELLA CREATIVITA\u2019<\/p>\n<p>Attivit\u00e0 con studenti (al mattino) e performance libere nel pomeriggio<\/p>\n<p>&nbsp;<\/p>\n<p><strong>Mercoled\u00ec 1 Ottobre (ore 17&gt;19)<\/strong><\/p>\n<p><strong>BRINDISI <\/strong>&#8211; CSV Poieisis<\/p>\n<p>DELEGAZIONI VERSO IL 2015<\/p>\n<p>Stati generali del progetto \u201cDelegazioni \u2013 CSV\u201d: incontro organizzativo e propositivo delle Delegazioni territoriali del CSV Poiesis<\/p>\n<p>&nbsp;<\/p>\n<p><strong>Venerd\u00ec 3 Ottobre (ore 16&gt;20)<\/strong><\/p>\n<p><strong>FRANCAVILLA FONTANA <\/strong>&#8211; Casina Spina<\/p>\n<p>L\u2019EUROPROGETTAZIONE IN PRATICA<\/p>\n<p>Workshop promosso dall\u2019associazione \u201cNuovaria\u201d di Francavilla F.na col contributo del CSV Poiesis<\/p>\n<p>&nbsp;<\/p>\n<p><strong>Venerd\u00ec 3 Ottobre (ore 10&gt;18)<\/strong><\/p>\n<p><strong>FRANCAVILLA FONTANA <\/strong>&#8211; Casina Spina<\/p>\n<p>L\u2019EUROPROGETTAZIONE IN PRATICA<\/p>\n<p>Workshop promosso dall\u2019associazione \u201cNuovaria\u201d di Francavilla F.na col contributo del CSV Poiesis<\/p>\n<p>&nbsp;<\/p>\n<p><strong>Marted\u00ec 7 Ottobre (ore 16&gt;20)<\/strong><\/p>\n<p><strong>CISTERNINO <\/strong>&#8211; Oratorio Salesiani<\/p>\n<p>PROMUOVERSI CON UN VIDEO<\/p>\n<p>Seminario sulle strategie di comunicazione multimediale con il giornalista Tiziano Mele<\/p>\n<p>&nbsp;<\/p>\n<p><strong>Mercoled\u00ec 8 Ottobre (ore 16&gt;20)<\/strong><\/p>\n<p><strong>ERCHIE <\/strong>&#8211; Sala Consiliare<\/p>\n<p>COSTITUZIONE E GESTIONE DI UNA OdV (Organizzazione di Volontariato)<\/p>\n<p>Seminario con l\u2019avvocato Sergio Corbascio ed il commercialista Nicola Campanella<\/p>\n<p>&nbsp;<\/p>\n<p><strong>Gioved\u00ec 9 Ottobre (ore 17&gt;19)<\/strong><\/p>\n<p><strong>FASANO <\/strong>&#8211; Laboratorio Urbano<\/p>\n<p>VOLONTARIATO e GIUSTIZIA<\/p>\n<p>Seminario con la dott.ssa Giovanna Longo (UEPE- Ufficio Esecuzione Penale Esterna)<\/p>\n<p>&nbsp;<\/p>\n<p><strong>Sabato 11 Ottobre (ore 09&gt;19)<\/strong><\/p>\n<p><strong>MESAGNE &#8211; <\/strong>Masseria \u201cCanali\u201d<\/p>\n<p>MEETING del VOLONTARIATO<\/p>\n<p>\u201cMEETextra: dalla mappa al progetto 2015 per il nuovo Terzo Settore\u201d<\/p>\n<p>&nbsp;<\/p>\n<p>Per garantire la migliore accoglienza e la massima fruibilit\u00e0 delle iniziative di\u00a0\u201cIn\u2026VOLO \u00e8 consigliabile compilare il modulo di adesione online, cliccabile dal banner presente in homepage all\u2019indirizzo <strong>www.csvbrindisi.it.<\/strong><\/p>\n<p>&nbsp;<\/p>\n<p>&nbsp;<\/p>\n<p><strong>Rino Spedicato<\/strong><\/p>\n","protected":false},"excerpt":{"rendered":"<p>Inizier\u00e0 Luned\u00ec 22 Settembre pv con il \u201cFestival della Creativit\u00e0\u201d a San Pietro Vernotico (Br) \u201cIn\u2026VOLO: la settimana del Volontariato\u201d, organizzata e promossa dal CSV Poiesis, Centro Servizio al Volontariato della provincia di Brindisi. L\u2019evento \u00e8 ideato e prodotto dal professor Franco Zecchino, operatore in MusicArTerapia, nonch\u00e9 consigliere del CSV, con il CSV e prevede la presenza di Stefania Guerra Lisi, ideatrice del metodo della \u201cGlobalit\u00e0 dei Linguaggi\u201d. L\u2019evento si avvarr\u00e0 della collaborazione dell\u2019amminstrazione comunale di San Pietro V.co e delle scuole locali. &nbsp; \u201cSar\u00e0 un&#8217;iniziativa veramente originale \u2013 dichiara Rino Spedicato, presidente del CSV e componente dell&#8217;Osservatorio Regionale del Volontariato &#8211; che attraverso un percorso a tappe in vari Comuni della provincia di Brindisi, toccher\u00e0 i diversi mondi e modi di essere del volontariato, i suoi campi di intervento, le sue molteplici modalit\u00e0 di presenza tra la gente, con il cuore, il cervello, la creativit\u00e0, le competenze, la globalit\u00e0 dei linguaggi, l&#8217;amore per la nostra terra&#8221;. &nbsp; &nbsp; Questo il calendario delle iniziative proposte dal Centro di Servizio della&#8230;<\/p>\n","protected":false},"author":2,"featured_media":21932,"comment_status":"open","ping_status":"open","sticky":false,"template":"","format":"standard","meta":{"footnotes":""},"categories":[7],"tags":[342],"class_list":["post-21930","post","type-post","status-publish","format-standard","has-post-thumbnail","hentry","category-news","tag-csv-poiesis"],"_links":{"self":[{"href":"https:\/\/www.brundisium.net\/index.php\/wp-json\/wp\/v2\/posts\/21930","targetHints":{"allow":["GET"]}}],"collection":[{"href":"https:\/\/www.brundisium.net\/index.php\/wp-json\/wp\/v2\/posts"}],"about":[{"href":"https:\/\/www.brundisium.net\/index.php\/wp-json\/wp\/v2\/types\/post"}],"author":[{"embeddable":true,"href":"https:\/\/www.brundisium.net\/index.php\/wp-json\/wp\/v2\/users\/2"}],"replies":[{"embeddable":true,"href":"https:\/\/www.brundisium.net\/index.php\/wp-json\/wp\/v2\/comments?post=21930"}],"version-history":[{"count":2,"href":"https:\/\/www.brundisium.net\/index.php\/wp-json\/wp\/v2\/posts\/21930\/revisions"}],"predecessor-version":[{"id":21934,"href":"https:\/\/www.brundisium.net\/index.php\/wp-json\/wp\/v2\/posts\/21930\/revisions\/21934"}],"wp:featuredmedia":[{"embeddable":true,"href":"https:\/\/www.brundisium.net\/index.php\/wp-json\/wp\/v2\/media\/21932"}],"wp:attachment":[{"href":"https:\/\/www.brundisium.net\/index.php\/wp-json\/wp\/v2\/media?parent=21930"}],"wp:term":[{"taxonomy":"category","embeddable":true,"href":"https:\/\/www.brundisium.net\/index.php\/wp-json\/wp\/v2\/categories?post=21930"},{"taxonomy":"post_tag","embeddable":true,"href":"https:\/\/www.brundisium.net\/index.php\/wp-json\/wp\/v2\/tags?post=21930"}],"curies":[{"name":"wp","href":"https:\/\/api.w.org\/{rel}","templated":true}]}}