{"id":221167,"date":"2024-03-13T09:41:43","date_gmt":"2024-03-13T08:41:43","guid":{"rendered":"https:\/\/www.brundisium.net\/?p=221167"},"modified":"2024-03-13T09:41:43","modified_gmt":"2024-03-13T08:41:43","slug":"ridarella-ecco-i-finalisti-via-alla-prevendita-del-2-festival-di-cabaret-citta-di-fasano","status":"publish","type":"post","link":"https:\/\/www.brundisium.net\/index.php\/ridarella-ecco-i-finalisti-via-alla-prevendita-del-2-festival-di-cabaret-citta-di-fasano\/","title":{"rendered":"\u00abRidarella\u00bb, ecco i finalisti! Via alla prevendita del 2\u00b0 Festival di Cabaret Citt\u00e0 di Fasano"},"content":{"rendered":"<p>Scatta il countdown per la seconda edizione di \u00abRidarella\u00bb, Festival del Cabaret organizzato dal Gruppo di Attivit\u00e0 Teatrali \u201cPeppino Mancini\u201d e rientrante nel cartellone artistico allestito dall\u2019&#8217;ATS Kathar\u00e0 nell&#8217;ambito del progetto di gestione del Teatro Sociale, in collaborazione con il Teatro Pubblico Pugliese e con l&#8217;Assessorato alla Cultura del Comune di Fasano.<\/p>\n<p>Le luci della ribalta del Teatro Sociale si accenderanno alle 21:00 di gioved\u00ec 23 marzo e l\u2019organizzazione, nelle persone dell\u2019ideatore Mimmo Capozzi e del direttore artistico Gianpiero Renna, annuncia i nomi dei 5 finalisti, in attesa di conoscere anche gli ospiti della kermesse comica.<\/p>\n<p>Vincenzo D&#8217;Andretta: scrive i suoi testi di notte facendo il resoconto della giornata appena trascorsa. Spesso mette a confronto il mondo contemporaneo con quello passato. Ha partecipato ad alcuni importanti programmi televisivi campani e ai laboratori di Zelig. Il contesto familiare \u00e8 spesso il pretesto per poter ironizzare sulla realt\u00e0.<\/p>\n<p>Marco Giandomenico: attore, imitatore e speaker radiofonico con esperienze che variano dal teatro classico della commedia dell&#8217;arte di Ruzante, diretto dal M\u00b0 Luciano Damiani, ad essere stato il primo attore scritturato dalla Costa Crociere per i suoi spettacoli a bordo e passando per trasmissioni tv come \u201c&#8230;e Viva il Video Box\u201d (RaiDue) e fiction (Rai, Mediaset, Real Time, Prime). Dal 2007 alla professione di attore affianca quella di speaker radiofonico (Radio Roma Sound, Centro Suono Sport, Radio Sonica, New Sound Level).<\/p>\n<p>Luana Locorotondo: diplomata all\u2019Accademia d\u2019arte drammatica \u201cCassiopea\u201d di Roma si dedica, a latere dell\u2019attivit\u00e0 di social media manager, al teatro per bambini, ragazzi e disabili, praticando anche l\u2019arte del Barbonaggio teatrale, nuova forma del teatro di strada. Produce e porta in giro i suoi spettacoli, fra cui \u201cStereotipi e contrari\u201d, uno spettacolo di genere comico, pi\u00f9 precisamente stand-up comedy, che tratta di stereotipi, confermati e\/o sfatati, del mondo della stand-up comedy, della recitazione e del femminile, con aneddoti divertenti e autoironici sulla sua vita.<\/p>\n<p>Luca Mastrolitti e Mary Triggiano: in arte Luca&#038;Mary, coppia comica nata quasi per caso che, dopo alcune esperienze teatrali, nel 2020 debutta con \u201cVariet\u00e0\u201d, spettacolo molto apprezzato e ancora oggi replicato. Il duo comico partecipa alla selezione della prima edizione di LOL Talent Show, portando in scena il suo cavallo di battaglia \u201cEsercizi di stile\u201d. <\/p>\n<p>Victor Quadrelli: giovane comico colombiano residente in Italia fin dall&#8217;infanzia, si distingue per le sue imitazioni impeccabili di Fantozzi e Paolo Villaggio, guadagnandosi oltre 80.000 follower sui social, in particolare su TikTok e Instagram. La sua popolarit\u00e0 \u00e8 cresciuta grazie alle sue abilit\u00e0 nel replicare in modo fedele e rispettoso i personaggi iconici della commedia italiana. Ha ottenuto visibilit\u00e0 anche partecipando ad Italia&#8217;s Got Talent, dove ha presentato uno spettacolo in cui Fantozzi interagisce con l&#8217;immaginario Villaggio, guadagnandosi il favore del pubblico e successive apparizioni televisive e radiofoniche. La sua naturale somiglianza fisica con Villaggio ha contribuito al suo successo.<\/p>\n<p>\u00abCirca 15 anni fa ci siamo tuffati con entusiasmo &#8211; dichiara Mimmo Capozzi &#8211; nel mare dell\u2019organizzazione di festival nazionali di teatro, e negli anni grazie al supporto delle varie amministrazioni comunali, dei partner che ci hanno affiancato, del numeroso pubblico e del grande impegno profuso dalle braccia intellettuali del G.A.T. \u201cP. Mancini\u201d, abbiamo consolidato con il Festival \u201cDi scena a Fasano\u201d una posizione di prestigio nel panorama teatrale non professionistico italiano. Sulla scorta di questa magnifica e impegnativa esperienza, abbiamo deciso di dare il via lo scorso anno ad un contest di performance comiche. Ridarella \u00e8 un festival di cabaret rivolto alle varie espressioni della comicit\u00e0 \u2013 dalle nuove forme di intrattenimento, come la stand-up comedy, al cabaret musicale, dalla comicit\u00e0 non sense alla narrazione umoristica \u2013 che incontrano il favore e il gradimento di un pubblico d\u2019ogni et\u00e0\u00bb.<\/p>\n<p>La prevendita aprir\u00e0 ufficialmente venerd\u00ec 16 marzo; sar\u00e0 possibile acquistare i biglietti dai seguenti punti prevendita:<br \/>\nCaff\u00e8 Bella Napoli, Piazza Ciaia, Fasano<br \/>\nMax Resolution, Corso Nazionale 166, Pezze di Greco<\/p>\n<p>Per ulteriori informazioni e per la prenotazione dei biglietti:<br \/>\nTel. 334 144911<br \/>\nMail: infots@comune.fasano.br.it.<\/p>\n<p>UFFICIO STAMPA <\/p>\n","protected":false},"excerpt":{"rendered":"<p>Scatta il countdown per la seconda edizione di \u00abRidarella\u00bb, Festival del Cabaret organizzato dal Gruppo di Attivit\u00e0 Teatrali \u201cPeppino Mancini\u201d e rientrante nel cartellone artistico allestito dall\u2019&#8217;ATS Kathar\u00e0 nell&#8217;ambito del progetto di gestione del Teatro Sociale, in collaborazione con il Teatro Pubblico Pugliese e con l&#8217;Assessorato alla Cultura del Comune di Fasano. Le luci della ribalta del Teatro Sociale si accenderanno alle 21:00 di gioved\u00ec 23 marzo e l\u2019organizzazione, nelle persone dell\u2019ideatore Mimmo Capozzi e del direttore artistico Gianpiero Renna, annuncia i nomi dei 5 finalisti, in attesa di conoscere anche gli ospiti della kermesse comica. Vincenzo D&#8217;Andretta: scrive i suoi testi di notte facendo il resoconto della giornata appena trascorsa. Spesso mette a confronto il mondo contemporaneo con quello passato. Ha partecipato ad alcuni importanti programmi televisivi campani e ai laboratori di Zelig. Il contesto familiare \u00e8 spesso il pretesto per poter ironizzare sulla realt\u00e0. Marco Giandomenico: attore, imitatore e speaker radiofonico con esperienze che variano dal teatro classico della commedia dell&#8217;arte di Ruzante, diretto dal M\u00b0 Luciano Damiani,&#8230;<\/p>\n","protected":false},"author":2,"featured_media":221032,"comment_status":"open","ping_status":"closed","sticky":false,"template":"","format":"standard","meta":{"footnotes":""},"categories":[7],"tags":[],"class_list":["post-221167","post","type-post","status-publish","format-standard","has-post-thumbnail","hentry","category-news"],"_links":{"self":[{"href":"https:\/\/www.brundisium.net\/index.php\/wp-json\/wp\/v2\/posts\/221167","targetHints":{"allow":["GET"]}}],"collection":[{"href":"https:\/\/www.brundisium.net\/index.php\/wp-json\/wp\/v2\/posts"}],"about":[{"href":"https:\/\/www.brundisium.net\/index.php\/wp-json\/wp\/v2\/types\/post"}],"author":[{"embeddable":true,"href":"https:\/\/www.brundisium.net\/index.php\/wp-json\/wp\/v2\/users\/2"}],"replies":[{"embeddable":true,"href":"https:\/\/www.brundisium.net\/index.php\/wp-json\/wp\/v2\/comments?post=221167"}],"version-history":[{"count":1,"href":"https:\/\/www.brundisium.net\/index.php\/wp-json\/wp\/v2\/posts\/221167\/revisions"}],"predecessor-version":[{"id":221168,"href":"https:\/\/www.brundisium.net\/index.php\/wp-json\/wp\/v2\/posts\/221167\/revisions\/221168"}],"wp:featuredmedia":[{"embeddable":true,"href":"https:\/\/www.brundisium.net\/index.php\/wp-json\/wp\/v2\/media\/221032"}],"wp:attachment":[{"href":"https:\/\/www.brundisium.net\/index.php\/wp-json\/wp\/v2\/media?parent=221167"}],"wp:term":[{"taxonomy":"category","embeddable":true,"href":"https:\/\/www.brundisium.net\/index.php\/wp-json\/wp\/v2\/categories?post=221167"},{"taxonomy":"post_tag","embeddable":true,"href":"https:\/\/www.brundisium.net\/index.php\/wp-json\/wp\/v2\/tags?post=221167"}],"curies":[{"name":"wp","href":"https:\/\/api.w.org\/{rel}","templated":true}]}}