{"id":221212,"date":"2024-03-13T18:31:21","date_gmt":"2024-03-13T17:31:21","guid":{"rendered":"https:\/\/www.brundisium.net\/?p=221212"},"modified":"2024-03-13T18:31:21","modified_gmt":"2024-03-13T17:31:21","slug":"tornato-a-riunirsi-il-comitato-di-vigilanza-sullaccordo-di-programma-inerente-il-villaggio-acque-chiare","status":"publish","type":"post","link":"https:\/\/www.brundisium.net\/index.php\/tornato-a-riunirsi-il-comitato-di-vigilanza-sullaccordo-di-programma-inerente-il-villaggio-acque-chiare\/","title":{"rendered":"Tornato a riunirsi il Comitato di vigilanza sull\u2019Accordo di programma inerente il villaggio Acque Chiare"},"content":{"rendered":"<p>A distanza di 17 anni \u00e8 tornato a riunirsi il Comitato di vigilanza sull\u2019Accordo di programma inerente il villaggio Acque Chiare. L\u2019organo vede la partecipazione del consigliere regionale con delega all\u2019Urbanistica, Stefano Lacatena.<\/p>\n<p>\u00abSono moderatamente ottimista &#8211; dichiara il Sindaco a margine dell\u2019incontro odierno &#8211; perch\u00e9 abbiamo riscontrato dalla struttura tecnica regionale e dalla parte politica rappresentata da Lacatena una disponibilit\u00e0 a considerare vigente il pubblico interesse alla sistemazione di tutto il comparto di Acque Chiare, sottoposto a interventi di rigenerazione urbana, cos\u00ec come gi\u00e0 illustrato nel Piano integrato di rigenerazione urbana. Si \u00e8 convenuto di ricostruire puntualmente tutta l\u2019ipotesi dell\u2019Accordo di programma, fermo al 2007. \u00c8 fondamentale che sia stata riconosciuta come conclamata la vigenza dell\u2019Accordo di programma, che una volta rinnovato dovr\u00e0 passare dalla Conferenza dei servizi\u00bb.<\/p>\n","protected":false},"excerpt":{"rendered":"<p>A distanza di 17 anni \u00e8 tornato a riunirsi il Comitato di vigilanza sull\u2019Accordo di programma inerente il villaggio Acque Chiare. L\u2019organo vede la partecipazione del consigliere regionale con delega all\u2019Urbanistica, Stefano Lacatena. \u00abSono moderatamente ottimista &#8211; dichiara il Sindaco a margine dell\u2019incontro odierno &#8211; perch\u00e9 abbiamo riscontrato dalla struttura tecnica regionale e dalla parte politica rappresentata da Lacatena una disponibilit\u00e0 a considerare vigente il pubblico interesse alla sistemazione di tutto il comparto di Acque Chiare, sottoposto a interventi di rigenerazione urbana, cos\u00ec come gi\u00e0 illustrato nel Piano integrato di rigenerazione urbana. Si \u00e8 convenuto di ricostruire puntualmente tutta l\u2019ipotesi dell\u2019Accordo di programma, fermo al 2007. \u00c8 fondamentale che sia stata riconosciuta come conclamata la vigenza dell\u2019Accordo di programma, che una volta rinnovato dovr\u00e0 passare dalla Conferenza dei servizi\u00bb.<\/p>\n","protected":false},"author":2,"featured_media":160366,"comment_status":"open","ping_status":"closed","sticky":false,"template":"","format":"standard","meta":{"footnotes":""},"categories":[7],"tags":[],"class_list":["post-221212","post","type-post","status-publish","format-standard","has-post-thumbnail","hentry","category-news"],"_links":{"self":[{"href":"https:\/\/www.brundisium.net\/index.php\/wp-json\/wp\/v2\/posts\/221212","targetHints":{"allow":["GET"]}}],"collection":[{"href":"https:\/\/www.brundisium.net\/index.php\/wp-json\/wp\/v2\/posts"}],"about":[{"href":"https:\/\/www.brundisium.net\/index.php\/wp-json\/wp\/v2\/types\/post"}],"author":[{"embeddable":true,"href":"https:\/\/www.brundisium.net\/index.php\/wp-json\/wp\/v2\/users\/2"}],"replies":[{"embeddable":true,"href":"https:\/\/www.brundisium.net\/index.php\/wp-json\/wp\/v2\/comments?post=221212"}],"version-history":[{"count":1,"href":"https:\/\/www.brundisium.net\/index.php\/wp-json\/wp\/v2\/posts\/221212\/revisions"}],"predecessor-version":[{"id":221213,"href":"https:\/\/www.brundisium.net\/index.php\/wp-json\/wp\/v2\/posts\/221212\/revisions\/221213"}],"wp:featuredmedia":[{"embeddable":true,"href":"https:\/\/www.brundisium.net\/index.php\/wp-json\/wp\/v2\/media\/160366"}],"wp:attachment":[{"href":"https:\/\/www.brundisium.net\/index.php\/wp-json\/wp\/v2\/media?parent=221212"}],"wp:term":[{"taxonomy":"category","embeddable":true,"href":"https:\/\/www.brundisium.net\/index.php\/wp-json\/wp\/v2\/categories?post=221212"},{"taxonomy":"post_tag","embeddable":true,"href":"https:\/\/www.brundisium.net\/index.php\/wp-json\/wp\/v2\/tags?post=221212"}],"curies":[{"name":"wp","href":"https:\/\/api.w.org\/{rel}","templated":true}]}}