{"id":221265,"date":"2024-03-14T18:06:42","date_gmt":"2024-03-14T17:06:42","guid":{"rendered":"https:\/\/www.brundisium.net\/?p=221265"},"modified":"2024-03-15T11:11:06","modified_gmt":"2024-03-15T10:11:06","slug":"crisi-socioeconomica-nel-territorio-brindisino-confesercenti-lancia-lallarme-e-promuove-un-incontro-tra-le-parti-sociali","status":"publish","type":"post","link":"https:\/\/www.brundisium.net\/index.php\/crisi-socioeconomica-nel-territorio-brindisino-confesercenti-lancia-lallarme-e-promuove-un-incontro-tra-le-parti-sociali\/","title":{"rendered":"Crisi socioeconomica nel territorio brindisino. Confesercenti lancia l\u2019allarme e promuove un incontro tra le parti sociali"},"content":{"rendered":"<p>Il territorio brindisino sta attraversando, probabilmente, uno dei periodi pi\u00f9 oscuri della sua storia recente, sotto il profilo sociale ed economico. Un percorso discendente, di direzione opposta a quella di altri territori regionali, che parte dalla crisi del settore industriale e che a cascata coinvolge un po\u2019 tutti gli altri settori del tessuto economico del comune capoluogo e dell\u2019intero territorio brindisino.<\/p>\n<p>&nbsp;<\/p>\n<p>Il settore che \u00e8 in fondo a questa scala, \u00e8 il commercio, forse uno degli ultimi anelli della catena di \u201csopravvivenza\u201d, e che comprende le piccole imprese locali, il piccolo artigiano, il negozio di prossimit\u00e0, e cos\u00ec via, \u00e8 quello che ne sta pagando le conseguenze pi\u00f9 negative e aspre, con la chiusura definitiva delle attivit\u00e0.<br \/>\nIl motivo \u00e8 semplice. L\u2019acquirente ha sempre meno denaro in tasca da spendere perch\u00e9 il denaro da salario sta diminuendo. E il salario che si sta perdendo, per la maggior parte, \u00e8 riconducibile a quello di chi lavora nelle grandi aziende, nelle industrie, nelle multinazionali. Mega impianti che abbandonano la citt\u00e0 e i lavoratori al loro destino, lasciando sul territorio solo stracci, esuberi, licenziamenti e cambi di appalto a danno dei salari.<\/p>\n<p>&nbsp;<\/p>\n<p>Ed allora, \u00e8 necessario che ci sia una forte partecipazione sociale, sorretta anche dal principio della sussidiariet\u00e0 orizzontale, cio\u00e8 dall\u2019intervento di soggetti privati e associazioni in genere, cos\u00ec come esplicitato dalla nostra Costituzione, in virt\u00f9 della riforma del Titolo V. Una modalit\u00e0, per certi versi simile al concetto di bilateralit\u00e0, di patto territoriale, chiamiamola come meglio si crede, ma che \u00e9 tesa al superamento del modello conflittuale, favorendo di contro una reale forma di cooperazione tra le parti in gioco.<\/p>\n<p>&nbsp;<\/p>\n<p>Confesercenti vuole confermare e riaffermare il proprio ruolo negli aspetti economico-produttivi del territorio, che non sia legato per\u00f2 agli interessi e al ruolo di altri enti, sicuramente pi\u00f9 complessi e grandi, ma con diversi obiettivi. E lo vuole fare, ribadendo la gravit\u00e0 della situazione economica, ridotta oramai ai minimi termini, facendosi promotrice di un incontro con similari associazioni di categoria, enti o soggetti paritari per esprimere quanto sta accadendo in questi settori del tessuto produttivo locale, con gravi conseguenze per le attivit\u00e0 commerciali e per le famiglie, ponendo le basi per pensare ad una giusta politica di sviluppo generale e complessivo, inglobando in essa anche l\u2019impiego pi\u00f9 idoneo delle risorse rivenienti dai fondi del PNRR, da suggerire poi ai decisori finali. Con il supporto anche delle pi\u00f9 alte e conclamate esperienze in questo ambito.<br \/>\nUn piccolo contribuito, ma necessario in virt\u00f9 della grande preoccupazione che ci attanaglia.<\/p>\n<p>&nbsp;<\/p>\n<p>________________________________________________________________________________________________<br \/>\nConfesercenti della Provincia di Brindisi &#8211; Brindisi Centro Associazione Commercianti<\/p>\n","protected":false},"excerpt":{"rendered":"<p>Il territorio brindisino sta attraversando, probabilmente, uno dei periodi pi\u00f9 oscuri della sua storia recente, sotto il profilo sociale ed economico. Un percorso discendente, di direzione opposta a quella di altri territori regionali, che parte dalla crisi del settore industriale e che a cascata coinvolge un po\u2019 tutti gli altri settori del tessuto economico del comune capoluogo e dell\u2019intero territorio brindisino. &nbsp; Il settore che \u00e8 in fondo a questa scala, \u00e8 il commercio, forse uno degli ultimi anelli della catena di \u201csopravvivenza\u201d, e che comprende le piccole imprese locali, il piccolo artigiano, il negozio di prossimit\u00e0, e cos\u00ec via, \u00e8 quello che ne sta pagando le conseguenze pi\u00f9 negative e aspre, con la chiusura definitiva delle attivit\u00e0. Il motivo \u00e8 semplice. L\u2019acquirente ha sempre meno denaro in tasca da spendere perch\u00e9 il denaro da salario sta diminuendo. E il salario che si sta perdendo, per la maggior parte, \u00e8 riconducibile a quello di chi lavora nelle grandi aziende, nelle industrie, nelle multinazionali. Mega impianti che abbandonano la citt\u00e0 e&#8230;<\/p>\n","protected":false},"author":2,"featured_media":98901,"comment_status":"open","ping_status":"closed","sticky":false,"template":"","format":"standard","meta":{"footnotes":""},"categories":[7],"tags":[],"class_list":["post-221265","post","type-post","status-publish","format-standard","has-post-thumbnail","hentry","category-news"],"_links":{"self":[{"href":"https:\/\/www.brundisium.net\/index.php\/wp-json\/wp\/v2\/posts\/221265","targetHints":{"allow":["GET"]}}],"collection":[{"href":"https:\/\/www.brundisium.net\/index.php\/wp-json\/wp\/v2\/posts"}],"about":[{"href":"https:\/\/www.brundisium.net\/index.php\/wp-json\/wp\/v2\/types\/post"}],"author":[{"embeddable":true,"href":"https:\/\/www.brundisium.net\/index.php\/wp-json\/wp\/v2\/users\/2"}],"replies":[{"embeddable":true,"href":"https:\/\/www.brundisium.net\/index.php\/wp-json\/wp\/v2\/comments?post=221265"}],"version-history":[{"count":2,"href":"https:\/\/www.brundisium.net\/index.php\/wp-json\/wp\/v2\/posts\/221265\/revisions"}],"predecessor-version":[{"id":221268,"href":"https:\/\/www.brundisium.net\/index.php\/wp-json\/wp\/v2\/posts\/221265\/revisions\/221268"}],"wp:featuredmedia":[{"embeddable":true,"href":"https:\/\/www.brundisium.net\/index.php\/wp-json\/wp\/v2\/media\/98901"}],"wp:attachment":[{"href":"https:\/\/www.brundisium.net\/index.php\/wp-json\/wp\/v2\/media?parent=221265"}],"wp:term":[{"taxonomy":"category","embeddable":true,"href":"https:\/\/www.brundisium.net\/index.php\/wp-json\/wp\/v2\/categories?post=221265"},{"taxonomy":"post_tag","embeddable":true,"href":"https:\/\/www.brundisium.net\/index.php\/wp-json\/wp\/v2\/tags?post=221265"}],"curies":[{"name":"wp","href":"https:\/\/api.w.org\/{rel}","templated":true}]}}