{"id":22406,"date":"2014-09-20T09:36:50","date_gmt":"2014-09-20T07:36:50","guid":{"rendered":"http:\/\/www.brundisium.net\/brun\/?p=22406"},"modified":"2016-07-04T17:57:39","modified_gmt":"2016-07-04T15:57:39","slug":"donne-e-libera-scelta-di-guido-giampietro","status":"publish","type":"post","link":"https:\/\/www.brundisium.net\/index.php\/donne-e-libera-scelta-di-guido-giampietro\/","title":{"rendered":"Donne e \u201clibera scelta\u201d. Di Guido Giampietro"},"content":{"rendered":"<p><a href=\"http:\/\/www.brundisium.net\/brun\/wp-content\/uploads\/2014\/09\/lugano-de-blasi.jpg\"><img loading=\"lazy\" decoding=\"async\" class=\"alignleft size-medium wp-image-22407\" src=\"http:\/\/www.brundisium.net\/brun\/wp-content\/uploads\/2014\/09\/lugano-de-blasi-300x300.jpg\" alt=\"lugano de blasi\" width=\"300\" height=\"300\" data-id=\"22407\" srcset=\"https:\/\/www.brundisium.net\/brun\/wp-content\/uploads\/2014\/09\/lugano-de-blasi-300x300.jpg 300w, https:\/\/www.brundisium.net\/brun\/wp-content\/uploads\/2014\/09\/lugano-de-blasi-150x150.jpg 150w, https:\/\/www.brundisium.net\/brun\/wp-content\/uploads\/2014\/09\/lugano-de-blasi-600x600.jpg 600w, https:\/\/www.brundisium.net\/brun\/wp-content\/uploads\/2014\/09\/lugano-de-blasi-60x60.jpg 60w, https:\/\/www.brundisium.net\/brun\/wp-content\/uploads\/2014\/09\/lugano-de-blasi.jpg 640w\" sizes=\"auto, (max-width: 300px) 100vw, 300px\" \/><\/a>In una Lugano settembrina ma viva di luce e colori che, come sassolini, rimbalzano sullo specchio immoto del lago, le uniche macchie scure erano quelle dei <em>niqab<\/em> riflesse dalle vetrine delle boutique della centralissima via Nassa.<\/p>\n<p>&nbsp;<\/p>\n<p>Era la prima volta che mi imbattevo in queste prefiche orientali. E s\u00ec che al nero delle donne del Sud sono abituato, ma qui \u00e8 anche il volto a mostrarsi nero. Anzi, a non mostrarsi affatto, a parte la fessura che lascia nudi gli occhi.<\/p>\n<p>E non mi \u00e8 stato nemmeno possibile udirne le voci, sicch\u00e9 non si \u00e8 dissolto il dubbio che sotto quelle lunghe vesti e veli neri potesse celarsi un uomo col kalashnikov e la bandoliera piena di dinamite&#8230;<\/p>\n<p>&nbsp;<\/p>\n<p>Come \u00e8 possibile, mi sono chiesto, che nella civilissima Svizzera si possa consentire \u02d7 specialmente in questi giorni in cui l\u2019Isis ha dichiarato guerra agli Stati Uniti e ai suoi alleati \u02d7 di circolare liberamente nascondendo la propria identit\u00e0?<\/p>\n<p>Neppure in Italia, negli anni Cinquanta e Sessanta, la polizia consentiva la libera circolazione per strada dei \u201cdomini\u201d, la maschera dei poveracci, quella che \u02d7 nei veglioni \u00a0di carnevale \u02d7 poteva impunemente affiancarsi agli sfarzosi costumi dei benestanti.<\/p>\n<p>&nbsp;<\/p>\n<p><a href=\"http:\/\/www.brundisium.net\/brun\/wp-content\/uploads\/2014\/09\/chador-1.jpg\"><img loading=\"lazy\" decoding=\"async\" class=\"alignright size-medium wp-image-22408\" src=\"http:\/\/www.brundisium.net\/brun\/wp-content\/uploads\/2014\/09\/chador-1-300x201.jpg\" alt=\"chador 1\" width=\"300\" height=\"201\" data-id=\"22408\" srcset=\"https:\/\/www.brundisium.net\/brun\/wp-content\/uploads\/2014\/09\/chador-1-300x201.jpg 300w, https:\/\/www.brundisium.net\/brun\/wp-content\/uploads\/2014\/09\/chador-1-1024x687.jpg 1024w, https:\/\/www.brundisium.net\/brun\/wp-content\/uploads\/2014\/09\/chador-1.jpg 1600w\" sizes=\"auto, (max-width: 300px) 100vw, 300px\" \/><\/a>\u00a0 La prima risposta che mi do \u00e8 che si tratti di una scelta opportunistica che antepone alla sicurezza dei cittadini l\u2019interesse a incamerare anche i soldi dei musulmani d\u2019alto bordo. In fin dei conti, gi\u00e0 \u00a0dai tempi dei Romani, si dice che \u201c<em>pecunia non olet<\/em>\u201d. E dunque che importanza pu\u00f2 avere il particolare che a comprare sia una donna occidentale mezza nuda o una islamica con il <em>burqa<\/em>?<\/p>\n<p>Infatti, a giudicare dalle prestigiose griffe stampigliate sulle piccole e grandi buste che le donne in nero (anche quelle con <em>chador <\/em>e <em>hijab<\/em>) si portano a spasso, c\u2019\u00e8 da concludere che le disponibilit\u00e0 finanziarie di questi turisti un po\u2019 speciali siano veramente notevoli.<\/p>\n<p>Mi chiedo ancora se tutto questo sia in linea con quanto predicato da Maometto e codificato nel Corano. Qui non si tratta di fare la spesa alle bancarelle del mercato rionale, ma di entrare nei negozi che rappresentano il gotha del lusso. E allora come la mettiamo con la tradizione religiosa contrabbandata a ogni pi\u00e8 sospinto?<\/p>\n<p>&nbsp;<\/p>\n<p>Mi torna in mente una immagine che viene dalla Giordania. Non molto tempo fa tante donne \u02d7 come queste infagottate di nero \u02d7 hanno protestato brandendo cartelli che dicevano no ad una proposta di legge governativa intesa a proibire il matrimonio delle bambine con uomini anziani. Una legge di buon senso che si prefiggeva di proteggere l\u2019infanzia rubata, di preservare le adolescenti dai matrimoni infelici, di difendere le bambine dallo stupro consacrato.<\/p>\n<p>Ebbene, la furia della loro disapprovazione veniva giustificata con il richiamo all\u2019amore di Dio: esse, per \u201clibera scelta\u201d, obbedivano alla legge religiosa e difendevano le tradizioni!<\/p>\n<p>&nbsp;<\/p>\n<p>C\u2019\u00e8 da chiedersi se anche le donne che ho visto a Lugano siano realmente convinte di esprimere una \u201clibera scelta\u201d. E se religione e tradizioni consentano acquisti cos\u00ec voluttuosi e cos\u00ec maledettamente costosi.<\/p>\n<p>&nbsp;<\/p>\n<p><a href=\"http:\/\/www.brundisium.net\/brun\/wp-content\/uploads\/2014\/09\/donne-niqab-2.jpg\"><img loading=\"lazy\" decoding=\"async\" class=\"alignleft wp-image-22410 size-medium\" src=\"http:\/\/www.brundisium.net\/brun\/wp-content\/uploads\/2014\/09\/donne-niqab-2-300x252.jpg\" alt=\"donne-niqab-2\" width=\"300\" height=\"252\" data-id=\"22410\" srcset=\"https:\/\/www.brundisium.net\/brun\/wp-content\/uploads\/2014\/09\/donne-niqab-2-300x252.jpg 300w, https:\/\/www.brundisium.net\/brun\/wp-content\/uploads\/2014\/09\/donne-niqab-2-1024x861.jpg 1024w, https:\/\/www.brundisium.net\/brun\/wp-content\/uploads\/2014\/09\/donne-niqab-2.jpg 1226w\" sizes=\"auto, (max-width: 300px) 100vw, 300px\" \/><\/a> Ma l\u2019incontro pi\u00f9 sbalorditivo l\u2019ho fatto, negli stessi giorni, in un outlet di Mendrisio, un paesino distante una quindicina di chilometri da Lugano. Accompagnata dal marito poco pi\u00f9 che trentenne e dal figlioletto di sette-otto anni si aggirava disinvoltamente tra i negozi dell\u2019alta moda occidentale la silhouette inconfondibile di un <em>niqab<\/em>. In questo caso, per\u00f2, la lunga veste di nero cotone appariva di qualit\u00e0 superiore e di un colore \u00e9cru che il gioco delle luci artificiali faceva brillare di mille riflessi.<\/p>\n<p>La stessa donna l\u2019ho rivista pi\u00f9 tardi nel ristorante della struttura. Oltre alle borse e ai pacchetti manteneva in un equilibrio precario il vassoio delle pietanze. Ora che dovr\u00e0 mangiare, mi sono chiesto, se lo toglier\u00e0 il velo che le copre il volto? E magari appariranno le fattezze \u201cgender-neutral\u201d della cantante Conchita Wurst\u2026<\/p>\n<p>Sono rimasto deluso perch\u00e9 il velo non si \u00e8 spostato neppure un poco pur consentendo, come un siparietto, il transito veloce delle cibarie ad una bocca che mi \u00e8 rimasta sconosciuta. Al pari degli occhi. Giacch\u00e9 la fessura dietro cui si celano non \u00e8 sufficiente a scrutarli. Gli occhi, cos\u00ec come i semafori agevolano ai navigatori l\u2019ingresso nei porti, costituiscono la guida pi\u00f9 breve per giungere al cuore delle persone. Invece questi, imprigionati nel taglio della stoffa, sono solo dei buchi neri.<\/p>\n<p>&nbsp;<\/p>\n<p>Dunque l\u2019uso di questi abiti che tutto nascondono \u00e8 dovuto a una \u201clibera scelta? E perch\u00e9 mai nascondere la bellezza? Dostoevskij diceva che \u201c<em>la bellezza salver\u00e0 il mondo<\/em>\u201d e perci\u00f2 \u00e8 un segnale negativo sottrarla alla vista. Personalmente penso che sia addirittura un peccato.<\/p>\n<p>&nbsp;<\/p>\n<p>La verit\u00e0 \u00e8 che fa comodo attribuire a libera scelta ci\u00f2 che invece \u00e8 il risultato di un lungo\u00a0 condizionamento e di una totale ignoranza dei diritti civili. Spesso questo tipo di scelta, che si vuole fare passare per autonoma, \u00e8 figlia di una cultura del dominio maschile fatta di ricatti morali e abitudini alla soggezione.<\/p>\n<p>Sono sicuro che la donna dalla lunga veste \u00e9cru avrebbe voluto circolare a volto scoperto su e gi\u00f9 per i piani di quel finto paradiso terrestre ed avrebbe voluto apparire simile alle \u201cvergini belle come il corallo e i rubini\u201d di cui parla il Profeta. A proibirglielo, ovviamente, il marito, in cambio di quegli acquisti esageratamente generosi.<\/p>\n<p>&nbsp;<\/p>\n<p><a href=\"http:\/\/www.brundisium.net\/brun\/wp-content\/uploads\/2014\/09\/velo-e-iphone.jpg\"><img loading=\"lazy\" decoding=\"async\" class=\"alignright size-medium wp-image-22409\" src=\"http:\/\/www.brundisium.net\/brun\/wp-content\/uploads\/2014\/09\/velo-e-iphone-300x212.jpg\" alt=\"velo e iphone\" width=\"300\" height=\"212\" data-id=\"22409\" srcset=\"https:\/\/www.brundisium.net\/brun\/wp-content\/uploads\/2014\/09\/velo-e-iphone-300x212.jpg 300w, https:\/\/www.brundisium.net\/brun\/wp-content\/uploads\/2014\/09\/velo-e-iphone.jpg 640w\" sizes=\"auto, (max-width: 300px) 100vw, 300px\" \/><\/a>\u00a0 Ma la spiegazione di questa scelta che giudico \u201cnon libera\u201d \u00e8 da ricercarsi anche in quello che Maometto scrisse nel Corano: \u00ab<em>Gli uomini hanno autorit\u00e0 sulle donne perch\u00e9 Dio ha preferito alcune creature ad altre. Perci\u00f2 le donne buone sono obbedienti. Se poi temete che alcune si ribellino, ammonitele, lasciatele sole nei loro letti e poi frustatele\u00bb\u2026<\/em><\/p>\n<p>&nbsp;<\/p>\n<p><em>\u00a0\u00a0 <\/em>Mi chiedo per\u00f2 se il richiamo alla \u201clibera scelta\u201d non sia in atto anche nella moderna e liberissima societ\u00e0 occidentale. Si attribuisce infatti a una libera scelta delle donne la continua esibizione del corpo femminile per ragioni di mercato.<\/p>\n<p>&nbsp;<\/p>\n<p>Ma si pu\u00f2 parlare di una sincera preferenza? O non si tratta, piuttosto, di un sottomettersi al ricatto diffuso: o mostri il tuo corpo in modo volgarmente seducente, o non lavori? La spinta a esibire continuamente la carne nuda, non assomiglia \u02d7 in senso contrario \u02d7 alla ossessiva cancellazione del corpo femminile?<\/p>\n<p>&nbsp;<\/p>\n<p>E allora, se in entrambi i casi non c\u2019\u00e8 una vera e propria libera scelta da parte delle donne, mi chiedo se non sia meglio immaginare una bellezza nascosta da una veste lunghissima colore \u00e9cru piuttosto che \u201csubire\u201d, senza alcuna particolare emozione, un \u201cnude look\u201d che in realt\u00e0 non ci fa vedere niente\u2026<\/p>\n<p>&nbsp;<\/p>\n<p><strong>Guido Giampietro<\/strong><\/p>\n<p><em>\u00a0<\/em><\/p>\n<p>&nbsp;<\/p>\n<p>&nbsp;<\/p>\n","protected":false},"excerpt":{"rendered":"<p>In una Lugano settembrina ma viva di luce e colori che, come sassolini, rimbalzano sullo specchio immoto del lago, le uniche macchie scure erano quelle dei niqab riflesse dalle vetrine delle boutique della centralissima via Nassa. &nbsp; Era la prima volta che mi imbattevo in queste prefiche orientali. E s\u00ec che al nero delle donne del Sud sono abituato, ma qui \u00e8 anche il volto a mostrarsi nero. Anzi, a non mostrarsi affatto, a parte la fessura che lascia nudi gli occhi. E non mi \u00e8 stato nemmeno possibile udirne le voci, sicch\u00e9 non si \u00e8 dissolto il dubbio che sotto quelle lunghe vesti e veli neri potesse celarsi un uomo col kalashnikov e la bandoliera piena di dinamite&#8230; &nbsp; Come \u00e8 possibile, mi sono chiesto, che nella civilissima Svizzera si possa consentire \u02d7 specialmente in questi giorni in cui l\u2019Isis ha dichiarato guerra agli Stati Uniti e ai suoi alleati \u02d7 di circolare liberamente nascondendo la propria identit\u00e0? Neppure in Italia, negli anni Cinquanta e Sessanta, la polizia consentiva&#8230;<\/p>\n","protected":false},"author":2,"featured_media":22411,"comment_status":"open","ping_status":"open","sticky":false,"template":"","format":"standard","meta":{"footnotes":""},"categories":[3129,9],"tags":[18],"class_list":["post-22406","post","type-post","status-publish","format-standard","has-post-thumbnail","hentry","category-guido-giampietro","category-interventi","tag-guido-giampietro"],"_links":{"self":[{"href":"https:\/\/www.brundisium.net\/index.php\/wp-json\/wp\/v2\/posts\/22406","targetHints":{"allow":["GET"]}}],"collection":[{"href":"https:\/\/www.brundisium.net\/index.php\/wp-json\/wp\/v2\/posts"}],"about":[{"href":"https:\/\/www.brundisium.net\/index.php\/wp-json\/wp\/v2\/types\/post"}],"author":[{"embeddable":true,"href":"https:\/\/www.brundisium.net\/index.php\/wp-json\/wp\/v2\/users\/2"}],"replies":[{"embeddable":true,"href":"https:\/\/www.brundisium.net\/index.php\/wp-json\/wp\/v2\/comments?post=22406"}],"version-history":[{"count":1,"href":"https:\/\/www.brundisium.net\/index.php\/wp-json\/wp\/v2\/posts\/22406\/revisions"}],"predecessor-version":[{"id":22412,"href":"https:\/\/www.brundisium.net\/index.php\/wp-json\/wp\/v2\/posts\/22406\/revisions\/22412"}],"wp:featuredmedia":[{"embeddable":true,"href":"https:\/\/www.brundisium.net\/index.php\/wp-json\/wp\/v2\/media\/22411"}],"wp:attachment":[{"href":"https:\/\/www.brundisium.net\/index.php\/wp-json\/wp\/v2\/media?parent=22406"}],"wp:term":[{"taxonomy":"category","embeddable":true,"href":"https:\/\/www.brundisium.net\/index.php\/wp-json\/wp\/v2\/categories?post=22406"},{"taxonomy":"post_tag","embeddable":true,"href":"https:\/\/www.brundisium.net\/index.php\/wp-json\/wp\/v2\/tags?post=22406"}],"curies":[{"name":"wp","href":"https:\/\/api.w.org\/{rel}","templated":true}]}}