{"id":226475,"date":"2024-06-28T12:15:12","date_gmt":"2024-06-28T10:15:12","guid":{"rendered":"https:\/\/www.brundisium.net\/?p=226475"},"modified":"2024-06-28T12:15:12","modified_gmt":"2024-06-28T10:15:12","slug":"verdi-in-citta-un-viaggio-destate-tra-teatro-e-musica","status":"publish","type":"post","link":"https:\/\/www.brundisium.net\/index.php\/verdi-in-citta-un-viaggio-destate-tra-teatro-e-musica\/","title":{"rendered":"Verdi in citt\u00e0: un viaggio d&#8217;estate tra teatro e musica"},"content":{"rendered":"<p><a href=\"https:\/\/www.brundisium.net\/brun\/wp-content\/uploads\/2024\/06\/Locandina-Verdi-in-Citta-2024-1-scaled.jpg\"><img loading=\"lazy\" decoding=\"async\" class=\"alignleft size-medium wp-image-226478\" src=\"https:\/\/www.brundisium.net\/brun\/wp-content\/uploads\/2024\/06\/Locandina-Verdi-in-Citta-2024-1-210x300.jpg\" alt=\"\" width=\"210\" height=\"300\" srcset=\"https:\/\/www.brundisium.net\/brun\/wp-content\/uploads\/2024\/06\/Locandina-Verdi-in-Citta-2024-1-210x300.jpg 210w, https:\/\/www.brundisium.net\/brun\/wp-content\/uploads\/2024\/06\/Locandina-Verdi-in-Citta-2024-1-717x1024.jpg 717w, https:\/\/www.brundisium.net\/brun\/wp-content\/uploads\/2024\/06\/Locandina-Verdi-in-Citta-2024-1-768x1097.jpg 768w, https:\/\/www.brundisium.net\/brun\/wp-content\/uploads\/2024\/06\/Locandina-Verdi-in-Citta-2024-1-1075x1536.jpg 1075w, https:\/\/www.brundisium.net\/brun\/wp-content\/uploads\/2024\/06\/Locandina-Verdi-in-Citta-2024-1-1434x2048.jpg 1434w, https:\/\/www.brundisium.net\/brun\/wp-content\/uploads\/2024\/06\/Locandina-Verdi-in-Citta-2024-1-scaled.jpg 1792w\" sizes=\"auto, (max-width: 210px) 100vw, 210px\" \/><\/a>Una rassegna di teatro e musica. Al via la seconda edizione di \u201cVerdi in Citt\u00e0\u201d, un programma di spettacolo dal vivo che il Comune di Brindisi e il Teatro Pubblico Pugliese &#8211; in collaborazione con la Fondazione Nuovo Teatro Verdi e il Polo Biblio-Museale di Brindisi &#8211; organizzano a Brindisi tra luglio e agosto tratteggiando uno scenario di teatro outdoor. Un percorso che unisce i linguaggi della musica, della letteratura e del teatro, pensato per il pubblico di tutte le et\u00e0 che decide di rimanere in citt\u00e0. L\u2019ingresso \u00e8 libero. Tutti gli spettacoli si terranno alle ore 21 in piazza Duomo nello spazio antistante il Museo archeologico \u201cRibezzo\u201d, salvo il concerto all\u2019alba dell\u201911 agosto.<\/p>\n<p>&nbsp;<\/p>\n<p>Si comincia venerd\u00ec 12 luglio con Gaetano Colella in \u201cIcaro caduto\u201d, per la regia di Enrico Messina. Lo spettacolo \u00e8 il racconto di ci\u00f2 che accade dopo la funesta caduta: dopo lo schianto in mare Icaro non muore. Un pescatore lo raccoglie e lo porta a casa da sua moglie. Icaro cresce, redivivo, in una famiglia pugliese che lo osserva, lo nutre, lo accudisce. Intorno a lui pullula un villaggio di gente curiosa di vedere da vicino com\u2019\u00e8 fatto un angelo caduto dal cielo. Icaro non ha dubbi, non appena riuscir\u00e0 a camminare raggiunger\u00e0 la Sicilia e cercher\u00e0 suo padre. In scena una storia senza tempo: il complesso, delicato e meraviglioso rapporto che lega un figlio a un padre.<\/p>\n<p>&nbsp;<\/p>\n<p>Secondo appuntamento gioved\u00ec 18 luglio con \u201cIl Cinema, la Musica, il Jazz\u201d. L\u2019atmosfera magica di un concerto a lume di candela far\u00e0 da cornice alla piazza per un\u2019esperienza musicale multisensoriale di grande suggestione e bellezza. Al centro della serata un trio, formato da Lisa Manosperti (voce), Mino Lacitignola (tromba) e Andrea Gargiulo (tastiere), con un programma dedicato alle colonne sonore dei film pi\u00f9 celebri della storia del cinema.<\/p>\n<p>&nbsp;<\/p>\n<p>Venerd\u00ec 26 luglio Alessio Vassallo va in scena con \u201cIl grande Gatsby\u201d, protagonista eccentrico, enigmatico ed estremamente sofisticato del romanzo del 1925 di Francis Scott Fitzgerald. Sulla voce del narratore Nick Carraway si dipana la storia di Jay Gatsby &#8211; uomo con un passato sospetto e un presente fatto di di lusso sfrenato e feste sfarzose &#8211; che, oltre ogni apparenza, ha un unico scopo: ritrovare una donna, Daisy Fay, la sua luce verde, metafora delle speranze ma anche dei suoi inganni e delle sue illusioni.<\/p>\n<p>&nbsp;<\/p>\n<p>Silvia Lodi interpreta Nilde Iotti in \u201cNilde mia\u201d, spettacolo in programma venerd\u00ec 2 agosto, scritto e diretto da Paola Leone. La prima Presidente donna della Camera dei Deputati \u00e8 risvegliata dalle voci di un corteo di donne che canta slogan femministi. Questo il pretesto per far tornare in vita anche solo per cinquanta minuti una donna nata cento anni fa, che ha ancora molto da dirci. Un\u2019ora per ripercorrere la sua vita e le molte battaglie di cui si fece fautrice, tra la legge sul divorzio, la riforma del nuovo diritto di famiglia e quella a sostegno del riconoscimento della violenza carnale come crimine contro la persona e non contro la morale. Il racconto di una vita che oggi pi\u00f9 che mai \u00e8 un esempio di buona politica e di emancipazione.<\/p>\n<p>&nbsp;<\/p>\n<p>Domenico Clemente porta in scena venerd\u00ec 9 agosto \u201cEroi, Uomini &amp; Dei\u201d, un viaggio nel tempo, tra terra e mare, attraverso cinquemila anni di storie, miti e leggende che parlano di Dei impostori e senza rispetto, di eroi svogliati e mitomani, di uomini disperati e gradassi. Tra iterazione di miti greci autentici e leggende metropolitane, Clemente evoca i personaggi pi\u00f9 famosi della mitologia, spogliandoli della loro apparente sacralit\u00e0 e avvicinandoli sempre pi\u00f9 al quotidiano e al genere umano.<\/p>\n<p>&nbsp;<\/p>\n<p>Torna domenica 11 agosto, con inizio alle ore 5, il tradizionale concerto all\u2019alba (il sole sorger\u00e0 alle ore 5.55). Luogo designato quest\u2019anno la Scalinata Virgilio. Saranno Antonio Di Lorenzo alla batteria e Davide Saccomanno alle tastiere, con la special guest Jodie Gentile alla voce, a calare la bellezza del risveglio della luce e le vibrazioni della musica d\u2019autore nel silenzio dell\u2019alba, elementi di un concerto capace di unire le influenze internazionali del jazz e del pop, creando un affresco sonoro coinvolgente e variegato. La combinazione dell\u2019organo Hammond di Saccomanno con la batteria e le percussioni di Di Lorenzo ha gi\u00e0 conquistato un gran numero di platee. L\u2019incontro con Jodie Gentile aggiunge una nuova dimensione all\u2019intesa: con la sua voce raffinata, Jodie si \u00e8 esibita nei migliori club di Milano e Las Vegas, oltre a collaborare con nomi di spicco come Arthur Miles.<\/p>\n<p>&nbsp;<\/p>\n<p>Il concerto di Maggiore e Pagliara, voce e piano, venerd\u00ec 16 agosto porta alla luce un nuovo lavoro di canzoni inedite e citazioni musicali ispirate alla tradizione marinaresca della citt\u00e0 di Brindisi della quale sono preziosi testimoni Franco Romanelli, maestro d&#8217;ascia dei Vogatori Remuri, e un gruppo di bambini del territorio riuniti intorno al progetto \u201cLa citt\u00e0 che non c\u2019\u00e8\u201d, condotto con il contributo della cantautrice Paola Petrosillo e il supporto della cooperativa sociale Eridano.<\/p>\n<p>&nbsp;<\/p>\n<p>PROGRAMMA \u201cVERDI IN CITT\u00c0\u201d &#8211; II edizione<\/p>\n<p>Venerd\u00ec 12 luglio ore 21<br \/>\nGaetano Colella<br \/>\nICARO CADUTO<br \/>\nPiazza Duomo | Museo archeologico \u201cRibezzo\u201d<br \/>\nteatro<\/p>\n<p>Gioved\u00ec 18 luglio ore 21<br \/>\nLisa Manosperti, Mino Lacitignola, Andrea Gargiulo<br \/>\nIL CINEMA, LA MUSICA, IL JAZZ<br \/>\nPiazza Duomo | Museo archeologico \u201cRibezzo\u201d<br \/>\nconcerto a lume di candela<\/p>\n<p>Venerd\u00ec 26 luglio ore 21<br \/>\nAlessio Vassallo<br \/>\nIL GRANDE GATSBY<br \/>\ndal romanzo di Francis Scott Fitzgerald<br \/>\nPiazza Duomo | Museo archeologico \u201cRibezzo\u201d<br \/>\nteatro<\/p>\n<p>Venerd\u00ec 2 agosto ore 21<br \/>\nSilvia Lodi<br \/>\nNILDE MIA<br \/>\nla politica di Nilde Iotti e i diritti delle donne<br \/>\nPiazza Duomo | Museo archeologico \u201cRibezzo\u201d<br \/>\nteatro<\/p>\n<p>Venerd\u00ec 9 agosto ore 21<br \/>\nDomenico Clemente<br \/>\nEROI, UOMINI &amp; DEI<br \/>\n\u2026 so\u2019 proprio forti \u2018sti Greci\u2026<br \/>\nPiazza Duomo | Museo archeologico \u201cRibezzo\u201d<br \/>\nteatro<\/p>\n<p>Domenica 11 agosto ore 05<br \/>\nSaccomanno Jazz Band<br \/>\nJodie Gentile, Antonio Di Lorenzo, Davide Saccomanno<br \/>\nCONCERTO ALL\u2019ALBA<br \/>\nScalinata Virgilio<\/p>\n<p>Venerd\u00ec 16 agosto ore 21<br \/>\nVincenzo Maggiore e Giancarlo Pagliara<br \/>\nPresentazione del disco \u201cSECCA D\u2019ACQUA\u201d<br \/>\nPiazza Duomo | Museo archeologico \u201cRibezzo\u201d<br \/>\nmusica<\/p>\n<p>&#8212;<\/p>\n<p>Ufficio Stampa Teatro Pubblico Pugliese<\/p>\n","protected":false},"excerpt":{"rendered":"<p>Una rassegna di teatro e musica. Al via la seconda edizione di \u201cVerdi in Citt\u00e0\u201d, un programma di spettacolo dal vivo che il Comune di Brindisi e il Teatro Pubblico Pugliese &#8211; in collaborazione con la Fondazione Nuovo Teatro Verdi e il Polo Biblio-Museale di Brindisi &#8211; organizzano a Brindisi tra luglio e agosto tratteggiando uno scenario di teatro outdoor. Un percorso che unisce i linguaggi della musica, della letteratura e del teatro, pensato per il pubblico di tutte le et\u00e0 che decide di rimanere in citt\u00e0. L\u2019ingresso \u00e8 libero. Tutti gli spettacoli si terranno alle ore 21 in piazza Duomo nello spazio antistante il Museo archeologico \u201cRibezzo\u201d, salvo il concerto all\u2019alba dell\u201911 agosto. &nbsp; Si comincia venerd\u00ec 12 luglio con Gaetano Colella in \u201cIcaro caduto\u201d, per la regia di Enrico Messina. Lo spettacolo \u00e8 il racconto di ci\u00f2 che accade dopo la funesta caduta: dopo lo schianto in mare Icaro non muore. Un pescatore lo raccoglie e lo porta a casa da sua moglie. Icaro cresce, redivivo, in una&#8230;<\/p>\n","protected":false},"author":2,"featured_media":226477,"comment_status":"open","ping_status":"closed","sticky":false,"template":"","format":"standard","meta":{"footnotes":""},"categories":[7],"tags":[],"class_list":["post-226475","post","type-post","status-publish","format-standard","has-post-thumbnail","hentry","category-news"],"_links":{"self":[{"href":"https:\/\/www.brundisium.net\/index.php\/wp-json\/wp\/v2\/posts\/226475","targetHints":{"allow":["GET"]}}],"collection":[{"href":"https:\/\/www.brundisium.net\/index.php\/wp-json\/wp\/v2\/posts"}],"about":[{"href":"https:\/\/www.brundisium.net\/index.php\/wp-json\/wp\/v2\/types\/post"}],"author":[{"embeddable":true,"href":"https:\/\/www.brundisium.net\/index.php\/wp-json\/wp\/v2\/users\/2"}],"replies":[{"embeddable":true,"href":"https:\/\/www.brundisium.net\/index.php\/wp-json\/wp\/v2\/comments?post=226475"}],"version-history":[{"count":1,"href":"https:\/\/www.brundisium.net\/index.php\/wp-json\/wp\/v2\/posts\/226475\/revisions"}],"predecessor-version":[{"id":226479,"href":"https:\/\/www.brundisium.net\/index.php\/wp-json\/wp\/v2\/posts\/226475\/revisions\/226479"}],"wp:featuredmedia":[{"embeddable":true,"href":"https:\/\/www.brundisium.net\/index.php\/wp-json\/wp\/v2\/media\/226477"}],"wp:attachment":[{"href":"https:\/\/www.brundisium.net\/index.php\/wp-json\/wp\/v2\/media?parent=226475"}],"wp:term":[{"taxonomy":"category","embeddable":true,"href":"https:\/\/www.brundisium.net\/index.php\/wp-json\/wp\/v2\/categories?post=226475"},{"taxonomy":"post_tag","embeddable":true,"href":"https:\/\/www.brundisium.net\/index.php\/wp-json\/wp\/v2\/tags?post=226475"}],"curies":[{"name":"wp","href":"https:\/\/api.w.org\/{rel}","templated":true}]}}