{"id":227021,"date":"2024-07-09T10:48:47","date_gmt":"2024-07-09T08:48:47","guid":{"rendered":"https:\/\/www.brundisium.net\/?p=227021"},"modified":"2024-07-09T10:25:14","modified_gmt":"2024-07-09T08:25:14","slug":"da-ostuni-in-ucraina-per-testimoniare-la-forza-della-nonviolenza","status":"publish","type":"post","link":"https:\/\/www.brundisium.net\/index.php\/da-ostuni-in-ucraina-per-testimoniare-la-forza-della-nonviolenza\/","title":{"rendered":"Da Ostuni in Ucraina per testimoniare la forza della nonviolenza"},"content":{"rendered":"<p>Mobilitazione in provincia di Brindisi di associazioni, cooperative ed istituzioni per organizzare un significativo momento di riflessione e vicinanza al popolo ucraino aderendo all&#8217;iniziativa promossa dal Mean &#8211; Movimento Europeo di Azione Nonviolenta.<br \/>\nMercoled\u00ec 10 luglio, cento attivisti italiani partiranno per Kyiv per una nuova missione (l\u2019undicesima) del MEAN, ed il giorno 11 luglio (giorno di san Benedetto patrono d\u2019Europa) alle ore 17.00 nella piazza di S. Sofia a Kyiv si terr\u00e0 una riflessione e preghiera interreligiosa per la pace in Ucraina.<br \/>\nIn Ostuni ci sar\u00e0 un collegamento in diretta dalla sala mostre della Biblioteca Comunale, a Mesagne lo stesso far\u00e0 la cooperativa OSA in Villa Bianca (ma anche Rutigliano si collegher\u00e0 dalla RSA \u201cSuglia Passeri\u201d), per dare il nostro sostegno e la nostra solidariet\u00e0 agli italiani presenti nella piazza e a tutto il popolo ucraino sofferente. Invitiamo tutti i cittadini a partecipare, affinch\u00e9 la solidariet\u00e0 degli europei giunga al popolo ucraino attraverso un vero legame civile e umano, in nome della nonviolenza attiva.<br \/>\nIl giorno 12 luglio la missione proseguir\u00e0 con un grande incontro di lavoro italo-ucraino articolato attorno a cinque gruppi di approfondimento di temi fondamentali per il post-conflitto (l\u2019istituzione dei Corpi Civili Europei di Pace, l\u2019attivazione di percorsi di riconciliazione e giustizia riparativa, la condivisione delle giuste parole della pace, il ruolo attivo del dialogo interreligioso e le necessit\u00e0 derivanti dagli immensi traumi della guerra).<br \/>\nDa Ostuni partiranno il dottor Francesco Colizzi, psichiatra psicoterapeuta e storico dirigente nazionale dell\u2019Associazione Italiana amici di Follereau (AIFO) che coordiner\u00e0 a Kyiv il 12 luglio il tavolo di lavoro sui Traumi da guerra, e sua figlia Ivana Colizzi, psicologa psicoterapeuta e attuale presidente protempore dell\u2019Istituzione Museo di Ostuni. Poich\u00e9 l\u2019ANCI nazionale sta sostenendo varie iniziative tra Comuni italiani ed ucraini, ad essi il sindaco di Ostuni ha anche affidato ufficialmente l\u2019incarico di \u201cmanifestare l\u2019interesse del Comune di Ostuni a stringere un patto di collaborazione con un Comune ucraino e ad avviare contatti esplorativi in tal senso, comunicando al rientro con apposita relazione i risultati della missione di pace\u201d.<\/p>\n","protected":false},"excerpt":{"rendered":"<p>Mobilitazione in provincia di Brindisi di associazioni, cooperative ed istituzioni per organizzare un significativo momento di riflessione e vicinanza al popolo ucraino aderendo all&#8217;iniziativa promossa dal Mean &#8211; Movimento Europeo di Azione Nonviolenta. Mercoled\u00ec 10 luglio, cento attivisti italiani partiranno per Kyiv per una nuova missione (l\u2019undicesima) del MEAN, ed il giorno 11 luglio (giorno di san Benedetto patrono d\u2019Europa) alle ore 17.00 nella piazza di S. Sofia a Kyiv si terr\u00e0 una riflessione e preghiera interreligiosa per la pace in Ucraina. In Ostuni ci sar\u00e0 un collegamento in diretta dalla sala mostre della Biblioteca Comunale, a Mesagne lo stesso far\u00e0 la cooperativa OSA in Villa Bianca (ma anche Rutigliano si collegher\u00e0 dalla RSA \u201cSuglia Passeri\u201d), per dare il nostro sostegno e la nostra solidariet\u00e0 agli italiani presenti nella piazza e a tutto il popolo ucraino sofferente. Invitiamo tutti i cittadini a partecipare, affinch\u00e9 la solidariet\u00e0 degli europei giunga al popolo ucraino attraverso un vero legame civile e umano, in nome della nonviolenza attiva. Il giorno 12 luglio la missione&#8230;<\/p>\n","protected":false},"author":2,"featured_media":227026,"comment_status":"open","ping_status":"closed","sticky":false,"template":"","format":"standard","meta":{"footnotes":""},"categories":[7],"tags":[],"class_list":["post-227021","post","type-post","status-publish","format-standard","has-post-thumbnail","hentry","category-news"],"_links":{"self":[{"href":"https:\/\/www.brundisium.net\/index.php\/wp-json\/wp\/v2\/posts\/227021","targetHints":{"allow":["GET"]}}],"collection":[{"href":"https:\/\/www.brundisium.net\/index.php\/wp-json\/wp\/v2\/posts"}],"about":[{"href":"https:\/\/www.brundisium.net\/index.php\/wp-json\/wp\/v2\/types\/post"}],"author":[{"embeddable":true,"href":"https:\/\/www.brundisium.net\/index.php\/wp-json\/wp\/v2\/users\/2"}],"replies":[{"embeddable":true,"href":"https:\/\/www.brundisium.net\/index.php\/wp-json\/wp\/v2\/comments?post=227021"}],"version-history":[{"count":1,"href":"https:\/\/www.brundisium.net\/index.php\/wp-json\/wp\/v2\/posts\/227021\/revisions"}],"predecessor-version":[{"id":227027,"href":"https:\/\/www.brundisium.net\/index.php\/wp-json\/wp\/v2\/posts\/227021\/revisions\/227027"}],"wp:featuredmedia":[{"embeddable":true,"href":"https:\/\/www.brundisium.net\/index.php\/wp-json\/wp\/v2\/media\/227026"}],"wp:attachment":[{"href":"https:\/\/www.brundisium.net\/index.php\/wp-json\/wp\/v2\/media?parent=227021"}],"wp:term":[{"taxonomy":"category","embeddable":true,"href":"https:\/\/www.brundisium.net\/index.php\/wp-json\/wp\/v2\/categories?post=227021"},{"taxonomy":"post_tag","embeddable":true,"href":"https:\/\/www.brundisium.net\/index.php\/wp-json\/wp\/v2\/tags?post=227021"}],"curies":[{"name":"wp","href":"https:\/\/api.w.org\/{rel}","templated":true}]}}