{"id":227717,"date":"2024-07-20T07:26:27","date_gmt":"2024-07-20T05:26:27","guid":{"rendered":"https:\/\/www.brundisium.net\/?p=227717"},"modified":"2024-07-20T19:30:04","modified_gmt":"2024-07-20T17:30:04","slug":"vertenza-sir-uil-lavoratori-esasperati-occorre-urgente-presa-di-posizione-contro-azienda","status":"publish","type":"post","link":"https:\/\/www.brundisium.net\/index.php\/vertenza-sir-uil-lavoratori-esasperati-occorre-urgente-presa-di-posizione-contro-azienda\/","title":{"rendered":"Vertenza Sir, Uil: &#8220;lavoratori esasperati, occorre urgente presa di posizione contro azienda&#8221;"},"content":{"rendered":"<p>La manifestazione dei lavoratori di questa mattina a Costa Morena con il blocco dei cancelli di ingresso \u00e8 un segno forte, deciso, inevitabile da parte di tanti lavoratori brindisini che fra pochi giorni saranno a casa non gi\u00e0 per godere di un periodo di ferie ma perch\u00e9 \u00abcollocati a riposo definitivo\u00bb, licenziati dalla propria azienda, la SIR. Una azione di protesta importante alla quale sono stati presenti, fra gli altri, il Segr. regionale UIL con delega all\u2019Industria Andrea Toma, il Coordinatore provinciale della UIL di Brindisi Fabrizio Caliolo, il Segr. regionale UIL Trasporti Mino Greco ed il Segr. Territoriale della UIL Trasporti Mario Greco.<br \/>\nIl Sindacato segue da tempo le vicende e le preoccupazioni che tale vertenza ha provocato nelle tante famiglie coinvolte in modo diretto e nelle centinaia legate all\u2019indotto. Con SIR \u00e8 in corso un dialogo istituzionale e sindacale ma le risposte concrete tardano ad arrivare. Da qui un gesto forte da parte dei lavoratori esasperati.<br \/>\nL\u2019Azienda SIR ha le sue responsabilit\u00e0 e le si sta richiamando con attenzione e forza. Tuttavia non possiamo dimenticare come la situazione del comparto industriale a Brindisi sia grave e preoccupante ben oltre la sola azienda SIR. Lo denunciamo da tempo &#8211; da mesi! &#8211; ma le nostre sembrano voci nel deserto istituzionale, grida d\u2019allarme derubricate a proteste di facciata, tanto che una delle Aziende protagoniste dell\u2019Industria brindisina, Enel, tra l\u2019altro legata a doppio filo con le vicende che hanno portato al licenziamento dei lavoratori SIR, continua ad ignorare deliberatamente le sollecitazioni che giornalmente, da mesi, i Sindacati ed i lavoratori pretendono.<br \/>\nPer il Sindacato l\u2019importante crisi che stringe in una morsa Brindisi trova origine nell\u2019atteggiamento inaccettabile di Enel, imitato a ruota da tutta una serie di Aziende e Gruppi. Se Enel, che di Brindisi e della sua zona industriale per decenni ha fatto buono e cattivo tempo, pu\u00f2 abbandonare il territorio senza proporre progettualit\u00e0 significative \u2013 anzi umiliandolo con progettualit\u00e0 monche e senza respiro \u2013 c\u2019\u00e8 da aspettarsi che allo stesso modo agiranno altri gruppi con conseguenze disastrose facilmente immaginabili.<br \/>\nIl Sindacato prosegue ad oltranza il suo impegno per i lavoratori SIR ed al contempo sollecita con forza ed urgenza ai rappresenti istituzionali locali, regionali e nazionali una presa di posizione netta ed inequivoca verso Enel. Le vertenze industriali sono molte ed altre ne arriveranno a breve: se si perde in partenza la battaglia con Enel di giornate come oggi se ne vivranno sempre pi\u00f9: \u00e8 l\u2019esasperazione sociale che il Sindacato ha ricordato a Prefetto e Ministro nell\u2019incontro vissuto in settimana.<br \/>\n\u00ab\u00c8 da mesi \u2013 ha dichiarato il Coordinatore provinciale della UIL di Brindisi Fabrizio Caliolo &#8211; che assistiamo ad una schizofrenia istituzionale sul tema della Transizione Energetica, con attese e risposte che tardano ad arrivare. In questo vuoto istituzionale le Aziende governano il processo autonomamente dismettendo interi settori produttivi. \u00c8 il momento di colmare questo vuoto istituzionale che sta circondando pericolosamente Brindisi ed i brindisini con danni a breve e medio periodo incalcolabili\u00bb.<\/p>\n<p>il Coordinatore provinciale UIL Brindisi<br \/>\nFabrizio Caliolo<\/p>\n","protected":false},"excerpt":{"rendered":"<p>La manifestazione dei lavoratori di questa mattina a Costa Morena con il blocco dei cancelli di ingresso \u00e8 un segno forte, deciso, inevitabile da parte di tanti lavoratori brindisini che fra pochi giorni saranno a casa non gi\u00e0 per godere di un periodo di ferie ma perch\u00e9 \u00abcollocati a riposo definitivo\u00bb, licenziati dalla propria azienda, la SIR. Una azione di protesta importante alla quale sono stati presenti, fra gli altri, il Segr. regionale UIL con delega all\u2019Industria Andrea Toma, il Coordinatore provinciale della UIL di Brindisi Fabrizio Caliolo, il Segr. regionale UIL Trasporti Mino Greco ed il Segr. Territoriale della UIL Trasporti Mario Greco. Il Sindacato segue da tempo le vicende e le preoccupazioni che tale vertenza ha provocato nelle tante famiglie coinvolte in modo diretto e nelle centinaia legate all\u2019indotto. Con SIR \u00e8 in corso un dialogo istituzionale e sindacale ma le risposte concrete tardano ad arrivare. Da qui un gesto forte da parte dei lavoratori esasperati. L\u2019Azienda SIR ha le sue responsabilit\u00e0 e le si sta richiamando con&#8230;<\/p>\n","protected":false},"author":2,"featured_media":212093,"comment_status":"open","ping_status":"closed","sticky":false,"template":"","format":"standard","meta":{"footnotes":""},"categories":[7],"tags":[],"class_list":["post-227717","post","type-post","status-publish","format-standard","has-post-thumbnail","hentry","category-news"],"_links":{"self":[{"href":"https:\/\/www.brundisium.net\/index.php\/wp-json\/wp\/v2\/posts\/227717","targetHints":{"allow":["GET"]}}],"collection":[{"href":"https:\/\/www.brundisium.net\/index.php\/wp-json\/wp\/v2\/posts"}],"about":[{"href":"https:\/\/www.brundisium.net\/index.php\/wp-json\/wp\/v2\/types\/post"}],"author":[{"embeddable":true,"href":"https:\/\/www.brundisium.net\/index.php\/wp-json\/wp\/v2\/users\/2"}],"replies":[{"embeddable":true,"href":"https:\/\/www.brundisium.net\/index.php\/wp-json\/wp\/v2\/comments?post=227717"}],"version-history":[{"count":1,"href":"https:\/\/www.brundisium.net\/index.php\/wp-json\/wp\/v2\/posts\/227717\/revisions"}],"predecessor-version":[{"id":227722,"href":"https:\/\/www.brundisium.net\/index.php\/wp-json\/wp\/v2\/posts\/227717\/revisions\/227722"}],"wp:featuredmedia":[{"embeddable":true,"href":"https:\/\/www.brundisium.net\/index.php\/wp-json\/wp\/v2\/media\/212093"}],"wp:attachment":[{"href":"https:\/\/www.brundisium.net\/index.php\/wp-json\/wp\/v2\/media?parent=227717"}],"wp:term":[{"taxonomy":"category","embeddable":true,"href":"https:\/\/www.brundisium.net\/index.php\/wp-json\/wp\/v2\/categories?post=227717"},{"taxonomy":"post_tag","embeddable":true,"href":"https:\/\/www.brundisium.net\/index.php\/wp-json\/wp\/v2\/tags?post=227717"}],"curies":[{"name":"wp","href":"https:\/\/api.w.org\/{rel}","templated":true}]}}