{"id":228033,"date":"2024-07-25T13:07:48","date_gmt":"2024-07-25T11:07:48","guid":{"rendered":"https:\/\/www.brundisium.net\/?p=228033"},"modified":"2024-07-26T13:16:17","modified_gmt":"2024-07-26T11:16:17","slug":"visita-istituzionale-del-prefetto-carnevale-a-san-vito-dei-normanni","status":"publish","type":"post","link":"https:\/\/www.brundisium.net\/index.php\/visita-istituzionale-del-prefetto-carnevale-a-san-vito-dei-normanni\/","title":{"rendered":"Visita istituzionale del Prefetto Carnevale a San Vito dei Normanni"},"content":{"rendered":"<p>Il Prefetto di Brindisi, S.E. Luigi Carnevale, \u00e8 stato in vista istituzionale, questa mattina, nella Citt\u00e0 di San Vito dei Normanni. Ad accoglierlo nell\u2019aula consiliare aperta per la prima volta dopo i recenti lavori di restauro, il Sindaco, prof.ssa Silvana Errico, i Consiglieri comunali e la Giunta municipale con i vertici dei settori amministrativi, ex amministratori nonch\u00e9 rappresentanti delle forze dell\u2019Ordine e rappresentanti di associazioni ed organismi della Societ\u00e0 civile.<br \/>\n\u201cQuesta \u00e8 la sala della democrazia, degli incontri e degli scontri \u2013 ha detto in esordio il sindaco Errico -, ma le dico che in quest\u2019aula si analizza, si ascolta e si decide e sono fortunata ad avere un Consiglio in cui non c\u2019\u00e8 l\u2019attacco, ma la discussione per fare bene e meglio\u201d. Quindi ha presentato la macchina amministrativa e le rappresentanze di una \u201ccitt\u00e0 combattiva\u201d che, fra operatori economici e imprenditori, ha vissuto \u201cun\u2019esperienza che \u00e8 diventata storia, perch\u00e9 eravamo perdenti e ora siamo vincitori\u201d. E non sono mancati, nel discorso del sindaco, i riferimenti alle realt\u00e0 ecclesiali, ai giovani che decidono di proseguire nelle attivit\u00e0 economiche e commerciali avviate dai padri, alla \u201csociet\u00e0 civile che partecipa attivamente perch\u00e9 sia sempre pi\u00f9 una citt\u00e0 che collabora, che pu\u00f2 crescere e si sviluppa\u201d. \u201cLa presenza \u2013 ha concluso il sindaco Errico &#8211; significa che possiamo essere collaborativi, che i tanti problemi che un sindaco deve affrontare vedono che c\u2019\u00e8 qualcuno che vigila, con quella vigilanza buona, che d\u00e0 fiducia e forza per impegnarsi sempre di pi\u00f9 non solo nella politica, ma anche nella societ\u00e0 civile\u201d.<br \/>\n\u201cSono stato accolto, come meglio non potevo immaginare, dalla sindaca Errico, che con il suo noto entusiasmo e la sua passione, ha voluto presentarmi ovviamente i membri del Consiglio e della giunta, i vertici dell\u2019Amministrazione e tutte le componenti sociali della citt\u00e0 di San Vito e i rappresentanti anche di quell\u2019associazionismo che \u00e8 vicino alle figure pi\u00f9 fragili di questa comunit\u00e0 \u2013 ha detto il prefetto Carnevale all\u2019uscita dal Municipio -: un modello virtuoso di utilizzo della politica come strumento di crescita di questa comunit\u00e0, che ha una storia millenaria e pu\u00f2 vantarsi di avere eredi cos\u00ec operosi di quella comunit\u00e0, che ha dato origine a questa citt\u00e0. Per me una splendida occasione di tuffarmi, anche in questa realt\u00e0, attraverso appunto l\u2019accoglienza del Consiglio comunale, in questa sala, che considero tempio della democrazia e quindi occasione per poter anche portare loro il mio saluto e il mio augurio per ulteriori successi nella crescita degli uomini e delle donne di questa comunit\u00e0\u201d.<br \/>\nLa mattinata sanvitese del Prefetto Carnevale ha vissuto ulteriori significativi momenti nella visita della Chiesa di S. Giovanni, dov\u2019\u00e8 allestita una mostra che ricorda il percorso storico-giuridico-sociale di San Vito \u201cda Paese a Citt\u00e0\u201d, nonch\u00e9 in un tour culturale presso il castello Dentice di Frasso, dove \u00e8 stato accolto dal principe Giuliano Dentice di Frasso, che ha fatto anche da guida di eccezione. Ancora momenti particolari S.E. il Prefetto li ha vissuti presso la biblioteca civica \u201cGiovanni XXIII\u201d dove ha potuto conoscere le peculiarit\u00e0 di questa istituzione culturale, che cura anche la memoria di due illustri figli della citt\u00e0 (Leonardo Leo e Giuseppe Lanza del Vasto) e presso la pasticceria sociale \u201cVirgola\u201d, un\u2019eccellenza di inclusivit\u00e0 premiata anche dal Presidente della Repubblica.<\/p>\n","protected":false},"excerpt":{"rendered":"<p>Il Prefetto di Brindisi, S.E. Luigi Carnevale, \u00e8 stato in vista istituzionale, questa mattina, nella Citt\u00e0 di San Vito dei Normanni. Ad accoglierlo nell\u2019aula consiliare aperta per la prima volta dopo i recenti lavori di restauro, il Sindaco, prof.ssa Silvana Errico, i Consiglieri comunali e la Giunta municipale con i vertici dei settori amministrativi, ex amministratori nonch\u00e9 rappresentanti delle forze dell\u2019Ordine e rappresentanti di associazioni ed organismi della Societ\u00e0 civile. \u201cQuesta \u00e8 la sala della democrazia, degli incontri e degli scontri \u2013 ha detto in esordio il sindaco Errico -, ma le dico che in quest\u2019aula si analizza, si ascolta e si decide e sono fortunata ad avere un Consiglio in cui non c\u2019\u00e8 l\u2019attacco, ma la discussione per fare bene e meglio\u201d. Quindi ha presentato la macchina amministrativa e le rappresentanze di una \u201ccitt\u00e0 combattiva\u201d che, fra operatori economici e imprenditori, ha vissuto \u201cun\u2019esperienza che \u00e8 diventata storia, perch\u00e9 eravamo perdenti e ora siamo vincitori\u201d. E non sono mancati, nel discorso del sindaco, i riferimenti alle realt\u00e0 ecclesiali, ai&#8230;<\/p>\n","protected":false},"author":2,"featured_media":228034,"comment_status":"open","ping_status":"closed","sticky":false,"template":"","format":"standard","meta":{"footnotes":""},"categories":[7],"tags":[],"class_list":["post-228033","post","type-post","status-publish","format-standard","has-post-thumbnail","hentry","category-news"],"_links":{"self":[{"href":"https:\/\/www.brundisium.net\/index.php\/wp-json\/wp\/v2\/posts\/228033","targetHints":{"allow":["GET"]}}],"collection":[{"href":"https:\/\/www.brundisium.net\/index.php\/wp-json\/wp\/v2\/posts"}],"about":[{"href":"https:\/\/www.brundisium.net\/index.php\/wp-json\/wp\/v2\/types\/post"}],"author":[{"embeddable":true,"href":"https:\/\/www.brundisium.net\/index.php\/wp-json\/wp\/v2\/users\/2"}],"replies":[{"embeddable":true,"href":"https:\/\/www.brundisium.net\/index.php\/wp-json\/wp\/v2\/comments?post=228033"}],"version-history":[{"count":1,"href":"https:\/\/www.brundisium.net\/index.php\/wp-json\/wp\/v2\/posts\/228033\/revisions"}],"predecessor-version":[{"id":228035,"href":"https:\/\/www.brundisium.net\/index.php\/wp-json\/wp\/v2\/posts\/228033\/revisions\/228035"}],"wp:featuredmedia":[{"embeddable":true,"href":"https:\/\/www.brundisium.net\/index.php\/wp-json\/wp\/v2\/media\/228034"}],"wp:attachment":[{"href":"https:\/\/www.brundisium.net\/index.php\/wp-json\/wp\/v2\/media?parent=228033"}],"wp:term":[{"taxonomy":"category","embeddable":true,"href":"https:\/\/www.brundisium.net\/index.php\/wp-json\/wp\/v2\/categories?post=228033"},{"taxonomy":"post_tag","embeddable":true,"href":"https:\/\/www.brundisium.net\/index.php\/wp-json\/wp\/v2\/tags?post=228033"}],"curies":[{"name":"wp","href":"https:\/\/api.w.org\/{rel}","templated":true}]}}