{"id":228112,"date":"2024-07-28T17:15:22","date_gmt":"2024-07-28T15:15:22","guid":{"rendered":"https:\/\/www.brundisium.net\/?p=228112"},"modified":"2024-07-28T17:15:22","modified_gmt":"2024-07-28T15:15:22","slug":"sabato-3-agosto-torna-la-notte-ercolana","status":"publish","type":"post","link":"https:\/\/www.brundisium.net\/index.php\/sabato-3-agosto-torna-la-notte-ercolana\/","title":{"rendered":"Sabato 3 Agosto torna &#8220;La Notte Ercolana&#8221;"},"content":{"rendered":"<p>Con lo scopo di valorizzare e recuperare le tradizioni del nostro paese, ritorna Sabato 3 Agosto 2024 ad Erchie (Br) \u201cLa Notte Ercolana\u201d. Eventi musicali, festival degli artisti di strada, street food, mercatini, spettacoli, mostre, spazio per i pi\u00f9 piccoli, tutto questo nel centro storico ercolano. Questa iniziativa nasce dalla collaborazione tra Pro Loco Erchie, il Comune di Erchie, le attivit\u00e0 commerciali e le associazioni locali. La serata sar\u00e0 accompagnata dalla musica, che, in estate, sembra avvolgere e abbracciare tutto e tutti. Il concerto degli Apr\u00e8s La Classe far\u00e0 da cornice a questa lunga notte all\u2019insegna del divertimento, che rappresenta un punto di ritrovo da cui tutto riparte per far rifiorire la nostra Erchie, aspettando l\u2019alba del nuovo giorno.<br \/>\nAd aprire \u201cLa Notte Ercolana\u201d alle ore 21.00, sar\u00e0 itinerante della banda musicale \u201cD. Nicol\u00ec\u201d di Erchie diretta dal Maestro Giuseppe Carrozzo.<br \/>\nPiazza Umberto I e il Parco delle Rimebranze sar\u00e0 luogo di esibizione di molteplici artisti di strada, mentre nella zona Carceri sar\u00e0 dato spazio all\u2019area degustazioni con il \u201cWine fest \u2013 Calici di Solidariet\u00e0\u201d e \u201cStrada degli antichi Sapori\u201d a cura di Associazioni e cantine locali.<br \/>\nIn via grassi \u00e8 prevista una raccolta straordinaria di sangue a cura di Avis Erchie.<br \/>\nNel Palazzo Ducale si terr\u00e0 la mostra d\u2019Arte del Maestro Pasquale Scarciglia &#8220;I colori della nostra terra&#8221;.<br \/>\nE\u2019 prevista, inoltre, l\u2019apertura straordinaria dei Luoghi di Culto, con possibilit\u00e0 di visite guidate. Sar\u00e0 possibile visitare il Santuario di Santa Lucia, dove all\u2019interno vi \u00e8 la mostra fotografica \u201cAlla riscoperta delle tradizioni\u201d a cura di Feste Patronali in Tour.<br \/>\nSar\u00e0 presentata la mostra fotografica dal titolo &#8220;Notti di Luna&#8221; a cura di G. Ciccarese e D. Sammarco per vivere un&#8217;esperienza sensoriale tra suoni, immagini e luci.<br \/>\nNei pressi di Via Risorgimento \u2013 Piazzale Scuole Elementari sar\u00e0 allestita un\u2019area per i pi\u00f9 piccoli, con giochi per bambini, truccabimbi, palloncini modellabili, giochi gonfiabili e tanti gadget a cura di APS Controcultura.<br \/>\nLungo Via Roma e Via Grassi, sono previsti diversi spettacoli musicali nei pressi delle attivit\u00e0 commerciali del posto.<br \/>\nAlle ore 23.00 il grande spettacolo in Piazza Umberto I con il concerto degli \u201cApres la Classe\u201d, band salentina, che mescola ska, pop e dance.<\/p>\n","protected":false},"excerpt":{"rendered":"<p>Con lo scopo di valorizzare e recuperare le tradizioni del nostro paese, ritorna Sabato 3 Agosto 2024 ad Erchie (Br) \u201cLa Notte Ercolana\u201d. Eventi musicali, festival degli artisti di strada, street food, mercatini, spettacoli, mostre, spazio per i pi\u00f9 piccoli, tutto questo nel centro storico ercolano. Questa iniziativa nasce dalla collaborazione tra Pro Loco Erchie, il Comune di Erchie, le attivit\u00e0 commerciali e le associazioni locali. La serata sar\u00e0 accompagnata dalla musica, che, in estate, sembra avvolgere e abbracciare tutto e tutti. Il concerto degli Apr\u00e8s La Classe far\u00e0 da cornice a questa lunga notte all\u2019insegna del divertimento, che rappresenta un punto di ritrovo da cui tutto riparte per far rifiorire la nostra Erchie, aspettando l\u2019alba del nuovo giorno. Ad aprire \u201cLa Notte Ercolana\u201d alle ore 21.00, sar\u00e0 itinerante della banda musicale \u201cD. Nicol\u00ec\u201d di Erchie diretta dal Maestro Giuseppe Carrozzo. Piazza Umberto I e il Parco delle Rimebranze sar\u00e0 luogo di esibizione di molteplici artisti di strada, mentre nella zona Carceri sar\u00e0 dato spazio all\u2019area degustazioni con il \u201cWine&#8230;<\/p>\n","protected":false},"author":2,"featured_media":228114,"comment_status":"open","ping_status":"closed","sticky":false,"template":"","format":"standard","meta":{"footnotes":""},"categories":[7],"tags":[],"class_list":["post-228112","post","type-post","status-publish","format-standard","has-post-thumbnail","hentry","category-news"],"_links":{"self":[{"href":"https:\/\/www.brundisium.net\/index.php\/wp-json\/wp\/v2\/posts\/228112","targetHints":{"allow":["GET"]}}],"collection":[{"href":"https:\/\/www.brundisium.net\/index.php\/wp-json\/wp\/v2\/posts"}],"about":[{"href":"https:\/\/www.brundisium.net\/index.php\/wp-json\/wp\/v2\/types\/post"}],"author":[{"embeddable":true,"href":"https:\/\/www.brundisium.net\/index.php\/wp-json\/wp\/v2\/users\/2"}],"replies":[{"embeddable":true,"href":"https:\/\/www.brundisium.net\/index.php\/wp-json\/wp\/v2\/comments?post=228112"}],"version-history":[{"count":1,"href":"https:\/\/www.brundisium.net\/index.php\/wp-json\/wp\/v2\/posts\/228112\/revisions"}],"predecessor-version":[{"id":228115,"href":"https:\/\/www.brundisium.net\/index.php\/wp-json\/wp\/v2\/posts\/228112\/revisions\/228115"}],"wp:featuredmedia":[{"embeddable":true,"href":"https:\/\/www.brundisium.net\/index.php\/wp-json\/wp\/v2\/media\/228114"}],"wp:attachment":[{"href":"https:\/\/www.brundisium.net\/index.php\/wp-json\/wp\/v2\/media?parent=228112"}],"wp:term":[{"taxonomy":"category","embeddable":true,"href":"https:\/\/www.brundisium.net\/index.php\/wp-json\/wp\/v2\/categories?post=228112"},{"taxonomy":"post_tag","embeddable":true,"href":"https:\/\/www.brundisium.net\/index.php\/wp-json\/wp\/v2\/tags?post=228112"}],"curies":[{"name":"wp","href":"https:\/\/api.w.org\/{rel}","templated":true}]}}